{"id":28733,"date":"2022-07-31T08:36:49","date_gmt":"2022-07-31T14:36:49","guid":{"rendered":"https:\/\/eloficiodehistoriar.com.mx\/?p=28733"},"modified":"2022-07-31T08:36:49","modified_gmt":"2022-07-31T14:36:49","slug":"en-rumbo-al-exilio-final-inclui-anecdotas-significativas-de-julio-labastida-hoy-para-celebrarlo-abundo","status":"publish","type":"post","link":"https:\/\/eloficiodehistoriar.com.mx\/?p=28733","title":{"rendered":"En\u00a0\u00abRumbo al exilio final\u00bb\u00a0inclu\u00ed an\u00e9cdotas significativas de Julio Labastida, hoy, para celebrarlo abundo"},"content":{"rendered":"<div id=\"article-cont\" class=\"main-cont article-cont analysis\">\n<div class=\"cabeza\">Un peque\u00f1o retrato<\/div>\n<div class=\"sumarios\"><\/div>\n<div class=\"credito-articulo\">B\u00e1rbara Jacobs<\/div>\n<div><\/div>\n<div id=\"article-text\" class=\"text\">\n<div class=\"col col1\">\n<div class=\"inicial\">Con particular emoci\u00f3n,\u00a0quiero recordar aqu\u00ed, con todo, todo cari\u00f1o, a Julio Labastida, pues, si no hubiera fallecido el 23 de septiembre de 2021, \u00a1ay!, el pr\u00f3ximo 21 de octubre habr\u00eda cumplido 84 a\u00f1os de edad.<\/div>\n<p>Aun cuando en\u00a0<em>Rumbo al exilio final\u00a0<\/em>inclu\u00ed an\u00e9cdotas significativas de Julio, hoy, para celebrarlo, voy a abundar en ellas.<\/p>\n<p>Julio y yo nos conocimos en alg\u00fan momento de mediados de la d\u00e9cada de los 70, a partir del\u00a0<q>sicoan\u00e1lisis profundo<\/q>\u00a0(seg\u00fan se llamaba, cl\u00ednicamente hablando; el primero de dos tratamientos de esta \u00edndole a los que me somet\u00ed, con la misma analista, en mi vida, hoy de 74 a\u00f1os de edad).<\/p>\n<p>Como quiera que sea, la segunda parte de aqu\u00e9l, mi primer tratamiento sicoanal\u00edtico, transcurri\u00f3 en grupo, radicalmente diferente, aunque tan efectivo uno como el otro, de la primera, aproximadamente de un par de a\u00f1os de duraci\u00f3n, que yo atraves\u00e9 desde el div\u00e1n. En el grupo fuimos siempre ocho integrantes, no todos fijos, algunos fueron temporales, aunque Julio y yo s\u00ed empezamos y terminamos (algo que, se sabe, no termina nunca) hasta haber sido dados de alta, se crea o no, un pu\u00f1ado de a\u00f1os despu\u00e9s.<\/p>\n<p>\u00a1C\u00f3mo goc\u00e9 la compa\u00f1\u00eda, el compa\u00f1erismo y hasta la familiaridad con Julio!<\/p>\n<p>En el libro que menciono m\u00e1s arriba (que es una autobiograf\u00eda espec\u00edficamente dedicada a los libros y mi trabajo literario), he incluido an\u00e9cdotas destacables y, siempre recordadas con enorme afecto, pero hoy, aqu\u00ed, quiero abundar un poco en ellas, dec\u00eda, precisamente lo que fue mi larga, duradera, divertida, \u00fanica, relaci\u00f3n con \u00e9l.<\/p>\n<p>Juntos y, simult\u00e1neamente cada uno en busca, a la expectativa, de su propia\u00a0<q>pareja para la vida<\/q>, la misma sicoanalista, tan rigurosa como era, no pon\u00eda el menor reparo en que Julio y yo nos vi\u00e9ramos fuera de la sesi\u00f3n.<\/p>\n<p>Querido Julio, \u00a1qu\u00e9 extra\u00f1o es seguir viva, seguir activa, atraviese y atraviese una experiencia tras otra, y no poder ni siquiera imaginar en compartirlas en una pl\u00e1tica contigo!<\/p>\n<p>El gran Julio, siempre con la camisa, por detr\u00e1s, m\u00e1s o menos de fuera; siempre, con un l\u00e1piz atravesado entre los dientes, distra\u00eddo, casi ingenuamente asombrado, sonriente. Registro aqu\u00ed en su recuerdo, imborrable para m\u00ed, sus importantes logros acad\u00e9micos (incluso lleg\u00f3 a ser coordinador de Humanidades), sus publicaciones sociol\u00f3gicas, su honestidad.<\/p>\n<\/div>\n<div class=\"col col2\">\n<p>Tuvimos una amistad permanente a la par que fugaz, finalmente, lamentablemente interrumpida por \u00e9l o por m\u00ed, y no recuperada.<\/p>\n<p>Seg\u00fan recuerdo, \u00e9l mismo lleg\u00f3 a llamarme y darme la noticia del nacimiento de su primera hija, y mi reacci\u00f3n, o lo asust\u00f3 a \u00e9l o a su esposa, pues cuando le expres\u00e9, emocionada, que me gustar\u00eda visitarlos en el hospital, \u00e9l, quiz\u00e1 vacilando un poco, quiz\u00e1 preguntando a se\u00f1as a su esposa si mi presencia ser\u00eda bienvenida, infortunadamente me dijo que prefer\u00edan que no, que no los visitara en el hospital. \u00a1Nada que hacer! Colgu\u00e9 el auricular, no niego que con palpitaciones agitadas, ante una negativa tan inesperada, tan dolorosa para m\u00ed. Signific\u00f3 que nuestra amistad, al menos activa, hab\u00eda terminado.<\/p>\n<p>Por suerte, conservo recuerdos muy antiguos de lo divertido que era Julio antes de casarse, de lo atento conmigo y con mi familia. Por ejemplo, asisti\u00f3 al velorio de mi pap\u00e1, nos acompa\u00f1\u00f3 cuando mam\u00e1 deposit\u00f3 la urna con sus cenizas con las de la familia.<\/p>\n<p>Estoy casi segura de que la \u00faltima vez que vi a Julio, mi amigo que cre\u00ed, que esper\u00e9, que fuera un amigo m\u00edo de toda la vida.<\/p>\n<p>Con frecuencia, vuelvo a la ocasi\u00f3n en que, sentados en la barra de un caf\u00e9, yo a su izquierda, en el intermedio de no s\u00e9 qu\u00e9 obra de teatro que fuimos a ver, \u00edbamos seguido, de pronto vi c\u00f3mo Julio tomaba el plato de una se\u00f1ora sentada a su lado derecho y, sin m\u00e1s, consum\u00eda los restos del platillo ajeno.<\/p>\n<p>Julio fue tan querido por m\u00ed y por mi familia entera que estuvimos a punto de emparentar. Julio se enamor\u00f3 de mi adorada prima hermana, Mercedes Barquet Montan\u00e9, de mi misma edad, casi exacta, con quien, entre otros 17 nietos de mi abuelo materno, compartimos todos, a lo largo de nuestra infancia y primera juventud, el mismo cerco familiar, parentesco incluso hasta deseado con Julio, que se frustr\u00f3.<\/p>\n<p>\u00a1Ay, Julio! Tengo pr\u00e1cticamente s\u00f3lo recuerdos agradables de aquella \u00e9poca, lejan\u00edsima, que yo cre\u00ed, que esper\u00e9, que se prolongar\u00eda intacta hasta el final. Te extra\u00f1o. \u00a1C\u00f3mo te quise!<\/p>\n<p class=\"email\">\n<\/div>\n<\/div>\n<div class=\"go gui\">\n<div class=\"go-up\"><\/div>\n<\/div>\n<\/div>\n","protected":false},"excerpt":{"rendered":"<p>Un peque\u00f1o retrato B\u00e1rbara Jacobs Con particular emoci\u00f3n,\u00a0quiero recordar aqu\u00ed, con todo, todo cari\u00f1o, a Julio Labastida, pues, si no hubiera fallecido el 23 de septiembre de 2021, \u00a1ay!, el pr\u00f3ximo 21 de octubre habr\u00eda cumplido 84 a\u00f1os de edad. Aun cuando en\u00a0Rumbo al exilio final\u00a0inclu\u00ed an\u00e9cdotas significativas de Julio, hoy, para celebrarlo, voy a [&hellip;]<\/p>\n","protected":false},"author":249,"featured_media":28734,"comment_status":"open","ping_status":"closed","sticky":false,"template":"","format":"standard","meta":{"footnotes":""},"categories":[26],"tags":[],"class_list":["post-28733","post","type-post","status-publish","format-standard","has-post-thumbnail","hentry","category-mundo"],"_links":{"self":[{"href":"https:\/\/eloficiodehistoriar.com.mx\/index.php?rest_route=\/wp\/v2\/posts\/28733","targetHints":{"allow":["GET"]}}],"collection":[{"href":"https:\/\/eloficiodehistoriar.com.mx\/index.php?rest_route=\/wp\/v2\/posts"}],"about":[{"href":"https:\/\/eloficiodehistoriar.com.mx\/index.php?rest_route=\/wp\/v2\/types\/post"}],"author":[{"embeddable":true,"href":"https:\/\/eloficiodehistoriar.com.mx\/index.php?rest_route=\/wp\/v2\/users\/249"}],"replies":[{"embeddable":true,"href":"https:\/\/eloficiodehistoriar.com.mx\/index.php?rest_route=%2Fwp%2Fv2%2Fcomments&post=28733"}],"version-history":[{"count":1,"href":"https:\/\/eloficiodehistoriar.com.mx\/index.php?rest_route=\/wp\/v2\/posts\/28733\/revisions"}],"predecessor-version":[{"id":28735,"href":"https:\/\/eloficiodehistoriar.com.mx\/index.php?rest_route=\/wp\/v2\/posts\/28733\/revisions\/28735"}],"wp:featuredmedia":[{"embeddable":true,"href":"https:\/\/eloficiodehistoriar.com.mx\/index.php?rest_route=\/wp\/v2\/media\/28734"}],"wp:attachment":[{"href":"https:\/\/eloficiodehistoriar.com.mx\/index.php?rest_route=%2Fwp%2Fv2%2Fmedia&parent=28733"}],"wp:term":[{"taxonomy":"category","embeddable":true,"href":"https:\/\/eloficiodehistoriar.com.mx\/index.php?rest_route=%2Fwp%2Fv2%2Fcategories&post=28733"},{"taxonomy":"post_tag","embeddable":true,"href":"https:\/\/eloficiodehistoriar.com.mx\/index.php?rest_route=%2Fwp%2Fv2%2Ftags&post=28733"}],"curies":[{"name":"wp","href":"https:\/\/api.w.org\/{rel}","templated":true}]}}