{"id":28764,"date":"2022-08-02T08:57:16","date_gmt":"2022-08-02T14:57:16","guid":{"rendered":"https:\/\/eloficiodehistoriar.com.mx\/?p=28764"},"modified":"2022-08-02T08:57:16","modified_gmt":"2022-08-02T14:57:16","slug":"las-ciudades-de-latinoamerica-son-inequitativas-los-megaproyectos-son-puentes-hacia-la-nada","status":"publish","type":"post","link":"https:\/\/eloficiodehistoriar.com.mx\/?p=28764","title":{"rendered":"Las ciudades de Latinoam\u00e9rica son inequitativas, los megaproyectos son\u00a0puentes hacia la nada."},"content":{"rendered":"<div id=\"article-cont\" class=\"main-cont article-cont actuality\">\n<div class=\"cabeza\">Las grandes ciudades, cada vez m\u00e1s excluyentes: David Harvey<\/div>\n<div class=\"sumarios\">\n<p>Urge resolver con planes de largo plazo la gesti\u00f3n del agua urbana, asegura<\/p>\n<\/div>\n<div id=\"article-text\" class=\"text tbl-forkorts-article\">\n<div class=\"foto\">\n<div class=\"pie-foto\">El ge\u00f3grafo, urbanista y te\u00f3rico social marxista David Harvey abundar\u00e1 hoy en los temas que adelant\u00f3 para <em>La Jornada,\u00a0<\/em>durante su participaci\u00f3n en un foro internacional de cultura y urbanismo en el Museo de San Ildefonso en la CDMX.<\/div>\n<div><\/div>\n<\/div>\n<div class=\"col\">\n<div class=\"credito-autor\">Fernando Camacho Serv\u00edn<\/div>\n<div class=\"credito-titulo\"><\/div>\n<div class=\"hemero\">La Jornada<\/p>\n<\/div>\n<p class=\"s-s\">Las grandes ciudades de Am\u00e9rica Latina se han vuelto cada vez m\u00e1s inequitativas y en ellas se destinan recursos millonarios a megaproyectos que significan aut\u00e9nticos\u00a0<q>puentes hacia la nada<\/q>, pues no tienen ninguna utilidad para resolver las necesidades de las mayor\u00edas y s\u00f3lo benefician a grandes constructores.<\/p>\n<p>As\u00ed lo advirti\u00f3 el ge\u00f3grafo, urbanista y te\u00f3rico social marxista David Harvey, quien se\u00f1al\u00f3 que las crisis del acceso al agua en ciudades como Monterrey deben solucionarse con estrategias de planeaci\u00f3n a largo plazo, adem\u00e1s de sistemas gubernamentales de supervisi\u00f3n al uso que le dan las compa\u00f1\u00edas privadas a dicho recurso natural.<\/p>\n<p>Reci\u00e9n llegado al pa\u00eds, donde hoy participar\u00e1 en un foro organizado por las secretar\u00edas de Cultura federal y de la Ciudad de M\u00e9xico, el investigador brit\u00e1nico charl\u00f3 con\u00a0<em>La Jornada<\/em>\u00a0acerca de los temas que lo han ocupado desde hace d\u00e9cadas, entre ellos el\u00a0<q>derecho a la ciudad<\/q>\u00a0y c\u00f3mo el neoliberalismo ha transformado los entornos urbanos.<\/p>\n<p class=\"sumario\">Ser\u00a0<q>desechable<\/q><\/p>\n<p class=\"s-s\">Al analizar la desigualdad existente en la gran mayor\u00eda de las urbes latinoamericanas, Harvey considera: \u201cLa inequidad se ha profundizado: los ricos se volvieron m\u00e1s ricos, y los pobres, no m\u00e1s pobres en un sentido absoluto, pero s\u00ed m\u00e1s desempoderados, con una mayor sensaci\u00f3n de ser desechables. Creo que la gente piensa que tiene un rol insignificante. Hay como una suerte de alienaci\u00f3n y enojo en las calles. Es como decir \u2018\u00bfpara qu\u00e9 me molesto en hacer algo, si lo que hago no importa? Estoy tan apurado lidiando con la vida cotidiana, que no me interesa nada m\u00e1s\u2019\u201d, lament\u00f3.<\/p>\n<p>Respecto de fen\u00f3menos como la\u00a0<q>gentrificaci\u00f3n<\/q>\u00a0de zonas urbanas y la aparici\u00f3n de\u00a0<q>burbujas<\/q>\u00a0inmobiliarias, el autor de\u00a0<em>Una breve historia del neoliberalismo<\/em>\u00a0y\u00a0<em>Urbanismo y desigualdad social\u00a0<\/em>advirti\u00f3 que las ciudades son espacios cada vez m\u00e1s segregados para sus habitantes en funci\u00f3n de qu\u00e9 tanto dinero tengan.<\/p>\n<p>\u201cLa provisi\u00f3n de casas mediante el mercado funciona muy bien para la poblaci\u00f3n adinerada, pero falla totalmente para cubrir las necesidades de la m\u00e1s pobre. En Nueva York, por ejemplo, hay un\u00a0<em>boom<\/em>\u00a0de edificios nuevos, pero para personas que ganen 100 o 300 mil d\u00f3lares al a\u00f1o, cuando 50 por ciento de los habitantes gana menos de 40 mil d\u00f3lares. \u00a1No pueden costearse una casa y el mercado los expulsa!\u201d.<\/p>\n<p>Harvey consider\u00f3 que una de las acciones fundamentales para esta problem\u00e1tica es \u201cun sistema viable de vivienda social, pero eso no va ocurrir si lidiamos con el coro neoliberal que dice \u2018si algo no se puede hacer a trav\u00e9s del mercado, entonces no es posible en lo absoluto\u2019\u201d.<\/p>\n<p class=\"sumario\">Los\u00a0<q>puentes hacia la nada<\/q><\/p>\n<p class=\"s-s\">Para el acad\u00e9mico de las universidades John Hopkins y de la Ciudad de Nueva York, las grandes inmobiliarias y constructoras tienen el \u00fanico objetivo de generar ganancias, aunque\u00a0<q>mucha inversi\u00f3n se destine a proyectos espectaculares, pero absurdos, que no resuelven la vida diaria<\/q>.<\/p>\n<p>Mencion\u00f3 el \u201cnuevo aeropuerto al sur de Madrid, que cost\u00f3 2 o 3 mil millones de d\u00f3lares y al final fue una total fantas\u00eda. Ning\u00fan vuelo llegaba ah\u00ed, no hay nada ah\u00ed y se fue a la bancarrota. A pesar de eso, los desarrolladores y otros ganaron mucho dinero haciendo lo que llamamos un \u2018puente hacia la nada\u2019\u201d.<\/p>\n<p>Hoy en d\u00eda, recalc\u00f3 Harvey,\u00a0<q>tenemos cada vez m\u00e1s infraestructura as\u00ed: megaproyectos espectaculares que no le ayudan a la gente. Los inversionistas apuestan a proyectos que no son rentables por la sencilla raz\u00f3n de que van a tener un super\u00e1vit y a crear muchos empleos<\/q>.<\/p>\n<p>En contraposici\u00f3n, para que las grandes ciudades sean viables es necesario que las autoridades hagan planes de largo plazo y generen la infraestructura b\u00e1sica necesaria para resolver problemas reales.<\/p>\n<p><q>En Estados Unidos no est\u00e1n al corriente con la infraestructura de largo plazo. Tenemos una austeridad impuesta por el sistema y no le hemos dado mantenimiento al Metro, que hoy est\u00e1 en crisis en Nueva York<\/q>.<\/p>\n<p class=\"sumario\">Mejor gesti\u00f3n del agua<\/p>\n<p class=\"s-s\">Consultado sobre c\u00f3mo enfrentar las crisis de abasto de agua que ya sufren Monterrey y otras grandes urbes, Harvey se\u00f1al\u00f3 que la escasez ya afecta tambi\u00e9n a Sao Paulo y Los \u00c1ngeles, debido al cambio clim\u00e1tico, por lo que es urgente implementar estrategias de reciclaje y planeaci\u00f3n para las siguientes d\u00e9cadas.<\/p>\n<p>En este marco, consider\u00f3 que el decreto firmado por el presidente Andr\u00e9s Manuel L\u00f3pez Obrador para garantizar el abasto del l\u00edquido en Nuevo Le\u00f3n deber\u00eda formar parte de una estrategia integral para hacer un mejor uso y distribuci\u00f3n del agua.\u00a0<q>El que esto funcione va a depender de lo que hagan las autoridades y la poblaci\u00f3n local<\/q>, apunt\u00f3.<\/p>\n<p>Para Harvey, el hecho de que las empresas privadas manejen el agua no es necesariamente malo, porque hay experiencias positivas en Francia y Gran Breta\u00f1a, pero subray\u00f3 que\u00a0<q>debe haber un aparato regulatorio de supervisi\u00f3n, para que el agua llegue a la gente de forma adecuada, en cantidad suficiente y con un sentido social<\/q>.<\/p>\n<p>Una de las ra\u00edces de los mayores problemas en el mundo es la\u00a0<q>sobreacumulaci\u00f3n de capital<\/q>\u00a0a costa de los recursos naturales. \u201cEl resultado es la pestilencia, las guerras, las enfermedades. Hay un\u00a0<em>boom<\/em>\u00a0de la miner\u00eda y el extractivismo, como en el caso del litio y otros metales en Latinoam\u00e9rica, pero esa acci\u00f3n es m\u00e1s destructiva que constructiva\u201d.<\/p>\n<\/div>\n<\/div>\n<div class=\"go gui\">\n<div class=\"go-next\"><\/div>\n<div class=\"go-up\"><\/div>\n<\/div>\n<\/div>\n<div id=\"taboola-below-content-thumbnails\" class=\" trc_related_container trc_spotlight_widget tbl-feed-container tbl-feed-frame-DIVIDER  render-late-effect\" data-feed-container-num=\"1\" data-feed-main-container-id=\"taboola-below-content-thumbnails\" data-parent-placement-name=\"Below Content Thumbnails\" data-pub-lang=\"es\">\n<div class=\" tbl-feed-header tbl-logo-right-position\">\n<div class=\"tbl-feed-header-logo\"><\/div>\n<\/div>\n<\/div>\n","protected":false},"excerpt":{"rendered":"<p>Las grandes ciudades, cada vez m\u00e1s excluyentes: David Harvey Urge resolver con planes de largo plazo la gesti\u00f3n del agua urbana, asegura El ge\u00f3grafo, urbanista y te\u00f3rico social marxista David Harvey abundar\u00e1 hoy en los temas que adelant\u00f3 para La Jornada,\u00a0durante su participaci\u00f3n en un foro internacional de cultura y urbanismo en el Museo de [&hellip;]<\/p>\n","protected":false},"author":249,"featured_media":28765,"comment_status":"open","ping_status":"closed","sticky":false,"template":"","format":"standard","meta":{"footnotes":""},"categories":[26],"tags":[],"class_list":["post-28764","post","type-post","status-publish","format-standard","has-post-thumbnail","hentry","category-mundo"],"_links":{"self":[{"href":"https:\/\/eloficiodehistoriar.com.mx\/index.php?rest_route=\/wp\/v2\/posts\/28764","targetHints":{"allow":["GET"]}}],"collection":[{"href":"https:\/\/eloficiodehistoriar.com.mx\/index.php?rest_route=\/wp\/v2\/posts"}],"about":[{"href":"https:\/\/eloficiodehistoriar.com.mx\/index.php?rest_route=\/wp\/v2\/types\/post"}],"author":[{"embeddable":true,"href":"https:\/\/eloficiodehistoriar.com.mx\/index.php?rest_route=\/wp\/v2\/users\/249"}],"replies":[{"embeddable":true,"href":"https:\/\/eloficiodehistoriar.com.mx\/index.php?rest_route=%2Fwp%2Fv2%2Fcomments&post=28764"}],"version-history":[{"count":1,"href":"https:\/\/eloficiodehistoriar.com.mx\/index.php?rest_route=\/wp\/v2\/posts\/28764\/revisions"}],"predecessor-version":[{"id":28766,"href":"https:\/\/eloficiodehistoriar.com.mx\/index.php?rest_route=\/wp\/v2\/posts\/28764\/revisions\/28766"}],"wp:featuredmedia":[{"embeddable":true,"href":"https:\/\/eloficiodehistoriar.com.mx\/index.php?rest_route=\/wp\/v2\/media\/28765"}],"wp:attachment":[{"href":"https:\/\/eloficiodehistoriar.com.mx\/index.php?rest_route=%2Fwp%2Fv2%2Fmedia&parent=28764"}],"wp:term":[{"taxonomy":"category","embeddable":true,"href":"https:\/\/eloficiodehistoriar.com.mx\/index.php?rest_route=%2Fwp%2Fv2%2Fcategories&post=28764"},{"taxonomy":"post_tag","embeddable":true,"href":"https:\/\/eloficiodehistoriar.com.mx\/index.php?rest_route=%2Fwp%2Fv2%2Ftags&post=28764"}],"curies":[{"name":"wp","href":"https:\/\/api.w.org\/{rel}","templated":true}]}}