{"id":28767,"date":"2022-08-02T09:06:58","date_gmt":"2022-08-02T15:06:58","guid":{"rendered":"https:\/\/eloficiodehistoriar.com.mx\/?p=28767"},"modified":"2022-08-02T09:06:58","modified_gmt":"2022-08-02T15:06:58","slug":"conagua-no-otorgara-mas-concesiones-a-la-industria-en-el-norte-y-a-mineras","status":"publish","type":"post","link":"https:\/\/eloficiodehistoriar.com.mx\/?p=28767","title":{"rendered":"Conagua no otorgar\u00e1 m\u00e1s concesiones a la industria en el norte y a mineras."},"content":{"rendered":"<div id=\"article-cont\" class=\"main-cont article-cont actuality\">\n<div class=\"sumarios\">\n<p>En particular a mineras y para\u00a0<em>fracking<\/em><\/p>\n<\/div>\n<div class=\"cabeza\">Conagua no dar\u00e1 m\u00e1s concesiones a la industria en el norte del pa\u00eds: AMLO<\/div>\n<div class=\"sumarios\"><\/div>\n<div id=\"article-text\" class=\"text\">\n<div class=\"col col1\">\n<div class=\"credito-autor\">Emir Olivares y N\u00e9stor Jim\u00e9nez<\/div>\n<div class=\"credito-titulo\"><\/div>\n<div class=\"hemero\">La Jornada<\/p>\n<\/div>\n<p class=\"s-s\">El presidente Andr\u00e9s Manuel L\u00f3pez Obrador enfatiz\u00f3 que ante la crisis de agua en el pa\u00eds, sobre todo en el norte, la Comisi\u00f3n Nacional del Agua (Conagua) no otorgar\u00e1 m\u00e1s concesiones para la industria en esa regi\u00f3n, en particular a mineras y para perforaci\u00f3n mediante\u00a0<em>fracking<\/em>.<\/p>\n<p>Agreg\u00f3 que su gobierno analiza si se debe reformar la Ley de Aguas Nacionales para evitar la corrupci\u00f3n en la entrega de esos permisos para la explotaci\u00f3n del recurso, pues aunque est\u00e9 prohibido darlos, reconoci\u00f3 que en algunos casos se siguen otorgando.<\/p>\n<p>En la conferencia de prensa de ayer, el mandatario dijo inclusive que ya en su administraci\u00f3n personal de la Conagua entreg\u00f3 concesiones para la industria en Nuevo Le\u00f3n, que hoy enfrenta una emergencia h\u00eddrica por la falta de abasto para uso dom\u00e9stico.<\/p>\n<p>En el Sal\u00f3n Tesorer\u00eda de Palacio Nacional se le pregunt\u00f3 si hab\u00eda un plan del gobierno para evitar que en otros puntos del pa\u00eds suceda una crisis similar a la del \u00e1rea metropolitana de Monterrey, a lo que respondi\u00f3:<\/p>\n<p>\u201cHay que buscar otras formas, opciones y alternativas, porque no se va a resolver nunca el problema si van a seguir otorgando concesiones a diestra y siniestra (\u2026) La Conagua ya no va a dar, otorgar concesiones, pero tiene que ver tambi\u00e9n con las autoridades estatales y municipales, que se cuiden estos recursos.\u201d<\/p>\n<p>Ayer<em>\u00a0La Jornada<\/em>\u00a0public\u00f3 una entrevista con el especialista universitario Ra\u00fal Garc\u00eda Barrios, quien afirm\u00f3 que el pa\u00eds\u00a0<q>vive una corrupci\u00f3n sistem\u00e1tica en el uso<\/q>\u00a0de ese recurso y habl\u00f3 de la necesidad de modificar la ley, para separar \u2013tambi\u00e9n en la gesti\u00f3n del agua\u2013 la pol\u00edtica de la econom\u00eda, f\u00f3rmula que ha planteado el presidente en otros t\u00f3picos.<\/p>\n<p class=\"sumario\">El caso de La Laguna<\/p>\n<p class=\"s-s\">L\u00f3pez Obrador subray\u00f3 su oposici\u00f3n a que se repita el caso de la La Laguna, donde se concesion\u00f3 el recurso. \u201cNo se puede repetir. Es ejemplar lo que se ha hecho en producci\u00f3n de leche en La Laguna, pero ya ese modelo hay que irlo trasladando a otras regiones, porque la alfalfa \u2013indispensable para producir el l\u00e1cteo\u2013 consume mucha agua\u201d.<\/p>\n<\/div>\n<div class=\"col col2\">\n<p>\u2013\u00bfEs necesario reformar la ley de aguas? \u2013se le pregunt\u00f3.<\/p>\n<p>\u2013Hay quienes opinan eso. Incluso hay un movimiento de defensores del agua, gente seria, respetable, no como los seudoambientalistas (que se oponen al Tren Maya). S\u00ed est\u00e1n justificando que es importante la reforma a la ley del agua. Lo estamos analizando, porque estamos buscando convencer, persuadir, no imponer nada, y la gente lo est\u00e1 entendiendo.<\/p>\n<p>Agreg\u00f3 que en el norte de pa\u00eds\u00a0<q>hay mucha conciencia sobre la importancia del cuidado del agua y no s\u00f3lo de los ciudadanos que se dedican a otras actividades o especialistas, sino tambi\u00e9n en el sector empresarial. Entonces, es cuesti\u00f3n de definir y tambi\u00e9n de terminar con la corrupci\u00f3n porque, parece mentira, puede estar prohibido y se dan las concesiones<\/q>.<\/p>\n<p>En el caso de la emergencia h\u00eddrica en Nuevo Le\u00f3n, se\u00f1al\u00f3 que a\u00fan son insuficientes los acuerdos para que la industria ceda al uso dom\u00e9stico parte de lo que explota de agua. Dijo que ese sector usa mil 800 litros por segundo y aporta 200, adem\u00e1s de que existen 399 concesionarios para uso industrial y s\u00f3lo 60 participan en el pacto.<\/p>\n<p>Adem\u00e1s, solicit\u00f3 el apoyo de la iniciativa privada en la construcci\u00f3n de un segundo acueducto de 100 kil\u00f3metros que conecte a la presa El Cuchillo con la zona metropolitana de Monterrey, a fin de surtir agua para uso dom\u00e9stico, proyecto que contar\u00e1 con inversi\u00f3n tripartita (Federaci\u00f3n, gobierno estatal y de los municipios).<\/p>\n<\/div>\n<\/div>\n<div class=\"go gui\">\n<div class=\"go-up\"><\/div>\n<\/div>\n<\/div>\n<div id=\"taboola-below-content-thumbnails\" class=\" trc_related_container trc_spotlight_widget tbl-feed-container tbl-feed-frame-DIVIDER  render-late-effect\" data-feed-container-num=\"1\" data-feed-main-container-id=\"taboola-below-content-thumbnails\" data-parent-placement-name=\"Below Content Thumbnails\" data-pub-lang=\"es\">\n<div class=\" tbl-feed-header tbl-logo-right-position\">\n<div class=\"tbl-feed-header-logo\"><\/div>\n<\/div>\n<\/div>\n","protected":false},"excerpt":{"rendered":"<p>En particular a mineras y para\u00a0fracking Conagua no dar\u00e1 m\u00e1s concesiones a la industria en el norte del pa\u00eds: AMLO Emir Olivares y N\u00e9stor Jim\u00e9nez La Jornada El presidente Andr\u00e9s Manuel L\u00f3pez Obrador enfatiz\u00f3 que ante la crisis de agua en el pa\u00eds, sobre todo en el norte, la Comisi\u00f3n Nacional del Agua (Conagua) no [&hellip;]<\/p>\n","protected":false},"author":249,"featured_media":28768,"comment_status":"open","ping_status":"closed","sticky":false,"template":"","format":"standard","meta":{"footnotes":""},"categories":[26],"tags":[],"class_list":["post-28767","post","type-post","status-publish","format-standard","has-post-thumbnail","hentry","category-mundo"],"_links":{"self":[{"href":"https:\/\/eloficiodehistoriar.com.mx\/index.php?rest_route=\/wp\/v2\/posts\/28767","targetHints":{"allow":["GET"]}}],"collection":[{"href":"https:\/\/eloficiodehistoriar.com.mx\/index.php?rest_route=\/wp\/v2\/posts"}],"about":[{"href":"https:\/\/eloficiodehistoriar.com.mx\/index.php?rest_route=\/wp\/v2\/types\/post"}],"author":[{"embeddable":true,"href":"https:\/\/eloficiodehistoriar.com.mx\/index.php?rest_route=\/wp\/v2\/users\/249"}],"replies":[{"embeddable":true,"href":"https:\/\/eloficiodehistoriar.com.mx\/index.php?rest_route=%2Fwp%2Fv2%2Fcomments&post=28767"}],"version-history":[{"count":1,"href":"https:\/\/eloficiodehistoriar.com.mx\/index.php?rest_route=\/wp\/v2\/posts\/28767\/revisions"}],"predecessor-version":[{"id":28769,"href":"https:\/\/eloficiodehistoriar.com.mx\/index.php?rest_route=\/wp\/v2\/posts\/28767\/revisions\/28769"}],"wp:featuredmedia":[{"embeddable":true,"href":"https:\/\/eloficiodehistoriar.com.mx\/index.php?rest_route=\/wp\/v2\/media\/28768"}],"wp:attachment":[{"href":"https:\/\/eloficiodehistoriar.com.mx\/index.php?rest_route=%2Fwp%2Fv2%2Fmedia&parent=28767"}],"wp:term":[{"taxonomy":"category","embeddable":true,"href":"https:\/\/eloficiodehistoriar.com.mx\/index.php?rest_route=%2Fwp%2Fv2%2Fcategories&post=28767"},{"taxonomy":"post_tag","embeddable":true,"href":"https:\/\/eloficiodehistoriar.com.mx\/index.php?rest_route=%2Fwp%2Fv2%2Ftags&post=28767"}],"curies":[{"name":"wp","href":"https:\/\/api.w.org\/{rel}","templated":true}]}}