{"id":28770,"date":"2022-08-02T09:15:06","date_gmt":"2022-08-02T15:15:06","guid":{"rendered":"https:\/\/eloficiodehistoriar.com.mx\/?p=28770"},"modified":"2022-08-02T09:15:06","modified_gmt":"2022-08-02T15:15:06","slug":"la-guelaguetza-2022-o-lunes-del-cerro-y-presentes-las-ocho-regiones-con-sus-costumbres-y-tradiciones","status":"publish","type":"post","link":"https:\/\/eloficiodehistoriar.com.mx\/?p=28770","title":{"rendered":"La Guelaguetza 2022 o Lunes del Cerro y presentes las ocho regiones con sus costumbres y tradiciones."},"content":{"rendered":"<div id=\"article-cont\" class=\"main-cont article-cont actuality\">\n<div class=\"sumarios\">\n<p>Dos llenos totales<\/p>\n<\/div>\n<div class=\"cabeza\">Concluye la Guelaguetza 2022 ante m\u00e1s de 30 mil asistentes<\/div>\n<div class=\"sumarios\">\n<p>La actriz Yalitza Aparicio, invitada del gobierno estatal<\/p>\n<\/div>\n<div id=\"article-text\" class=\"text\">\n<div class=\"foto\">\n<div class=\"pie-foto\">Con la presencia de 15 mil espectadores se celebr\u00f3 ayer la cuarta presentaci\u00f3n del Lunes del Cerro, con la que concluy\u00f3 la edici\u00f3n 2022 de la Guelaguetza en la ciudad de Oaxaca.<\/div>\n<div><\/div>\n<\/div>\n<div class=\"col col1\">\n<div class=\"credito-autor\">Jorge A. P\u00e9rez Alfonso<\/div>\n<div class=\"credito-titulo\">l<\/div>\n<div class=\"hemero\">La Jornada<\/p>\n<\/div>\n<p class=\"s-s\">Oaxaca, Oax.,<\/p>\n<p class=\"s-s\">Las fiestas de la Guelaguetza 2022 finalizaron con la tercera y cuarta presentaciones del Lunes del Cerro, en las cuales 26 delegaciones de las ocho regiones del estado compartieron parte de sus costumbres y tradiciones con m\u00e1s de 30 mil espectadores.<\/p>\n<p>El auditorio Guelaguetza, sede de la celebraci\u00f3n, en el Cerro del Fort\u00edn de la capital del estado, tuvo dos llenos totales.<\/p>\n<p>Oaxaca despide las fiestas de julio, en las que se efectuaron m\u00e1s de 100 actividades culturales, gastron\u00f3micas y art\u00edsticas en distintos foros, las cuales disfrutaron turistas nacionales y extranjeros, as\u00ed como habitantes de la capital y municipios conurbados.<\/p>\n<p>La tercera y cuarta funciones del Lunes del Cerro se iniciaron con la presentaci\u00f3n de un tiliche, personaje t\u00edpico de estas fiestas, perteneciente a la delegaci\u00f3n de Putla Villa de Guerrero, que adem\u00e1s fue la imagen oficial de 2022. La diosa del ma\u00edz, Cent\u00e9otl, este a\u00f1o estuvo representada por Jacsenic Maybeth Rodas Gonz\u00e1lez, originaria de Santo Domingo Tehuantepec.<\/p>\n<p>Ayer por la ma\u00f1ana, y tras la recepci\u00f3n, subieron al escenario la delegaci\u00f3n de las Chinas Oaxaque\u00f1as de Casilda, con el tradicional\u00a0<em>Jarabe del Valle.\u00a0<\/em>Vest\u00edan sus faldas largas multicolores y llevaban canastas florales en la cabeza y juegos pirot\u00e9cnicos con los que asombraron al p\u00fablico con r\u00e1pidos giros al ritmo de la m\u00fasica.<\/p>\n<\/div>\n<div class=\"col col2\">\n<p>Sigui\u00f3 Huautla de Jim\u00e9nez con\u00a0<em>Lavada de cabeza de los novios,\u00a0<\/em>un cuadro que presenta un ritual de la zona mazateca para purificar el cuerpo y alma de una pareja. Continuaron Santiago Llano Grande con la\u00a0<em>Danza de los diablos,\u00a0<\/em>y Santiago Juxtlahuaca con la\u00a0<em>Danza de los rubios<\/em>.<\/p>\n<p>Una a una subieron a la Rotonda de las Azucenas las delegaciones participantes, que compartieron con los espectadores sus tradiciones m\u00e1s antiguas. Un comit\u00e9 de autenticidad examin\u00f3 las representaciones, confirm\u00f3 que fueran correctas de acuerdo con su historia y autoriz\u00f3 su inclusi\u00f3n en el programa.<\/p>\n<p>Esta festividad fue encabezada por el gobernador Alejandro Murat Hinojosa y su esposa, la presidenta honoraria del Sistema DIF Oaxaca, Ivette Mor\u00e1n de Murat, quienes recibieron como invitados al senador Miguel \u00c1ngel Mancera por la ma\u00f1ana y en la edici\u00f3n vespertina a la actriz Yalitza Aparicio.<\/p>\n<p>&nbsp;<\/p>\n<\/div>\n<\/div>\n<div class=\"go gui\">\n<div class=\"go-up\"><\/div>\n<\/div>\n<\/div>\n<div id=\"taboola-below-content-thumbnails\" class=\" trc_related_container trc_spotlight_widget tbl-feed-container tbl-feed-frame-DIVIDER  render-late-effect\" data-feed-container-num=\"1\" data-feed-main-container-id=\"taboola-below-content-thumbnails\" data-parent-placement-name=\"Below Content Thumbnails\" data-pub-lang=\"es\">\n<div class=\" tbl-feed-header tbl-logo-right-position\">\n<div class=\"tbl-feed-header-logo\"><\/div>\n<\/div>\n<\/div>\n","protected":false},"excerpt":{"rendered":"<p>Dos llenos totales Concluye la Guelaguetza 2022 ante m\u00e1s de 30 mil asistentes La actriz Yalitza Aparicio, invitada del gobierno estatal Con la presencia de 15 mil espectadores se celebr\u00f3 ayer la cuarta presentaci\u00f3n del Lunes del Cerro, con la que concluy\u00f3 la edici\u00f3n 2022 de la Guelaguetza en la ciudad de Oaxaca. Jorge A. [&hellip;]<\/p>\n","protected":false},"author":249,"featured_media":28771,"comment_status":"open","ping_status":"closed","sticky":false,"template":"","format":"standard","meta":{"footnotes":""},"categories":[26],"tags":[],"class_list":["post-28770","post","type-post","status-publish","format-standard","has-post-thumbnail","hentry","category-mundo"],"_links":{"self":[{"href":"https:\/\/eloficiodehistoriar.com.mx\/index.php?rest_route=\/wp\/v2\/posts\/28770","targetHints":{"allow":["GET"]}}],"collection":[{"href":"https:\/\/eloficiodehistoriar.com.mx\/index.php?rest_route=\/wp\/v2\/posts"}],"about":[{"href":"https:\/\/eloficiodehistoriar.com.mx\/index.php?rest_route=\/wp\/v2\/types\/post"}],"author":[{"embeddable":true,"href":"https:\/\/eloficiodehistoriar.com.mx\/index.php?rest_route=\/wp\/v2\/users\/249"}],"replies":[{"embeddable":true,"href":"https:\/\/eloficiodehistoriar.com.mx\/index.php?rest_route=%2Fwp%2Fv2%2Fcomments&post=28770"}],"version-history":[{"count":1,"href":"https:\/\/eloficiodehistoriar.com.mx\/index.php?rest_route=\/wp\/v2\/posts\/28770\/revisions"}],"predecessor-version":[{"id":28772,"href":"https:\/\/eloficiodehistoriar.com.mx\/index.php?rest_route=\/wp\/v2\/posts\/28770\/revisions\/28772"}],"wp:featuredmedia":[{"embeddable":true,"href":"https:\/\/eloficiodehistoriar.com.mx\/index.php?rest_route=\/wp\/v2\/media\/28771"}],"wp:attachment":[{"href":"https:\/\/eloficiodehistoriar.com.mx\/index.php?rest_route=%2Fwp%2Fv2%2Fmedia&parent=28770"}],"wp:term":[{"taxonomy":"category","embeddable":true,"href":"https:\/\/eloficiodehistoriar.com.mx\/index.php?rest_route=%2Fwp%2Fv2%2Fcategories&post=28770"},{"taxonomy":"post_tag","embeddable":true,"href":"https:\/\/eloficiodehistoriar.com.mx\/index.php?rest_route=%2Fwp%2Fv2%2Ftags&post=28770"}],"curies":[{"name":"wp","href":"https:\/\/api.w.org\/{rel}","templated":true}]}}