{"id":28776,"date":"2022-08-02T09:34:11","date_gmt":"2022-08-02T15:34:11","guid":{"rendered":"https:\/\/eloficiodehistoriar.com.mx\/?p=28776"},"modified":"2022-08-02T09:35:17","modified_gmt":"2022-08-02T15:35:17","slug":"28776","status":"publish","type":"post","link":"https:\/\/eloficiodehistoriar.com.mx\/?p=28776","title":{"rendered":"\u00a1No somos nada sin las abejas! El 75% por ciento de los cultivos alimentarios dependen de ellas y su miel"},"content":{"rendered":"<div>\n<h1 class=\"title\">\u00a1No somos nada sin las abejas!<\/h1>\n<h1 class=\"title\">Hablan productor e investigadora de su importancia<\/h1>\n<\/div>\n<h3 class=\"subtitle\">El 75% por ciento de los cultivos alimentarios dependen de ellas y su miel es fuente de miles de beneficios<\/h3>\n<div class=\"lead-gallery \">\n<div class=\"teaser owl-carousel owl-theme\">\n<div class=\"owl-wrapper-outer\">\n<div class=\"owl-wrapper\">\n<div class=\"owl-item\">\n<div class=\"img-container picture\">\n<div id=\"standard_1\" class=\"st-placement standard_1 inImage\">\n<div class=\"st-adunit st-adunit-tagged st-reset st-show\">\n<div class=\"st-adunit-ad st-reset\">\n<div class=\"st-display-render st-reset\">\n<div class=\"st-reset\">\n<div class=\"important-styled st-canvas-container open Billboard_970x250 display-standard fssquz2\">\n<div class=\"important-styled st-canvas-el fhxwyqa\">\n<div class=\"important-styled st-canvas-container undefined fssquz2\">\n<div class=\"important-styled st-canvas-el fafobvh\">\n<div class=\"important-styled st-canvas-container undefined fssquz2\">\n<div class=\"important-styled st-canvas-el f1lqmgqa\">\n<div class=\"important-styled f1aojdez\">\n<div class=\"important-styled display-render-wrapper f1aojdez\">Jos\u00e9 Juan Pale Lara se\u00f1ala que sequ\u00eda y lluvias torrenciales afectan el desarrollo normal de las abejas<\/div>\n<\/div>\n<\/div>\n<\/div>\n<\/div>\n<\/div>\n<\/div>\n<\/div>\n<\/div>\n<\/div>\n<\/div>\n<\/div>\n<\/div>\n<\/div>\n<\/div>\n<\/div>\n<\/div>\n<\/div>\n<\/div>\n<div id=\"affix-share\" class=\"sharing-menu affix\">\n<ul>\n<li>Karla Cancino<\/li>\n<li>Diario de Xalapa<\/li>\n<\/ul>\n<\/div>\n<div class=\"content-body clearfix \">\n<div id=\"content-body-225-8677612\">\n<p>El\u00a0<b>cambio clim\u00e1tico<\/b>\u00a0y el<b>\u00a0uso indiscriminado de plaguicidas y agroqu\u00edmicos<\/b>\u00a0est\u00e1n poniendo en serio riesgo la vida de las\u00a0<b>abejas\u00a0<\/b>y\u00a0<b>por ende de la humanidad,<\/b>\u00a0<i>alertaron especialistas veracruzanos.<\/i><\/p>\n<p><i>Y es que, aseguran que la p\u00e9rdida de estos animales implica <b>no solo dejar de tener miel y los derivados<\/b>\u00a0de la colmena sino tambi\u00e9n implica perder la mayor\u00eda de los alimentos que consumimos ya que\u00a0<b>cerca del 75% de los cultivos alimentarios son polinizadas por abejas y el 85% de las plantas dependen directa o indirectamente de ellas.<\/b><\/i><\/p>\n<ul>\n<li><\/li>\n<\/ul>\n<\/div>\n<\/div>\n<div class=\"advertisment \">\n<div id=\"dfp-nota-1x3s\" data-google-query-id=\"CJeegoq8qPkCFYgMAQodHcsGYA\">\n<div id=\"google_ads_iframe_\/2000002\/diariodexalapa\/mexico_nota_1x3_0__container__\"><i>Dieron a conocer que efectos negativos como <b>la muerte masiva de abejas,<\/b>\u00a0la disminuci\u00f3n de su tiempo de vida o la baja en la producci\u00f3n de miel ya se han comenzado a presentar en varias zonas de la entidad. Estos da\u00f1os son atribuibles a\u00a0<b>efectos del cambio clim\u00e1tico<\/b>\u00a0como la sequ\u00eda o las lluvias intensas pero tambi\u00e9n podr\u00edan ser consecuencia del uso indiscriminado y desregulado de productos qu\u00edmicos en los cultivos de los que se abastecen las\u00a0<b>abejas.<\/b><\/i><\/div>\n<\/div>\n<\/div>\n<article class=\"content-continued-body clearfix \">\n<div id=\"content-body-5851641-8677612\">\n<div class=\"teads-inread sm-screen\">\n<div class=\"teads-ui-components-adchoices\"><\/div>\n<div id=\"teads0\" class=\"teads-player\"><b>\u00bfPor qu\u00e9 M\u00e9xico produce menos miel?<\/b><\/div>\n<\/div>\n<p><i>Veracruz se ubica en el quinto lugar de producci\u00f3n de miel en el pa\u00eds, con\u00a0<b>4 mil 798 toneladas<\/b>\u00a0al a\u00f1o. Sin embargo, en los \u00faltimos a\u00f1os la cantidad de miel que se produce ha disminuido considerablemente. En Teocelo -uno de los 21 municipios productores de miel-, apicultores han denunciado que la tala inmoderada y los efectos del cambio clim\u00e1tico en se ha mermado la producci\u00f3n de miel en casi\u00a0<b>5 toneladas al a\u00f1o.<\/b><\/i><\/p>\n<p><i><b>Jos\u00e9 Juan Pale Lara,<\/b>\u00a0presidente de la Organizaci\u00f3n de Criadores de la Abeja Reina en M\u00e9xico y propietario de la empresa\u00a0<b>\u201cPalajos\u201d\u00a0<\/b>asentada en este municipio, reconoci\u00f3 que\u00a0<b>la sequ\u00eda combinada con las lluvias torrenciales y \u201ca destiempo\u201d ha tra\u00eddo consigo la muerte de abejas en muchas zonas. Indic\u00f3 que, aunque la principal afectaci\u00f3n la registraron los estados del norte del pa\u00eds, en Veracruz tambi\u00e9n hubo da\u00f1os importantes.<\/b><br \/>\n\u201cLa temporada de primavera en algunas zonas fue de abundante agua, hablando de c\u00edtricos la producci\u00f3n de miel fue de media a escasa. Ahorita estamos saliendo de la<b>\u00a0miel de los manglares\u00a0<\/b>en donde tambi\u00e9n la lluvia lleg\u00f3 muy temprano y la producci\u00f3n estuvo de media a baja. En contraparte, aqu\u00ed en la zona de los cafetales la producci\u00f3n estuvo muy buena porque estuvo muy seco\u201d<\/i>, explica.<\/p>\n<article class=\"local media col-md-4 inline-story \">\n<div class=\"teaser \">\n<h4 class=\"title \">Pale Lara, quien <b>encabeza el Centro de Educaci\u00f3n, Investigaci\u00f3n y Mejoramiento Gen\u00e9tico de Abejas (Ceimega),<\/b>\u00a0denunci\u00f3 que otra de las causas de la mortalidad de las abejas y de la disminuci\u00f3n de la producci\u00f3n y tiempo de vida de las mismas es el u<b>so de pesticidas y agroqu\u00edmicos en los campos de cultivos.<\/b><\/h4>\n<\/div>\n<\/article>\n<p><i>Se\u00f1al\u00f3 que este problema es m\u00e1s evidente en los cafetales y plant\u00edos de c\u00edtricos en donde anteriormente no se usaban estos productos y que ahora son fundamentales para que la cosecha no se caiga. A\u00f1adi\u00f3 que no s\u00f3lo se trata del uso de agroqu\u00edmicos sino el hecho de que muchos de ellos son altamente t\u00f3xicos al grado de estar prohibidos en otros pa\u00edses o regiones del mundo.<br \/>\n<\/i><b>\u201cEsto ha hecho que las abejas hayan perdido capacidad de producci\u00f3n y se haya alterado su capacidad de vuelo, les causa problemas de orientaci\u00f3n y de coordinaci\u00f3n y tambi\u00e9n hacen que el tiempo de vida tambi\u00e9n se acorte (&#8230;) Ya se ha hecho menci\u00f3n a las instituciones gubernamentales encargadas de ello y pues aunque no han hecho caso omiso no le han dado la importancia que tiene el problema\u201d,<\/b>\u00a0denuncia.<\/p>\n<h2><b>\u00bfCu\u00e1nta miel es adulterada en Veracruz?<\/b><\/h2>\n<p><i>Para el apicultor, otro de los problemas que se enfrentan quienes comercializan la miel y sus derivados es la falsificaci\u00f3n de este producto. Y es que,\u00a0<b>reconoci\u00f3 que cifras oficiales apuntan que cerca de un 60 por ciento de la miel que se consume en el pa\u00eds es adulterada y apunt\u00f3 que en Veracruz el porcentaje podr\u00eda ser mayor.<\/b><\/i><\/p>\n<p><i>Se\u00f1al\u00f3 que aunque actualmente no existe una f\u00f3rmula para estar seguros que la miel que se consume es real, lo ideal es acudir de manera directa con los apicultores registrados y comprar el producto con ellos. \u201c<b>Hicimos un an\u00e1lisis con algunos amigos y encontramos que mucha de la miel que se vende en la zona de Coatepec y Xalapa es adulterada. Aunque no hay una f\u00f3rmula secreta para saber cu\u00e1l s\u00ed y cu\u00e1l no lo recomendable es comprar con alg\u00fan apicultor directamente\u201d.<\/b><\/i><\/p>\n<\/div>\n<\/article>\n","protected":false},"excerpt":{"rendered":"<p>\u00a1No somos nada sin las abejas! Hablan productor e investigadora de su importancia El 75% por ciento de los cultivos alimentarios dependen de ellas y su miel es fuente de miles de beneficios Jos\u00e9 Juan Pale Lara se\u00f1ala que sequ\u00eda y lluvias torrenciales afectan el desarrollo normal de las abejas Karla Cancino Diario de Xalapa [&hellip;]<\/p>\n","protected":false},"author":249,"featured_media":28777,"comment_status":"open","ping_status":"closed","sticky":false,"template":"","format":"standard","meta":{"footnotes":""},"categories":[26],"tags":[],"class_list":["post-28776","post","type-post","status-publish","format-standard","has-post-thumbnail","hentry","category-mundo"],"_links":{"self":[{"href":"https:\/\/eloficiodehistoriar.com.mx\/index.php?rest_route=\/wp\/v2\/posts\/28776","targetHints":{"allow":["GET"]}}],"collection":[{"href":"https:\/\/eloficiodehistoriar.com.mx\/index.php?rest_route=\/wp\/v2\/posts"}],"about":[{"href":"https:\/\/eloficiodehistoriar.com.mx\/index.php?rest_route=\/wp\/v2\/types\/post"}],"author":[{"embeddable":true,"href":"https:\/\/eloficiodehistoriar.com.mx\/index.php?rest_route=\/wp\/v2\/users\/249"}],"replies":[{"embeddable":true,"href":"https:\/\/eloficiodehistoriar.com.mx\/index.php?rest_route=%2Fwp%2Fv2%2Fcomments&post=28776"}],"version-history":[{"count":3,"href":"https:\/\/eloficiodehistoriar.com.mx\/index.php?rest_route=\/wp\/v2\/posts\/28776\/revisions"}],"predecessor-version":[{"id":28780,"href":"https:\/\/eloficiodehistoriar.com.mx\/index.php?rest_route=\/wp\/v2\/posts\/28776\/revisions\/28780"}],"wp:featuredmedia":[{"embeddable":true,"href":"https:\/\/eloficiodehistoriar.com.mx\/index.php?rest_route=\/wp\/v2\/media\/28777"}],"wp:attachment":[{"href":"https:\/\/eloficiodehistoriar.com.mx\/index.php?rest_route=%2Fwp%2Fv2%2Fmedia&parent=28776"}],"wp:term":[{"taxonomy":"category","embeddable":true,"href":"https:\/\/eloficiodehistoriar.com.mx\/index.php?rest_route=%2Fwp%2Fv2%2Fcategories&post=28776"},{"taxonomy":"post_tag","embeddable":true,"href":"https:\/\/eloficiodehistoriar.com.mx\/index.php?rest_route=%2Fwp%2Fv2%2Ftags&post=28776"}],"curies":[{"name":"wp","href":"https:\/\/api.w.org\/{rel}","templated":true}]}}