{"id":28817,"date":"2022-08-05T10:21:23","date_gmt":"2022-08-05T16:21:23","guid":{"rendered":"https:\/\/eloficiodehistoriar.com.mx\/?p=28817"},"modified":"2022-08-05T10:21:23","modified_gmt":"2022-08-05T16:21:23","slug":"10-las-familias-que-han-pedido-informacion-de-atrapados-en-la-mina-el-pinabete-no-se-que-haya-mas-victimas","status":"publish","type":"post","link":"https:\/\/eloficiodehistoriar.com.mx\/?p=28817","title":{"rendered":"10 las familias que han pedido informaci\u00f3n de atrapados en la mina El Pinabete, no se que haya m\u00e1s v\u00edctimas."},"content":{"rendered":"<div id=\"article-cont\" class=\"main-cont article-cont actuality\">\n<div class=\"series\">Tragedia 60 metros bajo tierra<\/div>\n<div class=\"sumarios\">\n<p>Se trabaja con ocho bombas<\/p>\n<\/div>\n<div class=\"cabeza\">El gobernador Riquelme no descarta que haya m\u00e1s de 10 v\u00edctimas en la mina<\/div>\n<div class=\"sumarios\">\n<p>La falta de informaci\u00f3n de las dimensiones del yacimiento obstaculiza las labores de rescate<\/p>\n<\/div>\n<div id=\"article-text\" class=\"text\">\n<div class=\"col col1\">\n<div class=\"credito-autor\">Leopoldo Ramos<\/div>\n<div class=\"credito-titulo\"><\/div>\n<div class=\"hemero\">La Jornada<\/p>\n<\/div>\n<p class=\"s-s\">Sabinas, Coah.,<\/p>\n<p class=\"s-s\">El gobernador de Coahuila, Miguel \u00c1ngel Riquelme Sol\u00eds, confirm\u00f3 ayer que son 10 las familias que han pedido informaci\u00f3n sobre alguno de sus integrantes, entre los que estaban atrapados en la mina de carb\u00f3n El Pinabete, pero no descart\u00f3 que haya m\u00e1s v\u00edctimas.<\/p>\n<p><q>Es lo que nos da realmente la posible certeza de que sean 10 nada m\u00e1s; no estamos descartando que pudieran ser m\u00e1s, pero la realidad es que ahorita hay 10 familias que est\u00e1n buscando a alguien y eso, generalmente, ustedes lo saben, es lo que alerta de manera inmediata<\/q>, refiri\u00f3 en entrevista colectiva, en las instalaciones del yacimiento.<\/p>\n<p>Cinco mineros lograron salir tras el accidente, de los cuales cuatro fueron hospitalizados y uno m\u00e1s result\u00f3 ileso.<\/p>\n<p>Los trabajos de extracci\u00f3n de agua en la mina se realizaban hasta ayer con ocho bombas especializadas, de 150 caballos de fuerza en conjunto y se espera que este viernes lleguen 17 equipos con mayor capacidad.<\/p>\n<p>Sin embargo, de acuerdo con los obreros que lograron salir y los familiares de los que no han sido localizados, lo que dificulta las labores para encontrar a los mineros es que hay m\u00e1s filtraciones de agua en el sitio.<\/p>\n<p>El yacimiento, ubicado en la poblaci\u00f3n de Villa de Agujita, en este municipio, tiene una estructura de tres pozos interconectados. Al parecer, los obreros que trabajaban en los pasadizos perforaron una pared que serv\u00eda de contenci\u00f3n a un r\u00edo subterr\u00e1neo, lo que provoc\u00f3 la inundaci\u00f3n.<\/p>\n<p><q>Nosotros tenemos fe en que puedan salir con vida, como siempre, que puedan haber tenido espacio en donde se pudieran refugiar y que de alguna forma podamos encontrarlos a salvo<\/q>, a\u00f1adi\u00f3 el mandatario pri\u00edsta.<\/p>\n<\/div>\n<div class=\"col col2\">\n<p>Indic\u00f3 que las autoridades estatales no tienen conocimiento de las dimensiones exactas del pozo debido a que los planos no est\u00e1n actualizados; tambi\u00e9n desconocen la direcci\u00f3n de los t\u00faneles y las condiciones internas de la excavaci\u00f3n.<\/p>\n<p>\u201cEstamos dando prioridad al rescate y me he comprometido con las familias a colaborar con la Federaci\u00f3n para deslindar responsabilidades, tanto para quienes son due\u00f1os, concesionarios o contratistas de la mina.<\/p>\n<p><q>Estos son los formatos en los que se puede tener una responsabilidad en la regi\u00f3n carbon\u00edfera; aqu\u00ed es caracter\u00edstico que de alguien es la concesi\u00f3n, alguien la explota y tambi\u00e9n puede haber un tercero que es el contratista, el que entra realmente a la mina<\/q>, manifest\u00f3 Riquelme Sol\u00eds.<\/p>\n<p>En los pozos, el espejo de agua o nivel de la inundaci\u00f3n est\u00e1 a 34 metros bajo tierra y la profundidad de los t\u00faneles va de 60 a 70 metros.<\/p>\n<p>La secretaria de Trabajo en el estado, Nazira Sogbi, dio a conocer que \u201clos top\u00f3grafos est\u00e1n analizando todos los alrededores para ver si pudiera haber m\u00e1s filtraciones de algunos cuerpos de agua que pudiera estar alrededor.<\/p>\n<p><q>Hay norias, hay otras minas, sabemos que hay tajos y precisamente lo que anda haciendo el equipo es un levantamiento para verificar<\/q>\u00a0que no est\u00e9 entrando m\u00e1s agua a la mina, puntualiz\u00f3.<\/p>\n<p>La mina Pinabete se localiza en la comunidad Villa de Agujita, del ejido El Mezquite, en un paraje denominado Las Adjuntas, donde se unen los r\u00edos \u00c1lamo y Sabinas, en terrenos de las minas La Nacional y Las Conchas, que est\u00e1n fuera de operaci\u00f3n desde hace d\u00e9cadas.<\/p>\n<\/div>\n<\/div>\n<div class=\"go gui\">\n<div class=\"go-up\"><\/div>\n<\/div>\n<\/div>\n<div id=\"taboola-below-content-thumbnails\" class=\" trc_related_container trc_spotlight_widget tbl-feed-container tbl-feed-frame-DIVIDER  render-late-effect\" data-feed-container-num=\"1\" data-feed-main-container-id=\"taboola-below-content-thumbnails\" data-parent-placement-name=\"Below Content Thumbnails\" data-pub-lang=\"es\">\n<div class=\" tbl-feed-header tbl-logo-right-position\">\n<div class=\"tbl-feed-header-logo\"><\/div>\n<\/div>\n<div id=\"taboola-below-content-thumbnails-pl1\" class=\" trc_related_container trc_spotlight_widget trc_elastic trc_elastic_organic-thumbs-feed-02  tbl-feed-card \" data-card-index=\"1\" data-batch-num=\"1\" data-placement-name=\"Below Content Thumbnails | Card 1\">\n<div class=\"trc_rbox_container\">\n<div>\n<div id=\"trc_wrapper_67559\" class=\"trc_rbox organic-thumbs-feed-02 trc-content-organic \">\n<div id=\"outer_67559\" class=\"trc_rbox_outer\">\n<div id=\"rbox-t2v\" class=\"trc_rbox_div trc_rbox_border_elm\">\n<div id=\"internal_trc_67559\">\n<div class=\"videoCube trc_spotlight_item origin-undefined thumbnail_top textItem videoCube_1_child trc-first-recommendation trc-spotlight-first-recommendation  trc_excludable \" data-item-id=\"558804142564338608\" data-item-title=\"El &amp;#34;secreto&amp;#34; para operar de forma segura en Internet ya est\u00e1 a la vista. Desc\u00fabrelo ahora\" data-item-thumb=\"https:\/\/www.jornada.com.mx\/ultimas\/2022\/08\/04\/el-secreto-para-operar-de-forma-segura-en-internet-ya-esta-a-la-vista-descubrelo-ahora-6562.html\/img-20220804-wa0000.jpg-6375.html\/image_large?bc=2022-08-04T17:06:28-05:00\" data-item-syndicated=\"false\">\n<div class=\"thumbBlock_holder\"><\/div>\n<\/div>\n<\/div>\n<\/div>\n<\/div>\n<\/div>\n<\/div>\n<\/div>\n<\/div>\n<\/div>\n","protected":false},"excerpt":{"rendered":"<p>Tragedia 60 metros bajo tierra Se trabaja con ocho bombas El gobernador Riquelme no descarta que haya m\u00e1s de 10 v\u00edctimas en la mina La falta de informaci\u00f3n de las dimensiones del yacimiento obstaculiza las labores de rescate Leopoldo Ramos La Jornada Sabinas, Coah., El gobernador de Coahuila, Miguel \u00c1ngel Riquelme Sol\u00eds, confirm\u00f3 ayer que [&hellip;]<\/p>\n","protected":false},"author":249,"featured_media":28818,"comment_status":"open","ping_status":"closed","sticky":false,"template":"","format":"standard","meta":{"footnotes":""},"categories":[26],"tags":[],"class_list":["post-28817","post","type-post","status-publish","format-standard","has-post-thumbnail","hentry","category-mundo"],"_links":{"self":[{"href":"https:\/\/eloficiodehistoriar.com.mx\/index.php?rest_route=\/wp\/v2\/posts\/28817","targetHints":{"allow":["GET"]}}],"collection":[{"href":"https:\/\/eloficiodehistoriar.com.mx\/index.php?rest_route=\/wp\/v2\/posts"}],"about":[{"href":"https:\/\/eloficiodehistoriar.com.mx\/index.php?rest_route=\/wp\/v2\/types\/post"}],"author":[{"embeddable":true,"href":"https:\/\/eloficiodehistoriar.com.mx\/index.php?rest_route=\/wp\/v2\/users\/249"}],"replies":[{"embeddable":true,"href":"https:\/\/eloficiodehistoriar.com.mx\/index.php?rest_route=%2Fwp%2Fv2%2Fcomments&post=28817"}],"version-history":[{"count":1,"href":"https:\/\/eloficiodehistoriar.com.mx\/index.php?rest_route=\/wp\/v2\/posts\/28817\/revisions"}],"predecessor-version":[{"id":28819,"href":"https:\/\/eloficiodehistoriar.com.mx\/index.php?rest_route=\/wp\/v2\/posts\/28817\/revisions\/28819"}],"wp:featuredmedia":[{"embeddable":true,"href":"https:\/\/eloficiodehistoriar.com.mx\/index.php?rest_route=\/wp\/v2\/media\/28818"}],"wp:attachment":[{"href":"https:\/\/eloficiodehistoriar.com.mx\/index.php?rest_route=%2Fwp%2Fv2%2Fmedia&parent=28817"}],"wp:term":[{"taxonomy":"category","embeddable":true,"href":"https:\/\/eloficiodehistoriar.com.mx\/index.php?rest_route=%2Fwp%2Fv2%2Fcategories&post=28817"},{"taxonomy":"post_tag","embeddable":true,"href":"https:\/\/eloficiodehistoriar.com.mx\/index.php?rest_route=%2Fwp%2Fv2%2Ftags&post=28817"}],"curies":[{"name":"wp","href":"https:\/\/api.w.org\/{rel}","templated":true}]}}