{"id":28832,"date":"2022-08-05T10:48:50","date_gmt":"2022-08-05T16:48:50","guid":{"rendered":"https:\/\/eloficiodehistoriar.com.mx\/?p=28832"},"modified":"2022-08-05T10:48:50","modified_gmt":"2022-08-05T16:48:50","slug":"por-que-la-sociedad-ha-cambiado-y-ya-no-ayuda-a-los-mas-vulnerables","status":"publish","type":"post","link":"https:\/\/eloficiodehistoriar.com.mx\/?p=28832","title":{"rendered":"\u00bfPor qu\u00e9 la sociedad ha cambiado y ya no ayuda a los m\u00e1s vulnerables?"},"content":{"rendered":"<div>\n<h1 class=\"title\">Tiempos actuales marcados por conflictos, odios y venganza: Cardenal Carlos Aguiar Retes<\/h1>\n<\/div>\n<h3 class=\"subtitle\">El Cardenal Carlos Aguiar Retes se\u00f1ala que en los tiempos actuales se viven conflictos y desuni\u00f3n por la falta de reconocimiento hacia Dios<\/h3>\n<div class=\"lead-gallery \">\n<div class=\"teaser  owl-carousel owl-theme\">\n<div class=\"owl-wrapper-outer\">\n<div class=\"owl-wrapper\">\n<div class=\"owl-item\">\n<div class=\"img-container picture\">\n<div id=\"standard_1\" class=\"st-placement standard_1 inImage\">\n<div class=\"st-adunit st-adunit-tagged st-reset st-show\">El Cardenal Carlos Aguiar Retes se\u00f1ala que en los tiempos actuales se viven conflictos y desuni\u00f3n por la falta de reconocimiento hacia Dios<\/div>\n<\/div>\n<\/div>\n<\/div>\n<\/div>\n<\/div>\n<\/div>\n<\/div>\n<div id=\"affix-share\" class=\"sharing-menu affix\">\n<ul>\n<li>Itzel Molina<\/li>\n<li>Diario de Xalapa<\/li>\n<\/ul>\n<\/div>\n<div class=\"content-body clearfix \">\n<div id=\"content-body-225-8672447\">\n<p>Xalapa, Ver.-<\/p>\n<p><b>Cardenal Carlos Aguiar Retes, arzobispo Primado de M\u00e9xico\u00a0<\/b>se\u00f1ala que en los tiempos actuales se viven conflictos, odios, venganza y desuni\u00f3n por la falta de reconocimiento hacia Dios.<\/p>\n<p>Este domingo envi\u00f3 un mensaje durante la celebraci\u00f3n eucar\u00edstica realizada en la\u00a0<b>Catedral Metropolitana de Xalapa<\/b>\u00a0en la que impuso al arzobispo de Xalapa,\u00a0<i>Jorge Carlos Patr\u00f3n Wong<\/i>, el Palio que le fue entregado el pasado 29 de julio por el Papa Francisco en la Bas\u00edlica de San Pedro, en Roma.<\/p>\n<\/div>\n<\/div>\n<div class=\"advertisment \">\n<div id=\"dfp-nota-1x3s\" data-google-query-id=\"CM-B0KKSsPkCFRcCswAdR80PRA\">\n<div id=\"google_ads_iframe_\/2000002\/diariodexalapa\/mexico_nota_1x3_0__container__\">Ante cientos de feligreses manifest\u00f3 que se debe reconocer que Dios ha preparado su casa para recibir a quienes viven en amor, unidos y sin divisiones.<\/div>\n<\/div>\n<\/div>\n<article class=\"content-continued-body clearfix \">\n<div id=\"content-body-5851641-8672447\">\n<p>\u201cEn estos tiempos vivimos en medio de conflictos, de odios, de violencias, de venganzas, de desuni\u00f3n, todas ellas caracter\u00edsticas indicativas de que hace falta anunciar a Cristo para que llegue al coraz\u00f3n del hombre y pueda entender que la casa del padre nos espera para que vivamos en el amor, unidos, no divididos, no enfrentados, para eso es esta peregrinaci\u00f3n en la tierra, nuestro paso terrenal\u201d, expone.<\/p>\n<h2><b>\u00bfPor qu\u00e9 la sociedad ha cambiado y ya no ayuda a los m\u00e1s vulnerables seg\u00fan el Cardenal?<\/b><\/h2>\n<p>Refiere que la codicia y la avaricia han provocado que las personas se interesen en su bienestar personal y dejen de lado la colaboraci\u00f3n, as\u00ed como el amor hacia los dem\u00e1s.<\/p>\n<p>\u201cEs la codicia y la avaricia de darle cada vez m\u00e1s satisfacciones a lo que me atrae, como dice San Pablo seremos esclavos de nuestras pasiones, por eso nos dice que debemos eliminar todo lo malo que existe en nosotros como la fornicaci\u00f3n, la impureza, las pasiones desordenadas\u201d, comenta.<\/p>\n<p>Indica que los malos deseos y la avaricia deben evitarse, adem\u00e1s de todo aquello que est\u00e1 pensando en el bienestar personal.<\/p>\n<p>Consider\u00f3 que los conflictos actuales y la violencia se han provocado, debido a que no se le ha dado a la familia la importancia que se merece.<\/p>\n<p>\u201cPor eso hoy vemos tanto conflicto, violencia, falta de respeto a la dignidad humana en todas partes porque la familia est\u00e1 herida, porque los matrimonios se realizan pensando en si se entienden o si les va bien, pero cuando el esposo o esposa ven para s\u00ed mismos ah\u00ed se empieza a destruir la familia\u201d, expresa.<\/p>\n<p>Puntualiza que la familia debe nacer con la convicci\u00f3n de que ambos deben cuidarse por encima de todos sus intereses, lo cual no es f\u00e1cil, \u201csi de entrada se tiene conciencia de esto hay que trabajarla de manera que viniendo los hijos tengan la experiencia de ser amados, no utilizados, es decir, que se les de la experiencia de amor para que tengan la posibilidad de amar m\u00e1s a los dem\u00e1s que a s\u00ed mismos\u201d.<\/p>\n<p>\u201cSi no tienen la experiencia de ser amados les va a costar trabajo, van a tener muchas ca\u00eddas, y van a necesitar mucha ayuda, las heridas hay que sanarlas, tienen remedio, pero por qu\u00e9 no facilitar las cosas conforme al proyecto de Dios\u201d, expone.<\/p>\n<p>Destaca que la familia es la escuela del amor propio y hacia los dem\u00e1s, \u201cpor eso nos preocupa a la Iglesia tanto la familia como el punto central para recuperar la sana relaci\u00f3n social\u201d.<\/p>\n<p>\u201cPidamos al Se\u00f1or que nos permita darnos esta luz interior que nos permita darnos cuenta que la vida nos la ha regalado para aprender a participar con \u00e9l en la otra vida, por eso recordemos lo que dice San Pablo: desp\u00f3jense del modo de actuar del viejo yo, es decir, que todas estas acciones y esclavitudes y adicciones no sean motivo para sentirse desesperanzados, sino que tengan la esperanza de que se pueden superar, aunque va a necesitar ayuda\u201d.<\/p>\n<p>Finalmente, pide a los feligreses renovarse con los conocimientos de Dios, quien los cre\u00f3 a su propia imagen.<\/p>\n<p>\u201cPidamos a Dios por esta provincia eclesi\u00e1stica que vive en comuni\u00f3n con sus obispos y su Arzobispo, para bien de la patria que busca la paz, de nuestra sociedad, de la Iglesia universal, que sea fermento de la civilizaci\u00f3n del amor\u201d, agrega.<\/p>\n<\/div>\n<\/article>\n","protected":false},"excerpt":{"rendered":"<p>Tiempos actuales marcados por conflictos, odios y venganza: Cardenal Carlos Aguiar Retes El Cardenal Carlos Aguiar Retes se\u00f1ala que en los tiempos actuales se viven conflictos y desuni\u00f3n por la falta de reconocimiento hacia Dios El Cardenal Carlos Aguiar Retes se\u00f1ala que en los tiempos actuales se viven conflictos y desuni\u00f3n por la falta de [&hellip;]<\/p>\n","protected":false},"author":249,"featured_media":28833,"comment_status":"open","ping_status":"closed","sticky":false,"template":"","format":"standard","meta":{"footnotes":""},"categories":[26],"tags":[],"class_list":["post-28832","post","type-post","status-publish","format-standard","has-post-thumbnail","hentry","category-mundo"],"_links":{"self":[{"href":"https:\/\/eloficiodehistoriar.com.mx\/index.php?rest_route=\/wp\/v2\/posts\/28832","targetHints":{"allow":["GET"]}}],"collection":[{"href":"https:\/\/eloficiodehistoriar.com.mx\/index.php?rest_route=\/wp\/v2\/posts"}],"about":[{"href":"https:\/\/eloficiodehistoriar.com.mx\/index.php?rest_route=\/wp\/v2\/types\/post"}],"author":[{"embeddable":true,"href":"https:\/\/eloficiodehistoriar.com.mx\/index.php?rest_route=\/wp\/v2\/users\/249"}],"replies":[{"embeddable":true,"href":"https:\/\/eloficiodehistoriar.com.mx\/index.php?rest_route=%2Fwp%2Fv2%2Fcomments&post=28832"}],"version-history":[{"count":1,"href":"https:\/\/eloficiodehistoriar.com.mx\/index.php?rest_route=\/wp\/v2\/posts\/28832\/revisions"}],"predecessor-version":[{"id":28834,"href":"https:\/\/eloficiodehistoriar.com.mx\/index.php?rest_route=\/wp\/v2\/posts\/28832\/revisions\/28834"}],"wp:featuredmedia":[{"embeddable":true,"href":"https:\/\/eloficiodehistoriar.com.mx\/index.php?rest_route=\/wp\/v2\/media\/28833"}],"wp:attachment":[{"href":"https:\/\/eloficiodehistoriar.com.mx\/index.php?rest_route=%2Fwp%2Fv2%2Fmedia&parent=28832"}],"wp:term":[{"taxonomy":"category","embeddable":true,"href":"https:\/\/eloficiodehistoriar.com.mx\/index.php?rest_route=%2Fwp%2Fv2%2Fcategories&post=28832"},{"taxonomy":"post_tag","embeddable":true,"href":"https:\/\/eloficiodehistoriar.com.mx\/index.php?rest_route=%2Fwp%2Fv2%2Ftags&post=28832"}],"curies":[{"name":"wp","href":"https:\/\/api.w.org\/{rel}","templated":true}]}}