{"id":28836,"date":"2022-08-06T10:02:15","date_gmt":"2022-08-06T16:02:15","guid":{"rendered":"https:\/\/eloficiodehistoriar.com.mx\/?p=28836"},"modified":"2022-08-06T10:02:15","modified_gmt":"2022-08-06T16:02:15","slug":"este-jueves-se-reactivo-la-lluvia-de-balas-con-francotiradores-paramilitares-en-el-municipio-de-chenalho","status":"publish","type":"post","link":"https:\/\/eloficiodehistoriar.com.mx\/?p=28836","title":{"rendered":"Este jueves se reactiv\u00f3 la lluvia de balas con francotiradores, paramilitares, en el municipio de Chenalh\u00f3."},"content":{"rendered":"<h2 id=\"article-title-tts\" class=\"title title-default\">Paramilitares reinician ataque contra tsotsiles en Chiapas<\/h2>\n<div class=\"article-info\"><a class=\"author\" href=\"https:\/\/www.jornada.com.mx\/author\/hermann-bellinghausen-enviado.html\">Hermann Bellinghausen, <\/a>.<\/div>\n<div id=\"article-content-images\" class=\"content-items-media\"><\/div>\n<div class=\"foto-pie\">Representantes tsotsiles piden dejar de ser \u00abcazados como animales\u00bb, poder ir libres y en paz a sus parcelas y los ni\u00f1os a las aulas.<\/div>\n<div class=\"article-row\">\n<div class=\"social-links right\">\n<div id=\"content-sintesis-audio\" class=\"sintesis-audio\">\n<div class=\"speak-cont btn-group\">\n<form>&nbsp;<\/p>\n<p><em>San Crist\u00f3bal de Las Casas, Chis.<\/em><\/p>\n<p>Tras mes y medio de relativa calma en las comunidades tsotsiles de Magdalena Aldama, este jueves se reactiv\u00f3 la lluvia de balas procedente de francotiradores, presuntos paramilitares, apostados en distintos poblados de Santa Martha, en el municipio de Chenalh\u00f3.<\/p>\n<\/form>\n<\/div>\n<\/div>\n<\/div>\n<div class=\"article-main\">\n<div class=\"row\">\n<div id=\"article-content-tts\" class=\"article-content ljn-nota-contenido\">\n<div id=\"content_nitf\">\n<div class=\"teads-inread\">\n<div id=\"teads0\" class=\"teads-player\">Seg\u00fan reportaron desplazados del municipio de Aldama, a las 15:50 horas las comunidades de Tabac y Coco\u2019 fueron atacadas con \u201cdisparos de altos calibres percutidos por grupos armados, que provienen de los puntos de ataque de la Base de la Polic\u00eda y Curva Tontik en Saclum, Chenalh\u00f3\u201d. La agresi\u00f3n se repiti\u00f3 a las 20:24 horas.<\/div>\n<\/div>\n<p>El motivo de este pasajero \u201crespiro\u201d es que el 25 de junio se desat\u00f3 un conflicto, a tiros, entre los propios grupos civiles armados en Santa Martha. Desde entonces, los pobladores de Aldama observan tiroteos en la comunidad de la cual los separa una gran hondonada (el territorio en disputa). Incluso hubo un ataque al comisariado ejidal, uno de cuyos miembros muri\u00f3 en los hechos.<\/p>\n<p>Para las comunidades agredidas de Aldama se trat\u00f3 de la primera vez en tres a\u00f1os que no fueron baleadas por un a\u00f1ejo conflicto agrario que entr\u00f3 en fase cr\u00edtica hace ya cinco a\u00f1os. Los representantes de las 12 comunidades Beneficiarias de las Medidas Cautelares 284-18 de la Comisi\u00f3n Interamericana de los Derechos Humanos (CIDH) y de la Comisi\u00f3n Permanente de los 115 Comuneros y Desplazados de Magdalena Aldama expresaron en d\u00edas pasados:<\/p>\n<p>\u201cDesde hace cinco a\u00f1os nuestro pueblo vive una crisis humanitaria y econ\u00f3mica tras ser agredidos por grupos armados que operan en Santa Martha, del municipio de Chenalh\u00f3, por disputa de 60 hect\u00e1reas; ello ha llevado a nuestro pueblo a la pobreza, migraci\u00f3n de muchas personas por no poder trabajar en sus parcelas y tambi\u00e9n se han perdido las cosechas por el abandono a consecuencia de las agresiones, lo que provoc\u00f3 desplazamientos forzados permanentes e intermitentes, as\u00ed como varios heridos y fallecidos\u201d.<\/p>\n<p>Desde el 23 de abril de 2021 se implementaron medidas cautelares a favor de 12 comunidades afectadas en Aldama (resoluci\u00f3n 35\/2021 de la CIDH). La comisi\u00f3n solicit\u00f3 al Estado mexicano implementar las acciones \u201cde seguridad necesarias para proteger y salvaguardar la vida e integridad f\u00edsica de las personas beneficiarias\u201d. Ello no ha impedido las balaceras. S\u00f3lo en 2022 se han perpetrado m\u00e1s de 200 ataques.<\/p>\n<div class=\"teads-inread\">\n<div>\n<div id=\"teads1\" class=\"teads-player\">A juicio de los representes de Aldama, el conflicto interno entre sus agresores muestra que en Chenalh\u00f3 existen no uno, sino varios grupos armados, y no todos son de Santa Martha, provienen de otros poblados lejanos; aquellos donde se gest\u00f3 la masacre de Acteal hace 25 a\u00f1os.<\/div>\n<\/div>\n<\/div>\n<p>\u201cSiguen operando y asesinando, como prueban los hechos recientes. El 25 de junio empez\u00f3 un conflicto en Santa Martha entre grupos armados y la gente del comisariado por una disputa de tierras\u201d. De hecho, hay familias desplazadas de Zapata, en Chenalh\u00f3.<\/p>\n<p>Los representantes ind\u00edgenas advierten: \u201cSi no act\u00faa el gobierno ante esta problem\u00e1tica, podr\u00eda repetirse lo sucedido en Acteal en 1997, porque el paramilitarismo sigue activo y nunca se desarm\u00f3. Los verdaderos asesinos a\u00fan transitan libremente, mientras los inocentes, que buscan la justicia verdadera, exigir sus derechos humanos, a la tierra, a la paz y defender al territorio, siguen siendo privados de su libertad, amenazados, perseguidos.<\/p>\n<p>\u201cEl gobierno nunca desarticul\u00f3 e investig\u00f3 estos grupos armados, mientras los organizadores siguen libres, y las amenazas hacia nuestro pueblo contin\u00faan. La poblaci\u00f3n sigue viviendo en temor y con afectaciones sicol\u00f3gicas, nerviosismo y enfermedades que ha provocado esta situaci\u00f3n\u201d.<\/p>\n<p>Los desplazamientos son permanentes. Son \u201czonas de alto riesgo\u201d las comunidades Xuxch\u2019en, Coco\u2019, Tabac, Ch\u2019ivit, Stzelejpotobtik y Cabecera. El \u00faltimo desplazamiento se dio en Ch\u2019ivit el 20 de febrero de este a\u00f1o. Pero, \u201cel desplazamiento intermitente abarca 10 comunidades que salen en sus hogares cuando los ataques son muy intensos\u201d. Esto impide el tr\u00e1nsito y causa \u201cda\u00f1os y p\u00e9rdida de cosechas\u201d.<\/p>\n<p>Los representantes tsotsiles declaran: \u201cLo \u00fanico que pedimos es vivir en paz, retomar nuestras vidas cotidianas y que la ni\u00f1ez retorne a las aulas, que el tr\u00e1nsito sea libre y sin miedo, que al ir a nuestras parcelas ya no seamos cazados como animales\u201d. Aunque se han logrado algunos acuerdos compensatorios a su favor, ante el otorgamiento en tr\u00e1mite de las tierras a Santa Martha, \u201clos da\u00f1os econ\u00f3micos, materiales, f\u00edsicos y sicol\u00f3gicos siguen latentes en nuestros corazones\u201d. Y la mayor parte de sus demandas, no han sido atendidas.<\/p>\n<\/div>\n<\/div>\n<\/div>\n<\/div>\n<\/div>\n","protected":false},"excerpt":{"rendered":"<p>Paramilitares reinician ataque contra tsotsiles en Chiapas Hermann Bellinghausen, . Representantes tsotsiles piden dejar de ser \u00abcazados como animales\u00bb, poder ir libres y en paz a sus parcelas y los ni\u00f1os a las aulas. &nbsp; San Crist\u00f3bal de Las Casas, Chis. Tras mes y medio de relativa calma en las comunidades tsotsiles de Magdalena Aldama, [&hellip;]<\/p>\n","protected":false},"author":249,"featured_media":28837,"comment_status":"open","ping_status":"closed","sticky":false,"template":"","format":"standard","meta":{"footnotes":""},"categories":[26],"tags":[],"class_list":["post-28836","post","type-post","status-publish","format-standard","has-post-thumbnail","hentry","category-mundo"],"_links":{"self":[{"href":"https:\/\/eloficiodehistoriar.com.mx\/index.php?rest_route=\/wp\/v2\/posts\/28836","targetHints":{"allow":["GET"]}}],"collection":[{"href":"https:\/\/eloficiodehistoriar.com.mx\/index.php?rest_route=\/wp\/v2\/posts"}],"about":[{"href":"https:\/\/eloficiodehistoriar.com.mx\/index.php?rest_route=\/wp\/v2\/types\/post"}],"author":[{"embeddable":true,"href":"https:\/\/eloficiodehistoriar.com.mx\/index.php?rest_route=\/wp\/v2\/users\/249"}],"replies":[{"embeddable":true,"href":"https:\/\/eloficiodehistoriar.com.mx\/index.php?rest_route=%2Fwp%2Fv2%2Fcomments&post=28836"}],"version-history":[{"count":1,"href":"https:\/\/eloficiodehistoriar.com.mx\/index.php?rest_route=\/wp\/v2\/posts\/28836\/revisions"}],"predecessor-version":[{"id":28838,"href":"https:\/\/eloficiodehistoriar.com.mx\/index.php?rest_route=\/wp\/v2\/posts\/28836\/revisions\/28838"}],"wp:featuredmedia":[{"embeddable":true,"href":"https:\/\/eloficiodehistoriar.com.mx\/index.php?rest_route=\/wp\/v2\/media\/28837"}],"wp:attachment":[{"href":"https:\/\/eloficiodehistoriar.com.mx\/index.php?rest_route=%2Fwp%2Fv2%2Fmedia&parent=28836"}],"wp:term":[{"taxonomy":"category","embeddable":true,"href":"https:\/\/eloficiodehistoriar.com.mx\/index.php?rest_route=%2Fwp%2Fv2%2Fcategories&post=28836"},{"taxonomy":"post_tag","embeddable":true,"href":"https:\/\/eloficiodehistoriar.com.mx\/index.php?rest_route=%2Fwp%2Fv2%2Ftags&post=28836"}],"curies":[{"name":"wp","href":"https:\/\/api.w.org\/{rel}","templated":true}]}}