{"id":28843,"date":"2022-08-06T10:20:57","date_gmt":"2022-08-06T16:20:57","guid":{"rendered":"https:\/\/eloficiodehistoriar.com.mx\/?p=28843"},"modified":"2022-08-06T10:20:57","modified_gmt":"2022-08-06T16:20:57","slug":"texas-comenzo-a-enviar-autobuses-con-migrantes-a-nueva-york-un-camion-con-54-personas-ya-llego","status":"publish","type":"post","link":"https:\/\/eloficiodehistoriar.com.mx\/?p=28843","title":{"rendered":"Texas, comenz\u00f3 a enviar autobuses con migrantes a Nueva York, un cami\u00f3n, con 54 personas, ya lleg\u00f3"},"content":{"rendered":"<div id=\"main-cont\">\n<article>\n<div id=\"article-cont\" class=\"main-cont article-cont actuality\">\n<div class=\"sumarios\">\n<p>Critica pol\u00edtica de\u00a0<q>brazos abiertos<\/q><\/p>\n<\/div>\n<div class=\"cabeza\">Texas env\u00eda a migrantes a NY en autobuses<\/div>\n<div class=\"sumarios\"><\/div>\n<div id=\"article-text\" class=\"text\">\n<div class=\"col col1\">\n<div class=\"credito-autor\">Reuters, Afp y Ap<\/div>\n<div class=\"credito-titulo\"><\/div>\n<div class=\"hemero\">La Jornada<\/p>\n<\/div>\n<p class=\"s-s\">Nueva York.<\/p>\n<p class=\"s-s\">En un esfuerzo por responsabilizar a los alcaldes dem\u00f3cratas y al presidente de Estados Unidos, Joe Biden, por el gran volumen de indocumentados que cruzan la frontera, el gobernador de Texas, el republicano Greg Abbott, declar\u00f3 ayer que comenz\u00f3 a enviar autobuses con migrantes a la ciudad de Nueva York.<\/p>\n<p>El primer cami\u00f3n, con 54 personas, lleg\u00f3 temprano ayer a la Terminal de Autobuses de la Autoridad Portuaria de la ciudad en el centro de Manhattan.<\/p>\n<p>Voluntarios subieron a grupos de migrantes en taxis que se dirig\u00edan a un centro de admisi\u00f3n cercano, donde dijeron que algunos ser\u00edan procesados para ingresar a los refugios para personas sin hogar de la ciudad.<\/p>\n<p>La mayor\u00eda de los migrantes son de origen latinoamerica-no, de pa\u00edses como Honduras, Venezuela, Nicaragua y Cuba, pero algunos provienen de \u00c1frica Central, indic\u00f3 a la radiodifusora NPR Abel Nu\u00f1ez, director del Centro Centroamericano de Recursos.<\/p>\n<p>Abbott, quien se postula para un tercer mandato como gobernador en las elecciones de noviembre, ha enviado a m\u00e1s de 6 mil inmigrantes al estado de Washington desde abril en un esfuerzo por combatir la inmigraci\u00f3n ilegal y criticar a Biden por sus pol\u00edticas m\u00e1s acogedoras.<\/p>\n<p>El gobernador de Arizona, Doug Ducey, otro republicano, sigui\u00f3 el ejemplo de Abbott y transport\u00f3 en autob\u00fas a otros mil a Washington.<\/p>\n<p><q>Los migrantes pueden recibir la abundancia de servicios y viviendas de la ciudad de los que el alcalde de Nueva York, Eric Adams, se ha jactado. Espero que cumpla su promesa de acoger a todos los migrantes con los brazos abiertos para que nuestras ciudades fronterizas invadidas y abrumadas puedan encontrar alivio<\/q>, afirm\u00f3 Abbott en un comunicado.<\/p>\n<\/div>\n<div class=\"col col2\">\n<p>La oficina de Adams catalog\u00f3 el envi\u00f3 como un\u00a0<q>cruel juego pol\u00edtico. El gobernador Abbott finalmente admite lo que sabemos que ha estado haciendo todo el tiempo. Su continuo uso de seres humanos como peones pol\u00edticos es repugnante y una mancha vergonzosa en el estado de Texas<\/q>, revel\u00f3 al canal ABC7 un vocero de es-ta administraci\u00f3n.<\/p>\n<p>La alcaldesa de Washington DC, Muriel Bowser, tambi\u00e9n se\u00f1al\u00f3 que el sistema de refugios de su ciudad se ha visto afectado por la llegada de inmigrantes y el mes pasado solicit\u00f3 a la administraci\u00f3n de Biden que despliegue tropas militares para asistir a los indocumentados, petici\u00f3n que incomod\u00f3 a los funcionarios de la Casa Blanca.<\/p>\n<p>El Departamento de Defensa de Estados Unidos se opone a des-plegar la guardia nacional en el Distrito de Columbia, donde se encuentra Washington, para lidiar con los indocumentados enviados en camiones desde Texas y Arizona, afirm\u00f3 este viernes un funcionario del Pent\u00e1gono.<\/p>\n<p>Bowser llam\u00f3 al secretario de Defensa, Lloyd J. Austin,\u00a0<q>que despliegue la guardia nacional de DC<\/q><\/p>\n<p>En tanto, las autoridades migratorias estadunidenses planean emitir tarjetas de identificaci\u00f3n con foto para los migrantes en proceso de deportaci\u00f3n en un intento por reducir el uso de papel y ayudarles a mantenerse al d\u00eda con sus reuniones y vistas judiciales, seg\u00fan funcionarios.<\/p>\n<\/div>\n<\/div>\n<div class=\"go gui\">\n<div class=\"go-up\"><\/div>\n<\/div>\n<\/div>\n<\/article>\n<\/div>\n<div id=\"interstitialdfpportadas\"><\/div>\n","protected":false},"excerpt":{"rendered":"<p>Critica pol\u00edtica de\u00a0brazos abiertos Texas env\u00eda a migrantes a NY en autobuses Reuters, Afp y Ap La Jornada Nueva York. En un esfuerzo por responsabilizar a los alcaldes dem\u00f3cratas y al presidente de Estados Unidos, Joe Biden, por el gran volumen de indocumentados que cruzan la frontera, el gobernador de Texas, el republicano Greg Abbott, [&hellip;]<\/p>\n","protected":false},"author":249,"featured_media":28844,"comment_status":"open","ping_status":"closed","sticky":false,"template":"","format":"standard","meta":{"footnotes":""},"categories":[26],"tags":[],"class_list":["post-28843","post","type-post","status-publish","format-standard","has-post-thumbnail","hentry","category-mundo"],"_links":{"self":[{"href":"https:\/\/eloficiodehistoriar.com.mx\/index.php?rest_route=\/wp\/v2\/posts\/28843","targetHints":{"allow":["GET"]}}],"collection":[{"href":"https:\/\/eloficiodehistoriar.com.mx\/index.php?rest_route=\/wp\/v2\/posts"}],"about":[{"href":"https:\/\/eloficiodehistoriar.com.mx\/index.php?rest_route=\/wp\/v2\/types\/post"}],"author":[{"embeddable":true,"href":"https:\/\/eloficiodehistoriar.com.mx\/index.php?rest_route=\/wp\/v2\/users\/249"}],"replies":[{"embeddable":true,"href":"https:\/\/eloficiodehistoriar.com.mx\/index.php?rest_route=%2Fwp%2Fv2%2Fcomments&post=28843"}],"version-history":[{"count":1,"href":"https:\/\/eloficiodehistoriar.com.mx\/index.php?rest_route=\/wp\/v2\/posts\/28843\/revisions"}],"predecessor-version":[{"id":28845,"href":"https:\/\/eloficiodehistoriar.com.mx\/index.php?rest_route=\/wp\/v2\/posts\/28843\/revisions\/28845"}],"wp:featuredmedia":[{"embeddable":true,"href":"https:\/\/eloficiodehistoriar.com.mx\/index.php?rest_route=\/wp\/v2\/media\/28844"}],"wp:attachment":[{"href":"https:\/\/eloficiodehistoriar.com.mx\/index.php?rest_route=%2Fwp%2Fv2%2Fmedia&parent=28843"}],"wp:term":[{"taxonomy":"category","embeddable":true,"href":"https:\/\/eloficiodehistoriar.com.mx\/index.php?rest_route=%2Fwp%2Fv2%2Fcategories&post=28843"},{"taxonomy":"post_tag","embeddable":true,"href":"https:\/\/eloficiodehistoriar.com.mx\/index.php?rest_route=%2Fwp%2Fv2%2Ftags&post=28843"}],"curies":[{"name":"wp","href":"https:\/\/api.w.org\/{rel}","templated":true}]}}