{"id":28846,"date":"2022-08-06T10:27:01","date_gmt":"2022-08-06T16:27:01","guid":{"rendered":"https:\/\/eloficiodehistoriar.com.mx\/?p=28846"},"modified":"2022-08-06T10:27:01","modified_gmt":"2022-08-06T16:27:01","slug":"en-cierre-cardiaco-supero-a-japonesa-la-marchista-karla-ximena-serrano-campeona-mundial-sub-20","status":"publish","type":"post","link":"https:\/\/eloficiodehistoriar.com.mx\/?p=28846","title":{"rendered":"En cierre cardiaco super\u00f3 a japonesa  la marchista Karla Ximena Serrano, campeona mundial Sub-20"},"content":{"rendered":"<div id=\"main-cont\">\n<article>\n<div id=\"article-cont\" class=\"main-cont article-cont actuality\">\n<div class=\"sumarios\">\n<p>En cierre cardiaco super\u00f3 a japonesa<\/p>\n<\/div>\n<div class=\"cabeza\">Marchista Karla Ximena Serrano, campeona mundial Sub-20 en Cali<\/div>\n<div class=\"sumarios\">\n<p>Paola Bueno gana hist\u00f3rica plata en el lanzamiento de martillo<\/p>\n<\/div>\n<div id=\"article-text\" class=\"text\">\n<div class=\"foto\">\n<div class=\"pie-foto\">La michoacana de 18 a\u00f1os cruz\u00f3 la meta con el pu\u00f1o en alto y una gran sonrisa, tras dejar atr\u00e1s a la japonesa Ai Ooyama, quien se qued\u00f3 con la plata.<\/div>\n<\/div>\n<div class=\"foto\">\n<div class=\"pie-foto\">Redacci\u00f3n<\/div>\n<\/div>\n<div class=\"col col1\">\n<div class=\"credito-titulo\"><\/div>\n<div class=\"hemero\">La Jornada<\/p>\n<\/div>\n<p class=\"s-s\">Cerca de la l\u00ednea de llegada, Karla Ximena Serrano Olivares logr\u00f3 un espectacular cierre para apoderarse de la medalla de oro sobre la japonesa Ai Ooyama en los 10 mil metros marcha y darle a M\u00e9xico su primer t\u00edtulo en el Campeonato Mundial de Atletismo Sub-20 en Cali, Colombia.<\/p>\n<p>La sonrisa y el pu\u00f1o en alto de la andarina al cruzar la meta en 46:24.35 minutos, su mejor marca, contrast\u00f3 con el gesto de impotencia y dolor de la nipona que se qued\u00f3 con la presea de plata (46:24.44), seguida de su compatriota Ayane Yanai (46:43.07), quien se benefici\u00f3 tras la descalificaci\u00f3n de la australiana Olivia Sandery.<\/p>\n<p>Una diferencia de nueve cent\u00e9simas puso a la michoacana en el concierto mundial para continuar con la hegemon\u00eda que en su etapa juvenil consiguieron sus compa\u00f1eras Alegna Gonz\u00e1lez, quien gan\u00f3 la \u00e1urea en Tempere 2018, y el campeonato de Sof\u00eda Ramos, en Nairobi 2021, que forman parte del equipo comandado por el entrenador Ignacio Zamudio.<\/p>\n<p><q>Sent\u00ed que nos pod\u00edan alcanzar m\u00e1s competidoras, jal\u00e9 y al final de alg\u00fan lugar sali\u00f3 ese cierre; estoy muy feliz, es algo que tiene mi equipo que hace que seamos unas campeonas. Cada una tiene su actitud y al igual que todos siempre queremos triunfar, en M\u00e9xico estamos acostumbrados y venir a otro lugar, es mucho m\u00e1s orgullo cargar con todo el pa\u00eds apoy\u00e1ndonos<\/q>, declar\u00f3 Karla Ximena a la Federaci\u00f3n Mexicana de Asociaciones de Atletismo (FMAA).<\/p>\n<p>En su debut mundial, la marchista de 18 a\u00f1os sostuvo una fuerte pelea contra las dos japonesas que estuvieron liderando la prueba y esper\u00f3 el momento m\u00e1s crucial para atacar casi al final de las 25 vueltas que dieron en la pista del estadio Ol\u00edmpico Pascual Guerrero con una Ooyama, de 16 de edad, quien perdi\u00f3 la presea dorada frente al emocionante cierre que ofreci\u00f3 la mexicana.<\/p>\n<\/div>\n<div class=\"col col2\">\n<p>Con el t\u00edtulo del orbe, Karla Ximena Serrano redonde\u00f3 una temporada de ensue\u00f1o luego de los triunfos que obtuvo en Rep\u00fablica Checa y Espa\u00f1a.<\/p>\n<p><q>Estaba esperando esta victoria, siempre salimos positivos y conf\u00edo completamente en mis habilidades. Llegamos preparados<\/q>, agreg\u00f3 Serrano al portal de World Athletics.<\/p>\n<p>En la prueba varonil de 10 mil metros, los marchistas mexicanos Jonathan Jacob Pe\u00f1a (44:26.99) y \u00c1ngel Montes de Oca (45:04.83) finalizaron en los lugares 13 y 18, respectivamente.<\/p>\n<p>Turqu\u00eda hizo el 1-3 con Mazlum Demir (42:36.02), y Hayrettin Yildiz (43:07.95), mientras el argelino Ismail Benhammouda (42:42.49) ocup\u00f3 el segundo puesto.<\/p>\n<p>La segunda presea tricolor cay\u00f3 con la nayarita Paola Bueno Calvillo al conseguir una hist\u00f3rica plata en lanzamiento de martillo con 62.74 metros. La italiana Rachele Mori gan\u00f3 el oro con su 67.21, y el bronce fue para la japonesa Raika Murakami, 61.45.<\/p>\n<p>El relevo femenil 4&#215;100 de Jamaica refrend\u00f3 el t\u00edtulo con r\u00e9cord mundial de 42.59 segundos en otra jornada dorada para su pa\u00eds, que se sum\u00f3 al triunfo de Brianna Lyston en 200 metros, en salto de altura de Brandon Pottinger y el triplista Jaydon Hibbert, quien impuso marca de 17.27 metros.<\/p>\n<p>&nbsp;<\/p>\n<\/div>\n<\/div>\n<div class=\"go gui\">\n<div class=\"go-up\"><\/div>\n<\/div>\n<\/div>\n<div id=\"taboola-below-content-thumbnails\" class=\" trc_related_container trc_spotlight_widget\"><\/div>\n<\/article>\n<\/div>\n<div id=\"interstitialdfpportadas\"><\/div>\n","protected":false},"excerpt":{"rendered":"<p>En cierre cardiaco super\u00f3 a japonesa Marchista Karla Ximena Serrano, campeona mundial Sub-20 en Cali Paola Bueno gana hist\u00f3rica plata en el lanzamiento de martillo La michoacana de 18 a\u00f1os cruz\u00f3 la meta con el pu\u00f1o en alto y una gran sonrisa, tras dejar atr\u00e1s a la japonesa Ai Ooyama, quien se qued\u00f3 con la [&hellip;]<\/p>\n","protected":false},"author":249,"featured_media":28847,"comment_status":"open","ping_status":"closed","sticky":false,"template":"","format":"standard","meta":{"footnotes":""},"categories":[26],"tags":[],"class_list":["post-28846","post","type-post","status-publish","format-standard","has-post-thumbnail","hentry","category-mundo"],"_links":{"self":[{"href":"https:\/\/eloficiodehistoriar.com.mx\/index.php?rest_route=\/wp\/v2\/posts\/28846","targetHints":{"allow":["GET"]}}],"collection":[{"href":"https:\/\/eloficiodehistoriar.com.mx\/index.php?rest_route=\/wp\/v2\/posts"}],"about":[{"href":"https:\/\/eloficiodehistoriar.com.mx\/index.php?rest_route=\/wp\/v2\/types\/post"}],"author":[{"embeddable":true,"href":"https:\/\/eloficiodehistoriar.com.mx\/index.php?rest_route=\/wp\/v2\/users\/249"}],"replies":[{"embeddable":true,"href":"https:\/\/eloficiodehistoriar.com.mx\/index.php?rest_route=%2Fwp%2Fv2%2Fcomments&post=28846"}],"version-history":[{"count":1,"href":"https:\/\/eloficiodehistoriar.com.mx\/index.php?rest_route=\/wp\/v2\/posts\/28846\/revisions"}],"predecessor-version":[{"id":28848,"href":"https:\/\/eloficiodehistoriar.com.mx\/index.php?rest_route=\/wp\/v2\/posts\/28846\/revisions\/28848"}],"wp:featuredmedia":[{"embeddable":true,"href":"https:\/\/eloficiodehistoriar.com.mx\/index.php?rest_route=\/wp\/v2\/media\/28847"}],"wp:attachment":[{"href":"https:\/\/eloficiodehistoriar.com.mx\/index.php?rest_route=%2Fwp%2Fv2%2Fmedia&parent=28846"}],"wp:term":[{"taxonomy":"category","embeddable":true,"href":"https:\/\/eloficiodehistoriar.com.mx\/index.php?rest_route=%2Fwp%2Fv2%2Fcategories&post=28846"},{"taxonomy":"post_tag","embeddable":true,"href":"https:\/\/eloficiodehistoriar.com.mx\/index.php?rest_route=%2Fwp%2Fv2%2Ftags&post=28846"}],"curies":[{"name":"wp","href":"https:\/\/api.w.org\/{rel}","templated":true}]}}