{"id":28850,"date":"2022-08-07T08:41:04","date_gmt":"2022-08-07T14:41:04","guid":{"rendered":"https:\/\/eloficiodehistoriar.com.mx\/?p=28850"},"modified":"2022-08-07T08:41:04","modified_gmt":"2022-08-07T14:41:04","slug":"la-sociedad-mexicana-de-geografia-y-estadistica-es-la-primera-en-america-y-cuarta-en-el-mundo-1833","status":"publish","type":"post","link":"https:\/\/eloficiodehistoriar.com.mx\/?p=28850","title":{"rendered":"La\u00a0Sociedad Mexicana de Geograf\u00eda y Estad\u00edstica, es la primera en Am\u00e9rica y cuarta en el mundo. 1833."},"content":{"rendered":"<div id=\"article-cont\" class=\"main-cont article-cont analysis\">\n<div class=\"cabeza\">Venerable y milagrosa<\/div>\n<div class=\"sumarios\"><\/div>\n<div class=\"credito-articulo\">\u00c1ngeles Gonz\u00e1lez Gamio<\/div>\n<div><\/div>\n<div id=\"article-text\" class=\"text\">\n<div class=\"col col1\">\n<div class=\"inicial\">Poco se conoce que la\u00a0Sociedad Mexicana de Geograf\u00eda y Estad\u00edstica (SMGE) es la primera en Am\u00e9rica y cuarta en el mundo. Se fund\u00f3 en la Ciudad de M\u00e9xico en abril de 1833, durante el gobierno de Valent\u00edn G\u00f3mez Far\u00edas. Integrada por academias, ha incursionado en todos los campos del conocimiento humano: ciencias, artes, letras y estudios socioecon\u00f3micos. Han sido integrantes personajes notables que participaron en la soluci\u00f3n de problemas de inter\u00e9s nacional con un profundo sentido humanista. Una de sus aportaciones fue su iniciativa para que el gobierno mexicano expidiera la legislaci\u00f3n para determinar los nombres geogr\u00e1ficos de las ciudades y otras poblaciones del pa\u00eds, creando as\u00ed la primera carta general en 1850. Fue pionera en la investigaci\u00f3n cient\u00edfica en M\u00e9xico y tambi\u00e9n la primera instituci\u00f3n en el desarrollo y la pr\u00e1ctica de la geograf\u00eda.<\/div>\n<p>Ocupa una soberbia casona en la calle Justo Sierra que durante el apogeo de Tenochtitlan se dice que era la casa para sacerdotes dedicados al servicio del Templo de Tezcatlipoca Rojo.<\/p>\n<p>Tras la Conquista, el predio perteneci\u00f3 a uno de los capitanes de Hern\u00e1n Cort\u00e9s, pas\u00f3 a diferentes manos y a fines del siglo XVII se construy\u00f3 la mansi\u00f3n barroca, de colorido tezontle y elegante cantera que \u2013con algunas modificaciones\u2013 todav\u00eda podemos admirar. Actualmente la preside el maestro Hugo Castro Aranda y milagrosamente se mantiene viva, a pesar del nulo apoyo econ\u00f3mico que recibe del gobierno de M\u00e9xico.<\/p>\n<p>Ha organizado una serie de conferencias que se celebran los martes hasta mediados de septiembre, por el 150 aniversario del fallecimiento de Benito Ju\u00e1rez, cuyo nombre, por cierto, lleva la presea que la SMGE entrega a personas que han hecho aportes relevantes a nuestro pa\u00eds.<\/p>\n<p>El pr\u00f3ximo martes 9, a las 19 horas, voy a tener el privilegio de dar la charla\u00a0<q>La Ciudad de M\u00e9xico durante el juarismo<\/q>, que se va a transmitir en l\u00ednea.<\/p>\n<p>Entre otros, vamos a recordar cuando, junto con destacados liberales, emiti\u00f3 las Leyes de Reforma, que entre otras medidas trascendentes recuper\u00f3 los bienes de la Iglesia cat\u00f3lica que detentaba un enorme poder econ\u00f3mico y pol\u00edtico; eran due\u00f1os de m\u00e1s de la mitad de los bienes inmuebles en la Ciudad de M\u00e9xico.<\/p>\n<\/div>\n<div class=\"col col2\">\n<p>Adem\u00e1s de los templos y grandes conventos, pose\u00edan multitud de casas que rentaban y en el campo productivas haciendas y ranchos. Esta enorme riqueza les permit\u00eda ser los principales prestamistas, en ocasiones incluso del propio gobierno.<\/p>\n<p>Los conventos fueron fraccionados, y al igual que las casas de renta, se vendieron a particulares. \u00c9stos destruyeron las construcciones conventuales para edificar casas con balcones a la calle, con garigoleadas herrer\u00edas de hierro forjado, adornos de cantera y yeser\u00eda, modificando profundamente la imagen urbana.<\/p>\n<p>Hasta esa \u00e9poca la Ciudad de M\u00e9xico ten\u00eda un aspecto de severidad, con las altas bardas que rodeaban los inmensos conventos, cuya austeridad exterior poco ten\u00eda que ver con el lujo del interior. Eran famosas las pinturas de los mejores artistas que decoraban los muros, los altares recubiertos de oro, los candelabros y custodias de plata y oro, las joyas con las que adornaban las im\u00e1genes y las espl\u00e9ndidas bibliotecas.<\/p>\n<p>Otra medida de gran importancia fue hacer laica la educaci\u00f3n y servicios como el matrimonio y las defunciones, estableciendo el registro civil y normas para los cementerios; asimismo, se aplic\u00f3 la libertad de cultos. Como es de suponerse, acciones tan radicales encontraron m\u00faltiples opositores, pero la gran mayor\u00eda las acept\u00f3 y as\u00ed inici\u00f3 M\u00e9xico su camino hacia la modernidad.<\/p>\n<p>Es sabido que el ilustre don Benito, de vez en vez, al concluir sus labores gustaba de ir a las cantinas a jugar naipes con sus amigos, fumar un puro y echarse un mezcalito. En su recuerdo vamos a El Gallo de Oro, en Venustiano Carranza esquina con Bol\u00edvar, que se inaugur\u00f3 en 1874, con la segunda licencia que se entreg\u00f3 en M\u00e9xico para una cantina; la primera fue la c\u00e9lebre El Nivel, en la calle Moneda, que desapareci\u00f3 hace varios a\u00f1os. Presumen que aqu\u00ed ocurri\u00f3 la verdadera fundaci\u00f3n de la SEP, porque Justo Sierra se la pasaba aqu\u00ed.<\/p>\n<p>Conserva su decoraci\u00f3n tradicional con sus gabinetes en forma de herradura, amplia barra y el servicio impecable de los meseros de muchos a\u00f1os. Puede comer el men\u00fa diario, econ\u00f3mico y apetitoso o algo de m\u00e1s sustento y prosapia como el lech\u00f3n, paella o chamorro. Los pepitos tienen fama.<\/p>\n<p class=\"email\">\n<\/div>\n<\/div>\n<div class=\"go gui\">\n<div class=\"go-up\"><\/div>\n<\/div>\n<\/div>\n","protected":false},"excerpt":{"rendered":"<p>Venerable y milagrosa \u00c1ngeles Gonz\u00e1lez Gamio Poco se conoce que la\u00a0Sociedad Mexicana de Geograf\u00eda y Estad\u00edstica (SMGE) es la primera en Am\u00e9rica y cuarta en el mundo. Se fund\u00f3 en la Ciudad de M\u00e9xico en abril de 1833, durante el gobierno de Valent\u00edn G\u00f3mez Far\u00edas. Integrada por academias, ha incursionado en todos los campos del [&hellip;]<\/p>\n","protected":false},"author":249,"featured_media":28851,"comment_status":"open","ping_status":"closed","sticky":false,"template":"","format":"standard","meta":{"footnotes":""},"categories":[26],"tags":[],"class_list":["post-28850","post","type-post","status-publish","format-standard","has-post-thumbnail","hentry","category-mundo"],"_links":{"self":[{"href":"https:\/\/eloficiodehistoriar.com.mx\/index.php?rest_route=\/wp\/v2\/posts\/28850","targetHints":{"allow":["GET"]}}],"collection":[{"href":"https:\/\/eloficiodehistoriar.com.mx\/index.php?rest_route=\/wp\/v2\/posts"}],"about":[{"href":"https:\/\/eloficiodehistoriar.com.mx\/index.php?rest_route=\/wp\/v2\/types\/post"}],"author":[{"embeddable":true,"href":"https:\/\/eloficiodehistoriar.com.mx\/index.php?rest_route=\/wp\/v2\/users\/249"}],"replies":[{"embeddable":true,"href":"https:\/\/eloficiodehistoriar.com.mx\/index.php?rest_route=%2Fwp%2Fv2%2Fcomments&post=28850"}],"version-history":[{"count":1,"href":"https:\/\/eloficiodehistoriar.com.mx\/index.php?rest_route=\/wp\/v2\/posts\/28850\/revisions"}],"predecessor-version":[{"id":28852,"href":"https:\/\/eloficiodehistoriar.com.mx\/index.php?rest_route=\/wp\/v2\/posts\/28850\/revisions\/28852"}],"wp:featuredmedia":[{"embeddable":true,"href":"https:\/\/eloficiodehistoriar.com.mx\/index.php?rest_route=\/wp\/v2\/media\/28851"}],"wp:attachment":[{"href":"https:\/\/eloficiodehistoriar.com.mx\/index.php?rest_route=%2Fwp%2Fv2%2Fmedia&parent=28850"}],"wp:term":[{"taxonomy":"category","embeddable":true,"href":"https:\/\/eloficiodehistoriar.com.mx\/index.php?rest_route=%2Fwp%2Fv2%2Fcategories&post=28850"},{"taxonomy":"post_tag","embeddable":true,"href":"https:\/\/eloficiodehistoriar.com.mx\/index.php?rest_route=%2Fwp%2Fv2%2Ftags&post=28850"}],"curies":[{"name":"wp","href":"https:\/\/api.w.org\/{rel}","templated":true}]}}