{"id":28853,"date":"2022-08-07T08:56:38","date_gmt":"2022-08-07T14:56:38","guid":{"rendered":"https:\/\/eloficiodehistoriar.com.mx\/?p=28853"},"modified":"2022-08-07T08:56:38","modified_gmt":"2022-08-07T14:56:38","slug":"bille-august-propone-ahora-en-el-pacto-2021-incursion-en-la-personalidad-karen-blixen","status":"publish","type":"post","link":"https:\/\/eloficiodehistoriar.com.mx\/?p=28853","title":{"rendered":"Bille August, propone ahora en\u00a0\u00abEl pacto\u00bb\u00a0(2021), incursi\u00f3n en la personalidad Karen Blixen"},"content":{"rendered":"<div id=\"article-cont\" class=\"main-cont article-cont analysis\">\n<div class=\"cabeza\">El pacto<\/div>\n<div class=\"sumarios\"><\/div>\n<div class=\"credito-articulo\">Carlos Bonfil<\/div>\n<div id=\"article-text\" class=\"text\">\n<div class=\"foto\">\n<div class=\"pie-foto\">Birthe Neumann y Simon Bennebjerg, como Karen Blixen y Thorkild Bjornvig, en un fotograma de <em>El pacto,\u00a0<\/em>de Bille August.<\/div>\n<div><\/div>\n<\/div>\n<div class=\"col col1\">\n<div class=\"inicial\">Un pacto f\u00e1ustico. En\u00a01948, instalada ya en Dinamarca luego de una larga estancia en \u00c1frica, la escritora danesa Karen Blixen (seud\u00f3nimo literario, Isak Denisen), autora de\u00a0<em>Memorias de \u00c1frica (Out of Africa,<\/em>\u00a0novela de 1937 llevada a la pantalla por Sydney Pollack en 1985), conoce al poeta de 29 a\u00f1os Thorkild Bjornvig (Simon Bennebjerg).<\/div>\n<div><\/div>\n<div class=\"inicial\">Lo que comienza como el t\u00edmido acercamiento del literato prometedor y t\u00edmido a la novelista ya consagrada de 63 a\u00f1os se convierte paulatinamente en una t\u00f3xica relaci\u00f3n de dependencia intelectual y afectiva en la que Bjornvig lleva todas las de perder. No s\u00f3lo le exige la escritora un sometimiento moral completo a su voluntad imperiosa, ofreci\u00e9ndole a cambio las v\u00edas m\u00e1s cortas para una r\u00e1pida promoci\u00f3n art\u00edstica en el mundo de las letras danesas, sino tambi\u00e9n la separaci\u00f3n temporal de su joven esposa Grete (Nanna Skaarup Voss) y de su peque\u00f1o hijo.<\/div>\n<div><\/div>\n<div class=\"inicial\">El argumento para aceptar este sacrificio ser\u00e1 la propuesta de Blixen de un pacto moral que garantizar\u00e1 entre los dos una comunicaci\u00f3n espiritual privilegiada, alejada de los convencionalismos de una vida conyugal que supuestamente atentar\u00eda contra el impulso creador del joven artista. Ninguna obra de arte de gran val\u00eda ha salido del seno de una domesticidad burguesa y\u00a0<q>la palabra esposa no figura en ning\u00fan poema<\/q>, sentencia su nueva mentora. Esta historia de claudicaci\u00f3n moral y de vampirismo afectivo, la relatar\u00e1 el propio Thorkild Bjornvig en\u00a0<em>El pacto (Pagten,\u00a0<\/em>1974), su versi\u00f3n literaria de los hechos, breve relato publicado 12 a\u00f1os despu\u00e9s de la muerte de Karen Blixen.<\/div>\n<p>El cineasta dan\u00e9s Bille August, ganador dos veces de la Palma de Oro de Cannes, primero por\u00a0<em>Pelle el conquistador\u00a0<\/em>(1988), luego por\u00a0<em>Las mejores intenciones\u00a0<\/em>(1992), en colaboraci\u00f3n con Ingmar Bergman, responsable del guion, propone ahora en\u00a0<em>El pacto\u00a0<\/em>(2021), incursi\u00f3n en la personalidad compleja de la autora de\u00a0<em>Cuentos de invierno\u00a0<\/em>(1942), mujer de inteligencia calculadora y car\u00e1cter imperioso que vive refugiada en su mansi\u00f3n de Rungstadlund, en el norte de Copenhague, alejada de la mundanidad literaria, en parte para mantener en secreto una larga enfermedad ven\u00e9rea devastadora, en aquel entonces incurable, que le atorment\u00f3 toda la vida. El poeta Bjornvig llega hasta ese lugar y se convierte en c\u00f3mplice devoto de las fantas\u00edas rom\u00e1ntico-literarias de esta mujer madura, dejando de lado todo lo que hasta el momento hab\u00eda representado su seguridad dom\u00e9stica y afectiva. Entre las ense\u00f1anzas de su tutora manipuladora figura el consejo libertino de procurarse una amante joven para ampliar as\u00ed su criterio y rehuir a la tentaci\u00f3n de la mediocridad. Aunque cuando esto finalmente sucede y el poeta se enamora de la joven Benedicte (Asta Kamma August), la sorprendentemente incauta iniciadora en las artes galantes se muestra muy contrariada. Cabe se\u00f1alar aqu\u00ed que el desempe\u00f1o de la actriz Birthe Neumann como Karen Blixen no parece extraer el mejor provecho de todas las posibilidades y matices dram\u00e1ticos que sugiere el personaje real, mucho m\u00e1s complejo, de la escritora temperamental y tir\u00e1nica. Algo parecido sucede con la propia cinta, contenida en su est\u00e9tica preciosista y su formalismo acad\u00e9mico.<\/p>\n<\/div>\n<div class=\"col col2\">\n<p>Las mejores intenciones \u2013cinta suya muy superior\u2013 cautivaba por su tono sombr\u00edo y su visi\u00f3n desencantada de la pasi\u00f3n amorosa en tanto toque bergmaniano realzaba en el relato toda la complejidad del tema.\u00a0<em>El pacto,\u00a0<\/em>en cambio, se encamina desde su concepci\u00f3n hacia un tratamiento convencional que el desenlace confirma ampliamente. El problema no es la historia original narrada, de suyo fascinante, sino la manera convencional y plana en que el guionista Christian Torpe la adapta para la pantalla. A modo de comparaci\u00f3n, cabe advertir acerca de un documental, aun pendiente por llegar a M\u00e9xico, que narra de modo formidable una historia parecida. Se trata de\u00a0<em>Quisiera hablar de Duras\u00a0<\/em>(2021), de la directora francesa Claire Simon. En \u00e9l, Yann Andr\u00e9a, joven cin\u00e9filo, entabla correspondencia con Marguerite Duras, su autora admirada, y acepta convivir a lado suyo como alumno y amante durante 16 a\u00f1os, sin importar el abismo generacional de 38 a\u00f1os que mediaba entre \u00e9l y la escritora. Se trata de una relaci\u00f3n de poder llena de frustraciones y gratificaciones afectivas y sexuales, de abuso autoritario y de sometimiento voluntario, basada tambi\u00e9n en hechos reales, y que de modo lac\u00f3nico y a la vez intenso, aparece como el espejo oscuro de la confusi\u00f3n sentimental que vive el joven Bjornvig a lado de su maestra castradora.<\/p>\n<p>Se exhibe en la sala 1 de la Cineteca Nacional a las 15:30 horas.<\/p>\n<p class=\"email\">\n<\/div>\n<\/div>\n<div class=\"go gui\">\n<div class=\"go-up\"><\/div>\n<\/div>\n<\/div>\n<div id=\"taboola-below-content-thumbnails\" class=\" trc_related_container trc_spotlight_widget tbl-feed-container tbl-feed-frame-DIVIDER  render-late-effect\" data-feed-container-num=\"1\" data-feed-main-container-id=\"taboola-below-content-thumbnails\" data-parent-placement-name=\"Below Content Thumbnails\" data-pub-lang=\"es\">\n<div class=\" tbl-feed-header tbl-logo-right-position\">\n<div class=\"tbl-feed-header-logo\"><\/div>\n<\/div>\n<\/div>\n","protected":false},"excerpt":{"rendered":"<p>El pacto Carlos Bonfil Birthe Neumann y Simon Bennebjerg, como Karen Blixen y Thorkild Bjornvig, en un fotograma de El pacto,\u00a0de Bille August. Un pacto f\u00e1ustico. En\u00a01948, instalada ya en Dinamarca luego de una larga estancia en \u00c1frica, la escritora danesa Karen Blixen (seud\u00f3nimo literario, Isak Denisen), autora de\u00a0Memorias de \u00c1frica (Out of Africa,\u00a0novela de [&hellip;]<\/p>\n","protected":false},"author":249,"featured_media":28854,"comment_status":"open","ping_status":"closed","sticky":false,"template":"","format":"standard","meta":{"footnotes":""},"categories":[26],"tags":[],"class_list":["post-28853","post","type-post","status-publish","format-standard","has-post-thumbnail","hentry","category-mundo"],"_links":{"self":[{"href":"https:\/\/eloficiodehistoriar.com.mx\/index.php?rest_route=\/wp\/v2\/posts\/28853","targetHints":{"allow":["GET"]}}],"collection":[{"href":"https:\/\/eloficiodehistoriar.com.mx\/index.php?rest_route=\/wp\/v2\/posts"}],"about":[{"href":"https:\/\/eloficiodehistoriar.com.mx\/index.php?rest_route=\/wp\/v2\/types\/post"}],"author":[{"embeddable":true,"href":"https:\/\/eloficiodehistoriar.com.mx\/index.php?rest_route=\/wp\/v2\/users\/249"}],"replies":[{"embeddable":true,"href":"https:\/\/eloficiodehistoriar.com.mx\/index.php?rest_route=%2Fwp%2Fv2%2Fcomments&post=28853"}],"version-history":[{"count":1,"href":"https:\/\/eloficiodehistoriar.com.mx\/index.php?rest_route=\/wp\/v2\/posts\/28853\/revisions"}],"predecessor-version":[{"id":28855,"href":"https:\/\/eloficiodehistoriar.com.mx\/index.php?rest_route=\/wp\/v2\/posts\/28853\/revisions\/28855"}],"wp:featuredmedia":[{"embeddable":true,"href":"https:\/\/eloficiodehistoriar.com.mx\/index.php?rest_route=\/wp\/v2\/media\/28854"}],"wp:attachment":[{"href":"https:\/\/eloficiodehistoriar.com.mx\/index.php?rest_route=%2Fwp%2Fv2%2Fmedia&parent=28853"}],"wp:term":[{"taxonomy":"category","embeddable":true,"href":"https:\/\/eloficiodehistoriar.com.mx\/index.php?rest_route=%2Fwp%2Fv2%2Fcategories&post=28853"},{"taxonomy":"post_tag","embeddable":true,"href":"https:\/\/eloficiodehistoriar.com.mx\/index.php?rest_route=%2Fwp%2Fv2%2Ftags&post=28853"}],"curies":[{"name":"wp","href":"https:\/\/api.w.org\/{rel}","templated":true}]}}