{"id":28856,"date":"2022-08-07T09:02:33","date_gmt":"2022-08-07T15:02:33","guid":{"rendered":"https:\/\/eloficiodehistoriar.com.mx\/?p=28856"},"modified":"2022-08-07T09:02:33","modified_gmt":"2022-08-07T15:02:33","slug":"tepito-arte-aca-hace-homenaje-escenico-a-armando-ramirez-con-cuadros-escenicos-de-sus-novelas","status":"publish","type":"post","link":"https:\/\/eloficiodehistoriar.com.mx\/?p=28856","title":{"rendered":"\u00abTepito Arte Ac\u00e1\u00bb hace\u00a0homenaje esc\u00e9nico\u00a0a Armando Ram\u00edrez, con cuadros esc\u00e9nicos de sus novelas"},"content":{"rendered":"<div id=\"article-cont\" class=\"main-cont article-cont actuality\">\n<div class=\"cabeza\">Tepito Arte Ac\u00e1 hace hoy un\u00a0<q>homenaje esc\u00e9nico<\/q>\u00a0al escritor Armando Ram\u00edrez<\/div>\n<div class=\"sumarios\">\n<p>La compa\u00f1\u00eda llevar\u00e1 al teatro cuadros de tres novelas del cronista y escritor, enlazadas por su personaje Chin Chin<\/p>\n<\/div>\n<div id=\"article-text\" class=\"text\">\n<div class=\"foto\">\n<div class=\"pie-foto\">La agrupaci\u00f3n realiz\u00f3 mancuerna creativa y literaria con el autor de <em>Noche de califas, Quincea\u00f1era y D\u00e9jame<\/em>, novelas que recordar\u00e1n en esta puesta en escena.<\/div>\n<div><\/div>\n<\/div>\n<div class=\"col col1\">\n<div class=\"credito-autor\">Ana M\u00f3nica Rodr\u00edguez<\/div>\n<div class=\"credito-titulo\"><\/div>\n<div class=\"hemero\">La Jornada<\/p>\n<\/div>\n<p class=\"s-s\">La obra del cronista y escritor Armando Ram\u00edrez\u00a0<q>es una puerta de entrada al placer y a la afici\u00f3n por los libros, pues los j\u00f3venes se identifican con los personajes y las situaciones<\/q>, expres\u00f3 Susana Meza, directora art\u00edstica del colectivo Tepito Arte Ac\u00e1, que presentar\u00e1 este domingo la obra\u00a0<em>\u00bfTon\u2019s qu\u00e9, Chin Chin?<\/em>\u00a0en la Galer\u00eda Jos\u00e9 Mar\u00eda Velasco.<\/p>\n<p>En el\u00a0<q>homenaje esc\u00e9nico<\/q>\u00a0que rinde la compa\u00f1\u00eda teatral, encabezada por Virgilio Carrillo, al m\u00edtico autor, con quien realizaron diversas mancuernas creativas y literarias, \u201cse plantea una reflexi\u00f3n sobre su obra, acompa\u00f1ada con cuadros de las novelas\u00a0<em>Noche de califas, Quincea\u00f1era, D\u00e9jame\u00a0<\/em>y de su personaje Chin Chin.<\/p>\n<p>En\u00a0<em>Noche de califas<\/em>, explic\u00f3 Meza, \u201cse presenta el encuentro mortal entre dos amigos separados por el amor a una mujer, cuya escena es dirigida por Carrillo; en\u00a0<em>D\u00e9jame<\/em>, testimoniamos las fallidas historias amorosas del escritor y c\u00f3mo \u00e9stas se volvieron el\u00a0<em>leitmotiv<\/em>\u00a0de su obra\u201d.<\/p>\n<p>En \u201c<em>Quincea\u00f1era\u00a0<\/em>acudimos a la historia de amor entre Alejo y Cecilia, hija de la fayuquera Magda \u2013escena dirigida por Ollikan Hurtado\u2013, y Chin Chin, por su parte, es un personaje de la primera novela que public\u00f3 Armando\u201d, explic\u00f3 Meza.<\/p>\n<p>Sin duda,\u00a0<q>Armando fue un gran aliado, compa\u00f1ero de trabajo y de creaci\u00f3n. Nos gusta recordarlo de la manera en que nosotros podemos hacerlo, que es con las artes esc\u00e9nicas. Es la mejor manera de invitar a que su obra sea le\u00edda y conocida. Otra gran capacidad del escritor es que tiene una enga\u00f1osa sencillez<\/q>.<\/p>\n<p class=\"sumario\">Literatura y comunidad<\/p>\n<p class=\"s-s\">Este espect\u00e1culo, expres\u00f3 el director fundador, Virgilio Carrillo,\u00a0<q>es para recordar el trabajo de Ram\u00edrez y de nosotros cuando hace a\u00f1os nos juntamos para hacer teatro y producci\u00f3n, con la finalidad de llevar la literatura al teatro, a la comunidad. Retomando esta historia y la cultura popular, llevamos a escena tres peque\u00f1as interpretaciones de las novelas de Ram\u00edrez<\/q>.<\/p>\n<p>Adem\u00e1s la funci\u00f3n, con 20 actores en escena, es\u00a0<q>tambi\u00e9n una forma de recordar y de que no se nos olvide Armando ni la cultura ni el teatro popular<\/q>.<\/p>\n<\/div>\n<div class=\"col col2\">\n<p>Puntualiz\u00f3:\u00a0<q>Hemos desarrollado un lenguaje donde la gente ni los j\u00f3venes no se aburren, pues venimos de esa memoria e identidad, de lo que es el teatro y para lo que sirven la palabra, la moraleja y el albur. Queremos que el p\u00fablico aprenda, se divierta, juegue, juzgue, discuta y tenga diversas emociones<\/q>.<\/p>\n<p>Adem\u00e1s, Armando Ram\u00edrez\u00a0<q>era un gran caminador de la ciudad; era de los pocos que conoc\u00eda cada rinc\u00f3n, de cabo a rabo. Sab\u00eda diversas historias, como d\u00f3nde recib\u00eda los impuestos la Malinche, c\u00f3mo estuvo en la c\u00e1rcel fray Servando, o bien, sab\u00eda d\u00f3nde estaba la frontera entre Tenochtitlan y Tlatelolco. Asimismo, ten\u00eda la capacidad de encontrar los lugares de la gastronom\u00eda, as\u00ed como sus fantasmas, recuerdos y memoria de la urbe<\/q>.<\/p>\n<p>Este contador de historias, fallecido el 10 de julio de 2019, fue\u00a0<q>un escritor aut\u00e9ntico que se atrevi\u00f3 y hace que la gente que nunca ha le\u00eddo se acerque a su literatura. Es un gran valedor de la ciudad y la cultura<\/q>.<\/p>\n<p>Carrillo, quien ha dicho que Tepito Arte Ac\u00e1\u00a0<q>sobrevivi\u00f3 al impacto de la pandemia y al desinter\u00e9s de las autoridades por la cultura, no s\u00f3lo de la Cuarta Transformaci\u00f3n, sino de administraciones pasadas<\/q>, adelant\u00f3 que est\u00e1n realizando talleres para ni\u00f1os y j\u00f3venes en vecindades de Tepito, patrocinadas por la Autoridad del Centro Hist\u00f3rico.<\/p>\n<p>\u201cEstamos llegando a los lugares m\u00e1s rec\u00f3nditos, complicados o violentos, pero a los ni\u00f1os les gusta participar, lo cual nos motiva a seguir haciendo teatro, pintura y grabado. Estamos planeando un espect\u00e1culo con una peregrinaci\u00f3n y una ofrenda en torno a la muerte en noviembre pr\u00f3ximo, en la que los participantes har\u00e1n sus m\u00e1scaras, trajes, alebrijes y cantar\u00e1n\u00a0<em>Vasija de barro<\/em>\u201d, dijo Carrillo.<\/p>\n<p>Entre tanto,\u00a0<em>\u00bfTon\u2019s qu\u00e9, Chin Chin?<\/em>\u00a0se presenta hoy a las 12 horas en la sala Jos\u00e9 Mar\u00eda Velasco, ubicada en Peralvillo 55, en Tepito.<\/p>\n<\/div>\n<\/div>\n<div class=\"go gui\">\n<div class=\"go-up\"><\/div>\n<\/div>\n<\/div>\n<div id=\"taboola-below-content-thumbnails\" class=\" trc_related_container trc_spotlight_widget tbl-feed-container tbl-feed-frame-DIVIDER  render-late-effect\" data-feed-container-num=\"1\" data-feed-main-container-id=\"taboola-below-content-thumbnails\" data-parent-placement-name=\"Below Content Thumbnails\" data-pub-lang=\"es\">\n<div class=\" tbl-feed-header tbl-logo-right-position\">\n<div class=\"tbl-feed-header-logo\"><\/div>\n<\/div>\n<div id=\"taboola-below-content-thumbnails-pl1\" class=\" trc_related_container trc_spotlight_widget trc_elastic trc_elastic_organic-thumbs-feed-02  tbl-feed-card \" data-card-index=\"1\" data-batch-num=\"1\" data-placement-name=\"Below Content Thumbnails | Card 1\">\n<div class=\"trc_rbox_container\">\n<div>\n<div id=\"trc_wrapper_83672\" class=\"trc_rbox organic-thumbs-feed-02 trc-content-organic \">\n<div id=\"outer_83672\" class=\"trc_rbox_outer\">\n<div id=\"rbox-t2v\" class=\"trc_rbox_div trc_rbox_border_elm\">\n<div id=\"internal_trc_83672\">\n<div class=\"videoCube trc_spotlight_item origin-undefined thumbnail_top textItem videoCube_1_child trc-first-recommendation trc-spotlight-first-recommendation  trc_excludable \" data-item-id=\"558804142564338608\" data-item-title=\"El &amp;#34;secreto&amp;#34; para operar de forma segura en Internet ya est\u00e1 a la vista. Desc\u00fabrelo ahora\" data-item-thumb=\"https:\/\/www.jornada.com.mx\/ultimas\/2022\/08\/04\/el-secreto-para-operar-de-forma-segura-en-internet-ya-esta-a-la-vista-descubrelo-ahora-6562.html\/img-20220804-wa0000.jpg-6375.html\/image_large?bc=2022-08-04T17:06:28-05:00\" data-item-syndicated=\"false\">\n<div class=\"thumbBlock_holder\"><\/div>\n<\/div>\n<\/div>\n<\/div>\n<\/div>\n<\/div>\n<\/div>\n<\/div>\n<\/div>\n<\/div>\n","protected":false},"excerpt":{"rendered":"<p>Tepito Arte Ac\u00e1 hace hoy un\u00a0homenaje esc\u00e9nico\u00a0al escritor Armando Ram\u00edrez La compa\u00f1\u00eda llevar\u00e1 al teatro cuadros de tres novelas del cronista y escritor, enlazadas por su personaje Chin Chin La agrupaci\u00f3n realiz\u00f3 mancuerna creativa y literaria con el autor de Noche de califas, Quincea\u00f1era y D\u00e9jame, novelas que recordar\u00e1n en esta puesta en escena. Ana [&hellip;]<\/p>\n","protected":false},"author":249,"featured_media":28857,"comment_status":"open","ping_status":"closed","sticky":false,"template":"","format":"standard","meta":{"footnotes":""},"categories":[26],"tags":[],"class_list":["post-28856","post","type-post","status-publish","format-standard","has-post-thumbnail","hentry","category-mundo"],"_links":{"self":[{"href":"https:\/\/eloficiodehistoriar.com.mx\/index.php?rest_route=\/wp\/v2\/posts\/28856","targetHints":{"allow":["GET"]}}],"collection":[{"href":"https:\/\/eloficiodehistoriar.com.mx\/index.php?rest_route=\/wp\/v2\/posts"}],"about":[{"href":"https:\/\/eloficiodehistoriar.com.mx\/index.php?rest_route=\/wp\/v2\/types\/post"}],"author":[{"embeddable":true,"href":"https:\/\/eloficiodehistoriar.com.mx\/index.php?rest_route=\/wp\/v2\/users\/249"}],"replies":[{"embeddable":true,"href":"https:\/\/eloficiodehistoriar.com.mx\/index.php?rest_route=%2Fwp%2Fv2%2Fcomments&post=28856"}],"version-history":[{"count":1,"href":"https:\/\/eloficiodehistoriar.com.mx\/index.php?rest_route=\/wp\/v2\/posts\/28856\/revisions"}],"predecessor-version":[{"id":28858,"href":"https:\/\/eloficiodehistoriar.com.mx\/index.php?rest_route=\/wp\/v2\/posts\/28856\/revisions\/28858"}],"wp:featuredmedia":[{"embeddable":true,"href":"https:\/\/eloficiodehistoriar.com.mx\/index.php?rest_route=\/wp\/v2\/media\/28857"}],"wp:attachment":[{"href":"https:\/\/eloficiodehistoriar.com.mx\/index.php?rest_route=%2Fwp%2Fv2%2Fmedia&parent=28856"}],"wp:term":[{"taxonomy":"category","embeddable":true,"href":"https:\/\/eloficiodehistoriar.com.mx\/index.php?rest_route=%2Fwp%2Fv2%2Fcategories&post=28856"},{"taxonomy":"post_tag","embeddable":true,"href":"https:\/\/eloficiodehistoriar.com.mx\/index.php?rest_route=%2Fwp%2Fv2%2Ftags&post=28856"}],"curies":[{"name":"wp","href":"https:\/\/api.w.org\/{rel}","templated":true}]}}