{"id":28859,"date":"2022-08-07T09:08:38","date_gmt":"2022-08-07T15:08:38","guid":{"rendered":"https:\/\/eloficiodehistoriar.com.mx\/?p=28859"},"modified":"2022-08-07T09:08:38","modified_gmt":"2022-08-07T15:08:38","slug":"el-corto-resistencia-rotular-critica-el-retiro-de-arte-grafico-en-puestos-callejeros-pero-hay-otras-maneras","status":"publish","type":"post","link":"https:\/\/eloficiodehistoriar.com.mx\/?p=28859","title":{"rendered":"El corto\u00a0\u00abResistencia rotular\u00bb\u00a0critica el retiro de arte gr\u00e1fico en puestos callejeros  pero hay otras maneras"},"content":{"rendered":"<div id=\"article-cont\" class=\"main-cont article-cont actuality\">\n<div class=\"cabeza\">El corto\u00a0<em>Resistencia rotular<\/em>\u00a0critica el retiro de arte gr\u00e1fico en puestos callejeros<\/div>\n<div class=\"sumarios\">\n<p><q>Podemos reapropiarnos del espacio de otras maneras<\/q>, aseguran quienes se dedican a este a\u00f1ejo oficio<\/p>\n<\/div>\n<div id=\"article-text\" class=\"text tbl-forkorts-article\">\n<div class=\"foto\">\n<div class=\"pie-foto\">El documental recopila la opini\u00f3n de expertos en la gr\u00e1fica popular y reflexiona sobre lo que pasar\u00e1 con este oficio.<\/div>\n<\/div>\n<div class=\"foto\">\n<div class=\"pie-foto\">Sergio Ra\u00fal L\u00f3pez<\/div>\n<\/div>\n<div class=\"col\">\n<div class=\"credito-titulo\"><\/div>\n<div class=\"hemero\">La Jornada<\/p>\n<\/div>\n<p class=\"s-s\">Basta con entrar a la cuenta en Instagram de Synergy Studio\u00a0<a href=\"https:\/\/www.instagram.com\/@synergystudioio\" target=\"_blank\" rel=\"noopener\">(@synergystudioio)<\/a>\u00a0y buscar, entre los varios efectos que ofrece, uno llamado\u00a0<q>Con los r\u00f3tulos no<\/q>. Una vez activado, se enfoca con el tel\u00e9fono inteligente cualesquiera de los logotipos en blanco y gris de la alcald\u00eda Cuauht\u00e9moc para realizar una protesta ciudadana en el mundo virtual: el filtro est\u00e1 programado para borrar, con unos cuantos brochazos, el dise\u00f1o oficial y que aparezca una t\u00f3mbola de im\u00e1genes coloridas y alegres, fruto de la creaci\u00f3n de cinco artistas de esta especialidad, que correr\u00e1n r\u00e1pidamente hasta dejar fija alguna de ellas.<\/p>\n<p>La leyenda que aparecer\u00e1, clara y concisa, no requiere de mayores explicaciones:\u00a0<q>Aqu\u00ed estuvo una obra de arte<\/q>, y puede guardarse en la galer\u00eda de im\u00e1genes del aparato, lo mismo que exportarse como video personal en distintas redes sociales.<\/p>\n<p>En el mundo de las leyes y la pol\u00edtica fue una imposici\u00f3n ejecutada con celeridad el 19 de mayo anterior: sustituir los gr\u00e1ficos rotulados artesanalmente de mil 493 puestos semifijos por pintura blanca e imponer la crom\u00e1tica de la demarcaci\u00f3n por instrucciones de la alcaldesa panista Sandra Cuevas.<\/p>\n<p>Las protestas ciudadanas no se hicieron esperar y surgieron de las maneras m\u00e1s impensadas y asaz creativas. La m\u00e1s reciente de ellas es el cortometraje documental\u00a0<em>Resistencia rotular<\/em>\u00a0(M\u00e9xico, 2022), producida y dirigida por Pamela Fink, que compila las opiniones de especialistas en la gr\u00e1fica popular como Deborah Holtz, de Trilce Ediciones \u2013editora del proyecto Sensacional de Dise\u00f1o Mexicano (2001)\u2013; Yuriho HM, de la Red Chilanga de Defensa del Arte y la Gr\u00e1fica Popular (Rechida); \u00d3scar Reyes, de Todo Bien Estudio, y Aldo Haro, adem\u00e1s de retratar locales como Tortas El Estudiante, La Locura del Tortitaco, Hamburguesas Azerej\u00e9 y muchos detalles de una urbe tan inmensa como la Ciudad de M\u00e9xico.<\/p>\n<p class=\"sumario\">Llamado de atenci\u00f3n<\/p>\n<p class=\"s-s\">El enfoque del corto documental, que en breve iniciar\u00e1 su ruta de festivales y luego buscar\u00e1 una salida lo m\u00e1s amplia posible hacia el gran p\u00fablico, es hacer un llamado de atenci\u00f3n y volverse un punto para reflexionar sobre lo que pasar\u00e1 con este oficio, mediante un trabajo de investigaci\u00f3n y exploraci\u00f3n desde m\u00faltiples perspectivas y con el auxilio de las herramientas de la realidad aumentada, muy \u00fatiles para generar conciencia y enriquecer la percepci\u00f3n.<\/p>\n<p>\u201cPermite otro tipo de soluciones, no s\u00e9 si decir m\u00e1s reales, pero s\u00ed m\u00e1s tangibles, para volver a popularizar el oficio del maestro rotulista. Aunque no los hubieran prohibido, de todas maneras es un oficio en peligro de extinci\u00f3n de la vieja escuela del dise\u00f1o popular mexicano, pues la mayor\u00eda son adultos mayores y es preocupante, porque mucha gente nada m\u00e1s imprime en\u00a0<em>plotter\u00a0<\/em>y no se toman el tiempo de ir con estos maestros\u201d, explica Fink.<\/p>\n<p class=\"sumario\">Un filtro accesible para todos<\/p>\n<p class=\"s-s\">La erradicaci\u00f3n de los r\u00f3tulos provoc\u00f3 reacciones en otras ciudades. La artista tapat\u00eda Nadia Tamez, de Synergy Studio, ya estaba disgustada por lo ocurrido, as\u00ed que cuando Fink le llam\u00f3 para proponerle crear un filtro de realidad aumentada, hizo uno que no solamente lograra generar una conversaci\u00f3n en torno al arte del rotulismo, sino utilizar la tecnolog\u00eda para reapropiarse del espacio p\u00fablico y, en sus palabras,\u00a0<q>combinar la imaginaci\u00f3n con el mundo real<\/q>.<\/p>\n<p>Aunque desafortunadamente ya no est\u00e1n los r\u00f3tulos en los puestos semifijos, al pasar el logotipo de la alcald\u00eda por este filtro se activa la experiencia con la obra de cinco artistas rotulistas. Los estilos y t\u00e9cnicas distintos de Juan Manuel Buentello, Francisco Guti\u00e9rrez V\u00e1zquez, Melquiades\u00a0<q>Rotulaci\u00f3n Artesanal<\/q>, Carlos Manuel Andrade Red Pincel, Vaquero Sensible, entre otros, fueron digitalizados y programados para funcionar como realidad aumentada, una tecnolog\u00eda que permite crear un contenido generado por el usuario.<\/p>\n<p>\u201cEste filtro es accesible para todos. Cualquier persona puede usarlo en Instagram sin necesidad de descargar ninguna aplicaci\u00f3n, y eso permite que la gente se siga sumando a este movimiento y a esta conversaci\u00f3n, porque aunque ya no est\u00e9n en las calles, podemos reapropiarnos del espacio de otras maneras.<\/p>\n<p><q>La idea fue unirnos para generar un cambio o m\u00ednimo provocar una conversaci\u00f3n sobre el tema, y a partir de ah\u00ed se logr\u00f3 una colaboraci\u00f3n incre\u00edble. Estoy muy feliz con el resultado<\/q>, explica Nadia.<\/p>\n<p>La indignaci\u00f3n generalizada, que a\u00fan no encuentra una respuesta sensible de la alcaldesa de Cuauh-t\u00e9moc, ha dado forma a muchas reacciones ciudadanas, como la etiqueta creada por Rechida que de inmediato se volvi\u00f3 viral: #conlosrotulosno. Tambi\u00e9n la campa\u00f1a de la agencia publicitaria Grey M\u00e9xico, en conjunto con la revista\u00a0<em>Time Out M\u00e9xico<\/em>, que imprimi\u00f3 nuevos carteles rotulados e imantados que pueden colocarse y quitarse con facilidad, llamada R\u00f3tulos que Pegan, o la carta abierta firmada por Holtz y dirigida a Sandra Cuevas:\u00a0<q>De por qu\u00e9 la gr\u00e1fica popular s\u00ed es arte<\/q>.<\/p>\n<p><q>Todo lo provoc\u00f3 la indignaci\u00f3n que me provoc\u00f3 a m\u00ed y a miles de personas que quisieran destruir, de la nada, la identidad de la cultura gr\u00e1fica mexicana, que a mi parecer es muy vistosa y divertida, adem\u00e1s de que nos da much\u00edsima personalidad. Fue un impacto que de un d\u00eda para el otro desapareciera la rotulaci\u00f3n en los puestos y en su lugar aparecieran unos logos grises y fr\u00edos, porque se ven mejor, seg\u00fan la alcaldesa Sandra Cuevas<\/q>, finaliza Pamela.<\/p>\n<\/div>\n<\/div>\n<div class=\"go gui\">\n<div class=\"go-next\"><\/div>\n<div class=\"go-up\"><\/div>\n<\/div>\n<\/div>\n<div id=\"taboola-below-content-thumbnails\" class=\" trc_related_container trc_spotlight_widget tbl-feed-container tbl-feed-frame-DIVIDER  render-late-effect\" data-feed-container-num=\"1\" data-feed-main-container-id=\"taboola-below-content-thumbnails\" data-parent-placement-name=\"Below Content Thumbnails\" data-pub-lang=\"es\">\n<div class=\" tbl-feed-header tbl-logo-right-position\">\n<div class=\"tbl-feed-header-logo\"><\/div>\n<\/div>\n<div id=\"taboola-below-content-thumbnails-pl1\" class=\" trc_related_container trc_spotlight_widget trc_elastic trc_elastic_organic-thumbs-feed-02  tbl-feed-card \" data-card-index=\"1\" data-batch-num=\"1\" data-placement-name=\"Below Content Thumbnails | Card 1\">\n<div class=\"trc_rbox_container\">\n<div>\n<div id=\"trc_wrapper_60626\" class=\"trc_rbox organic-thumbs-feed-02 trc-content-organic \">\n<div id=\"outer_60626\" class=\"trc_rbox_outer\">\n<div id=\"rbox-t2v\" class=\"trc_rbox_div trc_rbox_border_elm\">\n<div id=\"internal_trc_60626\">\n<div class=\"videoCube trc_spotlight_item origin-undefined thumbnail_top textItem videoCube_1_child trc-first-recommendation trc-spotlight-first-recommendation  trc_excludable \" data-item-id=\"558804142564338608\" data-item-title=\"El &amp;#34;secreto&amp;#34; para operar de forma segura en Internet ya est\u00e1 a la vista. Desc\u00fabrelo ahora\" data-item-thumb=\"https:\/\/www.jornada.com.mx\/ultimas\/2022\/08\/04\/el-secreto-para-operar-de-forma-segura-en-internet-ya-esta-a-la-vista-descubrelo-ahora-6562.html\/img-20220804-wa0000.jpg-6375.html\/image_large?bc=2022-08-04T17:06:28-05:00\" data-item-syndicated=\"false\">\n<div class=\"thumbBlock_holder\"><\/div>\n<\/div>\n<\/div>\n<\/div>\n<\/div>\n<\/div>\n<\/div>\n<\/div>\n<\/div>\n<\/div>\n","protected":false},"excerpt":{"rendered":"<p>El corto\u00a0Resistencia rotular\u00a0critica el retiro de arte gr\u00e1fico en puestos callejeros Podemos reapropiarnos del espacio de otras maneras, aseguran quienes se dedican a este a\u00f1ejo oficio El documental recopila la opini\u00f3n de expertos en la gr\u00e1fica popular y reflexiona sobre lo que pasar\u00e1 con este oficio. Sergio Ra\u00fal L\u00f3pez La Jornada Basta con entrar a [&hellip;]<\/p>\n","protected":false},"author":249,"featured_media":28860,"comment_status":"open","ping_status":"closed","sticky":false,"template":"","format":"standard","meta":{"footnotes":""},"categories":[26],"tags":[],"class_list":["post-28859","post","type-post","status-publish","format-standard","has-post-thumbnail","hentry","category-mundo"],"_links":{"self":[{"href":"https:\/\/eloficiodehistoriar.com.mx\/index.php?rest_route=\/wp\/v2\/posts\/28859","targetHints":{"allow":["GET"]}}],"collection":[{"href":"https:\/\/eloficiodehistoriar.com.mx\/index.php?rest_route=\/wp\/v2\/posts"}],"about":[{"href":"https:\/\/eloficiodehistoriar.com.mx\/index.php?rest_route=\/wp\/v2\/types\/post"}],"author":[{"embeddable":true,"href":"https:\/\/eloficiodehistoriar.com.mx\/index.php?rest_route=\/wp\/v2\/users\/249"}],"replies":[{"embeddable":true,"href":"https:\/\/eloficiodehistoriar.com.mx\/index.php?rest_route=%2Fwp%2Fv2%2Fcomments&post=28859"}],"version-history":[{"count":1,"href":"https:\/\/eloficiodehistoriar.com.mx\/index.php?rest_route=\/wp\/v2\/posts\/28859\/revisions"}],"predecessor-version":[{"id":28861,"href":"https:\/\/eloficiodehistoriar.com.mx\/index.php?rest_route=\/wp\/v2\/posts\/28859\/revisions\/28861"}],"wp:featuredmedia":[{"embeddable":true,"href":"https:\/\/eloficiodehistoriar.com.mx\/index.php?rest_route=\/wp\/v2\/media\/28860"}],"wp:attachment":[{"href":"https:\/\/eloficiodehistoriar.com.mx\/index.php?rest_route=%2Fwp%2Fv2%2Fmedia&parent=28859"}],"wp:term":[{"taxonomy":"category","embeddable":true,"href":"https:\/\/eloficiodehistoriar.com.mx\/index.php?rest_route=%2Fwp%2Fv2%2Fcategories&post=28859"},{"taxonomy":"post_tag","embeddable":true,"href":"https:\/\/eloficiodehistoriar.com.mx\/index.php?rest_route=%2Fwp%2Fv2%2Ftags&post=28859"}],"curies":[{"name":"wp","href":"https:\/\/api.w.org\/{rel}","templated":true}]}}