{"id":28881,"date":"2022-08-08T10:54:59","date_gmt":"2022-08-08T16:54:59","guid":{"rendered":"https:\/\/eloficiodehistoriar.com.mx\/?p=28881"},"modified":"2022-08-08T10:54:59","modified_gmt":"2022-08-08T16:54:59","slug":"papelerias-de-antano-las-recuerdas","status":"publish","type":"post","link":"https:\/\/eloficiodehistoriar.com.mx\/?p=28881","title":{"rendered":"Papeler\u00edas de anta\u00f1o.  \u00bflas recuerdas?"},"content":{"rendered":"<div>\n<h1 class=\"title\">Papeler\u00edas de anta\u00f1o:<\/h1>\n<h1 class=\"title\">Algunas sobreviven con el paso del tiempo<\/h1>\n<h1 class=\"title\">\u00bflas recuerdas?<\/h1>\n<\/div>\n<h3 class=\"subtitle\">Entre la d\u00e9cada de 1940 y 1980, no exist\u00edan papeler\u00edas peque\u00f1as en casas o grandes cadenas como es actualmente<\/h3>\n<div class=\"lead-gallery \">\n<div class=\"teaser  owl-carousel owl-theme\">\n<div class=\"owl-wrapper-outer\">\n<div class=\"owl-wrapper\">\n<div class=\"owl-item\">\n<div class=\"img-container picture\">\n<div id=\"standard_1\" class=\"st-placement standard_1 inImage\">\n<div class=\"st-adunit st-adunit-tagged st-reset st-show\">\n<div class=\"st-adunit-ad st-reset\">\n<div class=\"st-display-render st-reset\">\n<div class=\"st-reset\">\n<div class=\"important-styled st-canvas-container open Leaderboard display-standard fssquz2\">\n<div class=\"important-styled st-canvas-el fhxwyqa\">\n<div class=\"important-styled st-canvas-container undefined fssquz2\">\n<div class=\"important-styled st-canvas-el f109lpwv\">\n<div class=\"important-styled st-canvas-container undefined fssquz2\">\n<div class=\"important-styled st-canvas-el fhxwyqa\">\n<div class=\"important-styled f1m7i34m\">\n<div class=\"important-styled display-render-wrapper f1m7i34m\"><\/div>\n<\/div>\n<\/div>\n<\/div>\n<div class=\"important-styled st-canvas-container undefined fssquz2\">\n<div class=\"important-styled st-canvas-el frp862c\">\n<div class=\"important-styled display-render x-to-close f9k8010\">El Escritorio, junto con El Iris permanecen en la memoria como las papeler\u00edas m\u00e1s antiguas de Xalapa<\/div>\n<\/div>\n<\/div>\n<\/div>\n<\/div>\n<\/div>\n<\/div>\n<\/div>\n<\/div>\n<\/div>\n<\/div>\n<\/div>\n<\/div>\n<\/div>\n<\/div>\n<\/div>\n<\/div>\n<\/div>\n<div id=\"affix-share\" class=\"sharing-menu affix\">\n<ul>\n<li>Danytza Flores<\/li>\n<li>Diario de Xalapa<\/li>\n<\/ul>\n<\/div>\n<div class=\"content-body clearfix \">\n<div id=\"content-body-225-8705576\">\n<p>Veracruz, Ver.-<\/p>\n<p><b>Sa\u00fal Calcaneo Zapata y Jos\u00e9 Manuel Cullel Meza<\/b>\u00a0tienen algo en com\u00fan, ambos crecieron en el\u00a0<b>Veracruz de anta\u00f1o<\/b>\u00a0y recuerdan la \u00e9poca en la que los art\u00edculos escolares \u00fanicamente se encontraban en dos tiendas ubicadas en el centro de este puerto.<\/p>\n<p>Entre la d\u00e9cada de\u00a0<b>1940 y 1980,<\/b>\u00a0no exist\u00edan papeler\u00edas peque\u00f1as en casas o grandes cadenas como es actualmente, las compras se realizaban en las papeler\u00edas\u00a0<b>La Escolar e Independencia<\/b>, ubicadas ambas en la avenida principal de la zona centro.<\/p>\n<\/div>\n<\/div>\n<div class=\"advertisment \">\n<div id=\"dfp-nota-1x3s\" data-google-query-id=\"CODI9YnYt_kCFTnF4wcdyj0GDA\">\n<div id=\"google_ads_iframe_\/2000002\/diariodexalapa\/mexico_nota_1x3_0__container__\">Ambos negocios cerraron y sus nombres pasan desapercibidos para las nuevas generaciones, pero Sa\u00fal Calcaneo Zapata todav\u00eda las recuerda cuando pasa por Independencia y la esquina del callej\u00f3n Ocampo.<\/div>\n<\/div>\n<\/div>\n<article class=\"content-continued-body clearfix \">\n<div id=\"content-body-5851641-8705576\">\n<ul>\n<li><\/li>\n<\/ul>\n<article class=\"local\nmedia col-md-4 inline-story \"><\/p>\n<div class=\"teaser \">\n<h4 class=\"title \">En este lugar se encontraba La Escolar, que abarcaba dos pisos y casi toda la cuadra; este negocio era el m\u00e1s grande de los dos, todo el a\u00f1o se encontraba abierta pero en los inicios de cada ciclo escolar eran abarrotadas tanto que hab\u00eda que hacer fila para entrar.<\/h4>\n<\/div>\n<\/article>\n<p>En aquellos a\u00f1os, entre\u00a0<b>1970 y 1980<\/b>, era el principal sitio donde se surt\u00edan de art\u00edculos escolares familias del puerto de Veracruz, as\u00ed como boque\u00f1os que deb\u00edan viajar porque en aquel entonces la ciudad de Boca del R\u00edo todav\u00eda era una Villa en la que no se encontraban este tipo de negocios.<\/p>\n<h2>\u00bfC\u00f3mo era la papeler\u00eda La Escolar?<\/h2>\n<p><b><i>\u00abLa Escolar\u00bb,\u00a0<\/i><\/b>recuerda, era un establecimiento de dos niveles, en el primero se encontraba todo tipo de \u00fatiles escolares, desde libretas cosidas, lapiceros, sacapuntas y borradores, hasta juegos geom\u00e9tricos completos.<\/p>\n<p>El segundo piso de\u00a0<b>La Escolar<\/b>\u00a0estaba lleno de libros, la mayor\u00eda libros escolares que se utilizaban para las clases de primaria y secundaria, ya que en aquel entonces no eran otorgados por las escuelas.<\/p>\n<ul>\n<li><b>Te puede interesar:\u00a0<a href=\"https:\/\/www.diariodexalapa.com.mx\/local\/diputadas-y-diputados-trabajan-para-regular-predios-escolares-de-la-entidad-8689033.html\" target=\"_blank\" rel=\"Follow noopener\">Diputadas y diputados trabajan para regular predios escolares de la entidad<\/a><\/b><\/li>\n<\/ul>\n<p><i>\u201cLos libros de todos los niveles, primaria, secundaria, lo b\u00e1sico que se ped\u00eda, siempre estaban a reventar porque eran las \u00fanicas. Adem\u00e1s de libros se encontraban todos los art\u00edculos escolares como en las tiendas de ahora\u00bb.<\/i><\/p>\n<p><i>\u201cEn el primer piso se encontraban los art\u00edculos escolares y en el segundo estaba lleno de libros, editorial Trillas en ese entonces era el m\u00e1s renombrado, estoy hablando de 1970-1980, m\u00e1s o menos.\u201d<\/i>, cuenta.<\/p>\n<div class=\"body-lead-gallery \">\n<div class=\"teaser  owl-carousel owl-theme\">\n<div class=\"owl-wrapper-outer\">\n<div class=\"owl-wrapper\">\n<div class=\"owl-item\">\n<div class=\"img-container picture\">\n<div id=\"standard_9\" class=\"st-placement standard_9 inImageRestricted\">\n<div class=\"st-adunit st-adunit-tagged st-reset st-show\">Veracruz, Ver.-<\/div>\n<div class=\"st-adunit st-adunit-tagged st-reset st-show\">Antes de que aparecieran los grandes centros comerciales la avenida Independencia era el centro de venta de \u00fatiles escolares, libros, zapatos, uniformes, jugueter\u00edas y otros art\u00edculos de gran demanda.<\/div>\n<\/div>\n<\/div>\n<\/div>\n<\/div>\n<\/div>\n<\/div>\n<\/div>\n<p>De la mano de su padre, don\u00a0<b>Sebasti\u00e1n, No\u00e9<\/b>\u00a0camin\u00f3 por muchos a\u00f1os lleno de emoci\u00f3n pensando en que estrenar\u00eda libros, pero antes ten\u00edan que aguardar en una larga fila que se hac\u00eda a las afueras de La Escolar para hacer las compras.<\/p>\n<p>Realmente no hab\u00eda mucho dinero, pero muy responsablemente su padre hac\u00eda las compras con anticipaci\u00f3n para que<i>\u00a0\u201cno le agarraran las prisas\u201d.<\/i><\/p>\n<p>A\u00fan recuerda el olor a libros y cuadernos nuevos de la librer\u00eda \u201cLa Escolar\u201d la cual se ubicaba en\u00a0<b>Independencia y Ray\u00f3n.<\/b><\/p>\n<div class=\"local\nmedia \"><\/p>\n<div class=\"teaser \">\n<div class=\"img-container picture\">\n<div id=\"standard_11\" class=\"st-placement standard_11 inImage\">\n<div class=\"st-adunit st-adunit-tagged st-reset st-show\">\n<div class=\"st-adunit-ad st-reset\">\n<div class=\"st-display-render st-reset\">\n<div class=\"st-reset\">\n<div class=\"important-styled st-canvas-container open Billboard_970x300 display-standard fssquz2\">\n<div class=\"important-styled st-canvas-el fhxwyqa\">\n<div class=\"important-styled st-canvas-container undefined fssquz2\">\n<div class=\"important-styled st-canvas-el f16zqadt\">\n<div class=\"important-styled st-canvas-container undefined fssquz2\">\n<div class=\"important-styled st-canvas-el fpnjtgy\">\n<div class=\"important-styled fiv2j0v\">\n<div class=\"important-styled display-render-wrapper fiv2j0v\"><i>\u201cEn ese tiempo yo acompa\u00f1aba a mi pap\u00e1 a hacer las compras, no era mucho lo que ped\u00edan en ese tiempo, pero los libros los compraba en La Escolar era una librer\u00eda muy surtida hasta hab\u00eda de esas maquetas a escala que ya casi no se ven y los zapatos tambi\u00e9n los compraba en Independencia o en tiendas que estaban alrededor del mercado Hidalgo\u201d<\/i>, refiere.<\/div>\n<\/div>\n<\/div>\n<\/div>\n<\/div>\n<\/div>\n<\/div>\n<\/div>\n<\/div>\n<\/div>\n<\/div>\n<\/div>\n<\/div>\n<\/div>\n<\/div>\n<\/div>\n<p>El historiador veracruzano\u00a0<b>Miguel Salvador Rodr\u00edguez Azueta<\/b>\u00a0recuerda que adem\u00e1s de\u00a0<b>La Escolar, la Providencia<\/b>\u00a0era otra librer\u00eda que funcion\u00f3 hasta los\u00a0<b>a\u00f1os 90s<\/b>\u00a0antes de construirse el centro comercial Mocambo.<\/p>\n<p><i>\u201cEn La Escolar y en la Ciudad de Veracruz las filas eran enormes, hab\u00eda que esperarse casi la hora para poder comprar en temporada de regreso a clases, los dependientes no se daban abasto en atender a tanta gente, ten\u00edan como un convenio con escuelas y ah\u00ed adquir\u00edan todo, adem\u00e1s de que ven\u00eda mucha gente de la comunidad rural a hacer sus compras\u201d,<\/i>\u00a0recuerda.<\/p>\n<h2>Desde estampitas, libretas para taquigraf\u00eda y cuadernos con valor de 20 centavos<\/h2>\n<p>Estampitas para los \u00e1lbumes, cuadernos marca \u00c1guila con valor de 20 centavos, libretas para taquigraf\u00eda, l\u00e1minas y biograf\u00edas son algunos de los art\u00edculos que a mitad del siglo pasado ten\u00eda a la venta\u00a0<i><b>\u201cEl Escritorio\u201d<\/b><\/i>, papeler\u00eda que junto con<i><b>\u00a0\u201cEl Iris\u201d\u00a0<\/b><\/i>permanecen en la memoria como las\u00a0<b>m\u00e1s antiguas de Xalapa.<\/b><\/p>\n<p>Con dos instalaciones, en\u00a0<b>Primo Verdad y en Xalape\u00f1os Ilustres<\/b>, en la \u201ccuchilla\u201d donde ahora est\u00e1 una sucursal bancaria,\u00a0<b><i>\u201cEl Escritorio\u201d<\/i><\/b>\u00a0es recordado con nostalgia, lo mismo que su propietario\u00a0<b>Jos\u00e9 P\u00e9rez Oronoz<\/b>. De aquellos tiempos queda<i><b>\u00a0\u201cEl Iris\u201d<\/b><\/i>, con\u00a0<b>76 a\u00f1os de actividad ininterrumpida.<\/b><\/p>\n<p>En\u00a0<b>Altamirano esquina con Revoluci\u00f3n<\/b>, la empresa familiar desaf\u00eda al tiempo y tambi\u00e9n a las grandes cadenas nacionales e internacionales del ramo, las cuales cada vez llegan a lugares m\u00e1s remotos del pa\u00eds.<\/p>\n<div class=\"local\nmedia \"><\/p>\n<div class=\"teaser \">\n<div class=\"img-container picture\">\n<div class=\"picture-caption\n\"><\/p>\n<h4>Fundada por <b>Gabriel Campos Aguayo en 1945<\/b>, en 1986 inicia el proceso de crecimiento bajo el concepto de librer\u00edas y papeler\u00edas \u201cEl F\u00e9nix\u201d, y la apertura de nuevas sucursales, tanto en Xalapa como en otros municipios de la entidad.<\/h4>\n<\/div>\n<\/div>\n<\/div>\n<\/div>\n<p>En el caso del se\u00f1or Gabriel Campos Aguayo, se consolid\u00f3 en el sector papelero en la zona centro de la entidad. El empresario de origen jalisciense falleci\u00f3 a los 86 a\u00f1os en la ciudad de Coatepec.<\/p>\n<p>Seg\u00fan la investigaci\u00f3n de las especialistas en\u00a0<b>Econom\u00eda Financiera Violeta D\u00edaz Morales y Martha Patricia Garc\u00eda Ram\u00edrez<\/b>, el origen de las papeler\u00edas en M\u00e9xico qued\u00f3 consignado en la revista<i>\u00a0\u201cLa papeler\u00eda de Hoy\u201d.\u00a0<\/i>Mencionan que en\u00a0<b>1832\u00a0<\/b>una familia de franceses instala \u201c<b><i>Al Libro Mayor\u201d<\/i><\/b>, la primera papeler\u00eda en la Ciudad de M\u00e9xico de la cual se tiene registro y que posteriormente fue vendida a una familia espa\u00f1ola. Para el siglo XX, comparten, se integran al equipo unos j\u00f3venes espa\u00f1oles tambi\u00e9n, quienes luego fueron los fundadores de las siguientes papeler\u00edas m\u00e1s importantes del pa\u00eds:\u00a0<b>\u201cLa Helvetia\u00bb y \u201cGalas de M\u00e9xico\u201d.<\/b><\/p>\n<p><i>Con informaci\u00f3n de Ingrid Ruiz \/ Maribel S\u00e1nchez | Diario de Xalapa<\/i><\/p>\n<\/div>\n<\/article>\n","protected":false},"excerpt":{"rendered":"<p>Papeler\u00edas de anta\u00f1o: Algunas sobreviven con el paso del tiempo \u00bflas recuerdas? Entre la d\u00e9cada de 1940 y 1980, no exist\u00edan papeler\u00edas peque\u00f1as en casas o grandes cadenas como es actualmente El Escritorio, junto con El Iris permanecen en la memoria como las papeler\u00edas m\u00e1s antiguas de Xalapa Danytza Flores Diario de Xalapa Veracruz, Ver.- [&hellip;]<\/p>\n","protected":false},"author":249,"featured_media":28882,"comment_status":"open","ping_status":"closed","sticky":false,"template":"","format":"standard","meta":{"footnotes":""},"categories":[26],"tags":[],"class_list":["post-28881","post","type-post","status-publish","format-standard","has-post-thumbnail","hentry","category-mundo"],"_links":{"self":[{"href":"https:\/\/eloficiodehistoriar.com.mx\/index.php?rest_route=\/wp\/v2\/posts\/28881","targetHints":{"allow":["GET"]}}],"collection":[{"href":"https:\/\/eloficiodehistoriar.com.mx\/index.php?rest_route=\/wp\/v2\/posts"}],"about":[{"href":"https:\/\/eloficiodehistoriar.com.mx\/index.php?rest_route=\/wp\/v2\/types\/post"}],"author":[{"embeddable":true,"href":"https:\/\/eloficiodehistoriar.com.mx\/index.php?rest_route=\/wp\/v2\/users\/249"}],"replies":[{"embeddable":true,"href":"https:\/\/eloficiodehistoriar.com.mx\/index.php?rest_route=%2Fwp%2Fv2%2Fcomments&post=28881"}],"version-history":[{"count":1,"href":"https:\/\/eloficiodehistoriar.com.mx\/index.php?rest_route=\/wp\/v2\/posts\/28881\/revisions"}],"predecessor-version":[{"id":28883,"href":"https:\/\/eloficiodehistoriar.com.mx\/index.php?rest_route=\/wp\/v2\/posts\/28881\/revisions\/28883"}],"wp:featuredmedia":[{"embeddable":true,"href":"https:\/\/eloficiodehistoriar.com.mx\/index.php?rest_route=\/wp\/v2\/media\/28882"}],"wp:attachment":[{"href":"https:\/\/eloficiodehistoriar.com.mx\/index.php?rest_route=%2Fwp%2Fv2%2Fmedia&parent=28881"}],"wp:term":[{"taxonomy":"category","embeddable":true,"href":"https:\/\/eloficiodehistoriar.com.mx\/index.php?rest_route=%2Fwp%2Fv2%2Fcategories&post=28881"},{"taxonomy":"post_tag","embeddable":true,"href":"https:\/\/eloficiodehistoriar.com.mx\/index.php?rest_route=%2Fwp%2Fv2%2Ftags&post=28881"}],"curies":[{"name":"wp","href":"https:\/\/api.w.org\/{rel}","templated":true}]}}