{"id":28885,"date":"2022-08-09T10:29:52","date_gmt":"2022-08-09T16:29:52","guid":{"rendered":"https:\/\/eloficiodehistoriar.com.mx\/?p=28885"},"modified":"2022-08-09T10:29:52","modified_gmt":"2022-08-09T16:29:52","slug":"empresas-agricolas-retienen-a-los-jornaleros-una-semana-de-salario-y-documentos-personales","status":"publish","type":"post","link":"https:\/\/eloficiodehistoriar.com.mx\/?p=28885","title":{"rendered":"Empresas agr\u00edcolas retienen a los jornaleros una semana de salario y documentos personales"},"content":{"rendered":"<div id=\"article-cont\" class=\"main-cont article-cont actuality\">\n<div class=\"sumarios\">\n<p><q>Esclavitud moderna<\/q>: Sindicato<\/p>\n<\/div>\n<div class=\"cabeza\">Agroindustriales de BC retienen documentos y sueldo a jornaleros<\/div>\n<div class=\"sumarios\">\n<p>Les impiden regresar antes a sus comunidades o buscar trabajo en otros ranchos<\/p>\n<\/div>\n<div id=\"article-text\" class=\"text\">\n<div class=\"foto\">\n<div class=\"pie-foto\">Jornaleros agr\u00edcolas del municipio de San Quint\u00edn, Baja California, denunciaron la retenci\u00f3n de documentos oficiales y una semana de salario en <q>garant\u00eda<\/q> para los patrones.<\/div>\n<div><\/div>\n<\/div>\n<div class=\"col col1\">\n<div class=\"credito-autor\">Antonio Heras<\/div>\n<div class=\"credito-titulo\"><\/div>\n<div class=\"hemero\">La Jornada<\/p>\n<\/div>\n<p class=\"s-s\">Mexicali, BC.,<\/p>\n<p class=\"s-s\">Empresas agr\u00edcolas del sur de Baja California que contratan trabajadores de otros estados para la cosecha de productos de exportaci\u00f3n retienen a los jornaleros una semana de salario y documentos personales como la credencial del Instituto Nacional Electoral, revel\u00f3 Abelina Ram\u00edrez, dirigente del Sindicato Independiente Nacional Democr\u00e1tico de Jornaleros Agr\u00edcolas (SINDJA).<\/p>\n<p>Como parte de esa forma de\u00a0<q>esclavitud moderna<\/q>, se\u00f1al\u00f3 que los campesinos viajan en un cami\u00f3n desde sus lugares de origen con un contrato de mil 500 pesos semanales. Al llegar, los mayordomos separan mujeres y hombres para otorgarles un espacio en el que cohabitan hasta con 10 personas y duermen dos en cada colchoneta.<\/p>\n<p>A la entrada de los campamentos, explic\u00f3, los jornaleros est\u00e1n obligados a entregar su identificaci\u00f3n original y los comprometen a dejar en\u00a0<q>garant\u00eda<\/q>\u00a0el salario de la primera semana.<\/p>\n<p>Las instalaciones cierran sus puertas a las 20 horas, por lo que ning\u00fan empleado puede entrar o salir hasta las cuatro de la madrugada, cuando comienzan las labores.<\/p>\n<p>Ram\u00edrez refiri\u00f3 que esta situaci\u00f3n fue detectada en el rancho Santa M\u00f3nica, ubicado en el Valle de San Quint\u00edn, aunque asegur\u00f3 en otros lugares tambi\u00e9n es una pr\u00e1ctica com\u00fan.<\/p>\n<p>El primer caso es el de una jornalera originaria de Veracruz que relat\u00f3 que la empresa Santa M\u00f3nica le retuvo sus documentos y el sueldo semanal para mantenerla en ese lugar y que no pudiera regresar a su pueblo ni contratarse en otro rancho agr\u00edcola.<\/p>\n<p>Abelina Ram\u00edrez, quien antes dirigi\u00f3 la asociaci\u00f3n Mujeres Unidas en Defensa de Jornaleras e Ind\u00edgenas (MUDJI), lament\u00f3 la situaci\u00f3n que se vive en los campos agr\u00edcolas de San Quint\u00edn.<\/p>\n<p>Lament\u00f3 las condiciones\u00a0<q>deprimentes<\/q>\u00a0de los trabajadores de Santa M\u00f3nica, empresa propiedad de Julio Meza que vende sus productos al consorcio estadunidense A&amp;W.<\/p>\n<p class=\"sumario\">Autoridades callan a cambio de\u00a0<q>unas cajas de fresas<\/q><\/p>\n<p class=\"s-s\">La jornalera inst\u00f3 a las autoridades a honrar la palabra del presidente Andr\u00e9s Manuel L\u00f3pez Obrador\u00a0<q>de no mentir, no robar, no traicionar y no callarse por unas cajas de fresas cuando visitan San Quint\u00edn<\/q>.<\/p>\n<p>Afirm\u00f3 que cuando funcionarios estatales y federales realizan inspecciones en los campos de San Quint\u00edn los rancheros les regalan productos\u00a0<q>y con eso les tapan la boca para que no defiendan a los trabajadores<\/q>.<\/p>\n<p>La dirigente sindical advirti\u00f3 que se est\u00e1 integrando un expediente sobre estas irregularidades para exigir a las autoridades que pongan fin a estas pr\u00e1cticas y sancionen a los patrones.<\/p>\n<p>Lorenzo Rodr\u00edguez, secretario de SINDJA, mencion\u00f3 que esas pr\u00e1cticas son comunes entre los rancheros que contratan mano de obra de Veracruz, Guerrero, Oaxaca y Chiapas.<\/p>\n<p>En entrevista, el secretario del Trabajo y Previsi\u00f3n Social del gobierno estatal, Alejandro Arregui, reconoci\u00f3 que persisten violaciones a los derechos humanos de jornaleras y jornaleros, aunque\u00a0<q>hay avances importantes como la eliminaci\u00f3n del trabajo infantil<\/q>.<\/p>\n<\/div>\n<div class=\"col col2\">\n<p>En el caso del rancho Santa M\u00f3nica, coment\u00f3 que hay una inspecci\u00f3n abierta por quejas de trabajadores relacionadas con el reparto de utilidades y el salario integrado, lo que permitir\u00e1 indagar las anomal\u00edas descritas.<\/p>\n<p>El funcionario expuso que para erradicar estas pr\u00e1cticas se requiere de un trabajo serio del gobierno y la exigencia es que la ley se cumpla por igual para todos.<\/p>\n<p>Arregui dio a conocer que al recibir denuncias y quejas solicitan toda la informaci\u00f3n, lo que hace m\u00e1s complejas e intensas las inspecciones en los centros de trabajo, pues durante el proceso de recabar pruebas las empresas solicitan la ampliaci\u00f3n del t\u00e9rmino legal.<\/p>\n<p>La realidad de San Quint\u00edn es\u00a0<q>muy compleja y multifactorial y requiere soluciones de fondo de gobiernos, empresarios, organizaciones y comunidades<\/q>, plante\u00f3 el secretario del Trabajo del gobierno encabezado por la morenista Marina del Pilar \u00c1vila Olmeda.<\/p>\n<p class=\"sumario\">Tierra de contrastes<\/p>\n<p class=\"s-s\">De acuerdo con la Secretar\u00eda de Agricultura y Desarrollo Rural (Sader) del gobierno federal, el Valle de San Quint\u00edn es el segundo productor de moras y frutos rojos de M\u00e9xico; 90 por ciento de sus cosechas se destinan al mercado de Estados Unidos.<\/p>\n<p>Esta regi\u00f3n concentra m\u00e1s de la mitad del valor agr\u00edcola de la entidad, con 390 mil toneladas cosechadas en 11 mil 390 hect\u00e1reas; destaca el cultivo de jitomate, ceboll\u00edn y hortalizas de exportaci\u00f3n.<\/p>\n<p>La situaci\u00f3n de los 60 productores agr\u00edcolas, entre personas morales, personas f\u00edsicas y n\u00facleos familiares, contrasta en este municipio cuya poblaci\u00f3n, la mayor\u00eda ind\u00edgena, carece de agua potable, por lo cual se distribuye agua de pozos con pipas.<\/p>\n<p>Los campos se riegan con agua tratada y de plantas desaladoras de agroindustrias que migraron de la agricultura tradicional a la protegida (en la que se controlan algunos factores del medio ambiente), lo cual la convirti\u00f3 en la \u00fanica regi\u00f3n de M\u00e9xico donde el riego para los productos agr\u00edcolas es por goteo (sistema que permite que se entreguen peque\u00f1os vol\u00famenes de agua en forma peri\u00f3dica).<\/p>\n<p>En 2020 San Quint\u00edn se constituy\u00f3 en municipio. Con su desarrollo agroindustrial coexiste el rezago social de su poblaci\u00f3n, constituida mayoritariamente por ind\u00edgenas que dejaron de ser migrantes para asumirse como asentados, pues ya existe la tercera generaci\u00f3n con ra\u00edces mixtecas, triquis y zapotecas.<\/p>\n<p>Seg\u00fan el estudio\u00a0<em>Crecimiento agr\u00edcola y condiciones de trabajo en el Valle de San Quint\u00edn,<\/em>\u00a0de Agust\u00edn Escobar, Elisa Alejandra Mart\u00ednez y Diana Haid\u00e9 L\u00f3pez, en los surcos de San Quint\u00edn laboran m\u00e1s de 40 mil jornaleras y jornaleros; 15 por ciento habla su lengua materna y prevalece el pago desigual a mujeres y hombres por el mismo trabajo.<\/p>\n<\/div>\n<\/div>\n<div class=\"go gui\">\n<div class=\"go-up\"><\/div>\n<\/div>\n<\/div>\n<div id=\"taboola-below-content-thumbnails\" class=\" trc_related_container trc_spotlight_widget tbl-feed-container tbl-feed-frame-DIVIDER  render-late-effect\" data-feed-container-num=\"1\" data-feed-main-container-id=\"taboola-below-content-thumbnails\" data-parent-placement-name=\"Below Content Thumbnails\" data-pub-lang=\"es\">\n<div class=\" tbl-feed-header tbl-logo-right-position\">\n<div class=\"tbl-feed-header-logo\"><\/div>\n<\/div>\n<\/div>\n","protected":false},"excerpt":{"rendered":"<p>Esclavitud moderna: Sindicato Agroindustriales de BC retienen documentos y sueldo a jornaleros Les impiden regresar antes a sus comunidades o buscar trabajo en otros ranchos Jornaleros agr\u00edcolas del municipio de San Quint\u00edn, Baja California, denunciaron la retenci\u00f3n de documentos oficiales y una semana de salario en garant\u00eda para los patrones. Antonio Heras La Jornada Mexicali, [&hellip;]<\/p>\n","protected":false},"author":249,"featured_media":28886,"comment_status":"open","ping_status":"closed","sticky":false,"template":"","format":"standard","meta":{"footnotes":""},"categories":[26],"tags":[],"class_list":["post-28885","post","type-post","status-publish","format-standard","has-post-thumbnail","hentry","category-mundo"],"_links":{"self":[{"href":"https:\/\/eloficiodehistoriar.com.mx\/index.php?rest_route=\/wp\/v2\/posts\/28885","targetHints":{"allow":["GET"]}}],"collection":[{"href":"https:\/\/eloficiodehistoriar.com.mx\/index.php?rest_route=\/wp\/v2\/posts"}],"about":[{"href":"https:\/\/eloficiodehistoriar.com.mx\/index.php?rest_route=\/wp\/v2\/types\/post"}],"author":[{"embeddable":true,"href":"https:\/\/eloficiodehistoriar.com.mx\/index.php?rest_route=\/wp\/v2\/users\/249"}],"replies":[{"embeddable":true,"href":"https:\/\/eloficiodehistoriar.com.mx\/index.php?rest_route=%2Fwp%2Fv2%2Fcomments&post=28885"}],"version-history":[{"count":1,"href":"https:\/\/eloficiodehistoriar.com.mx\/index.php?rest_route=\/wp\/v2\/posts\/28885\/revisions"}],"predecessor-version":[{"id":28887,"href":"https:\/\/eloficiodehistoriar.com.mx\/index.php?rest_route=\/wp\/v2\/posts\/28885\/revisions\/28887"}],"wp:featuredmedia":[{"embeddable":true,"href":"https:\/\/eloficiodehistoriar.com.mx\/index.php?rest_route=\/wp\/v2\/media\/28886"}],"wp:attachment":[{"href":"https:\/\/eloficiodehistoriar.com.mx\/index.php?rest_route=%2Fwp%2Fv2%2Fmedia&parent=28885"}],"wp:term":[{"taxonomy":"category","embeddable":true,"href":"https:\/\/eloficiodehistoriar.com.mx\/index.php?rest_route=%2Fwp%2Fv2%2Fcategories&post=28885"},{"taxonomy":"post_tag","embeddable":true,"href":"https:\/\/eloficiodehistoriar.com.mx\/index.php?rest_route=%2Fwp%2Fv2%2Ftags&post=28885"}],"curies":[{"name":"wp","href":"https:\/\/api.w.org\/{rel}","templated":true}]}}