{"id":28891,"date":"2022-08-09T10:52:07","date_gmt":"2022-08-09T16:52:07","guid":{"rendered":"https:\/\/eloficiodehistoriar.com.mx\/?p=28891"},"modified":"2022-08-09T10:52:07","modified_gmt":"2022-08-09T16:52:07","slug":"los-mineros-atrapados-en-mina-el-pinabete-horada-los-sentidos-por-enesima-vez-la-tragedia","status":"publish","type":"post","link":"https:\/\/eloficiodehistoriar.com.mx\/?p=28891","title":{"rendered":"Los mineros atrapados en mina El Pinabete, horada los sentidos. Por en\u00e9sima vez la tragedia"},"content":{"rendered":"<div class=\"cabeza\">Sabinas, Coahuila<\/div>\n<div class=\"sumarios\"><\/div>\n<div class=\"credito-articulo\">Jos\u00e9 Blanco<\/div>\n<div><\/div>\n<div id=\"article-text\" class=\"text tbl-forkorts-article\">\n<div class=\"col\">\n<div class=\"inicial\">Quer\u00eda escribir sobre la\u00a0toma de posesi\u00f3n de Gustavo Petro, un hecho enmarcado en sucesos altamente significativos para Colombia y para Am\u00e9rica Latina.<\/div>\n<div><\/div>\n<div class=\"inicial\">Pero los mineros del carb\u00f3n atrapados en el pozo\/mina El Pinabete, horada los sentidos.<\/div>\n<div><\/div>\n<div class=\"inicial\">Por en\u00e9sima vez la tragedia se cierne violentamente sobre unos trabajadores que enriquecen a sus patrones.<\/div>\n<div><\/div>\n<div class=\"inicial\">Otra vez la mierda capitalista convierte el trabajo hasta la muerte, en faltriqueras llenas de dinero criminal. Y ya los patrones, como siempre en todo lugar, se esconden, ya buscan huir al sitio donde lavarse las manos. Y el minero Fernando Pompa Orta, librado de la muerte en un tris, casi murmulla acaso con realista resignaci\u00f3n, acosado por estos d\u00edas vac\u00edos que pasan sin asideros:\u00a0<q>Algunos tal vez ni sintieron, tal vez ni se dieron cuenta, porque fue demasiada agua la que nos peg\u00f3. Jam\u00e1s hab\u00eda visto yo una cantidad as\u00ed<\/q>.<\/div>\n<p>La mierda del capital ha despedazado vidas humanas en la miner\u00eda de Am\u00e9rica Latina desde la conquista en un inefable sin fin. Ecuador o Per\u00fa, Bolivia o Chile, Brasil o M\u00e9xico, pueden contar las m\u00e1s oscuras cat\u00e1strofes mineras. Siglos interminables de exprimir y esquilmar vidas humanas para que unos patrones subnormales puedan darse est\u00fapidas vidas regaladas de sultanes en la opulencia y el boato. La independencia no cont\u00f3 para los mineros; dej\u00f3 la explotaci\u00f3n minera como estaba, produciendo muertos sin parar. Los 33 mineros rescatados vivos de la mina San Jos\u00e9, en Chile, en 2010, son un caso \u00fanico en la historia. Los n\u00fameros de Pablo Moctezuma Barrag\u00e1n, y los de\u00a0<em>La Jornada<\/em>, sobre muertes recientes de mineros en las minas, reportados el pasado s\u00e1bado, son inasimilables. Nadie en M\u00e9xico puede normalizar esas muertes del horror, aunque hayan sido una despiadada constante hist\u00f3rica.<\/p>\n<p>La secuela de aquella historia excepcional chilena fue la infamia. En julio de 2013, la\u00a0<q>justicia<\/q>\u00a0chilena, luego de tres a\u00f1os de\u00a0<q>investigaciones<\/q>, resolvi\u00f3 que\u00a0<q>no hab\u00eda convicci\u00f3n para formular una acusaci\u00f3n respecto de los hechos contra la compa\u00f1\u00eda propietaria de la mina San Jos\u00e9 [San Esteban Primera, SA], ni contra los responsables del Servicio Nacional de Geolog\u00eda y Miner\u00eda<\/q>. Nadie fue responsable de un\u00a0<q>accidente<\/q>\u00a0que acapar\u00f3 la atenci\u00f3n mundial, con 33 mineros que permanecieron 70 d\u00edas 700 metros bajo tierra. Fue el ciego sino ensa\u00f1ado con los mineros. \u00c9stos, atrapados a partir del jueves 5 de agosto de 2010, intentaron subir por la escalera de emergencia, pero el intento fracas\u00f3 debido a que un tramo de la escalera no hab\u00eda sido colocado por la empresa. Un segundo derrumbe se produjo en la tarde del s\u00e1bado 7 de agosto anulando la posibilidad de una salida por el tubo de ventilaci\u00f3n. Fue el sino traidor.<\/p>\n<p>\u00a1Once a\u00f1os despu\u00e9s!, en junio de 2021, fueron indemnizados con 55 mil d\u00f3lares cada uno, la mitad de lo que la\u00a0<q>justicia<\/q>\u00a0hab\u00eda determinado en 2018. Y ninguno trabajaba. Nadie les daba trabajo. Y la mayor\u00eda padec\u00eda enfermedades diversas, algunas derivadas de aquellos 70 d\u00edas. El mundo sigui\u00f3 la peripecia de su rescate, pero no sigui\u00f3 la tragedia de los a\u00f1os subsiguientes. Y la historia termin\u00f3 en el enga\u00f1o vil de que fueron objeto, al\u00a0<q>perder<\/q>\u00a0los derechos de un libro y una pel\u00edcula inspirados en la mina de San Jos\u00e9.<\/p>\n<p>\u00bfVamos a olvidar Pasta de Conchos? Estos son los datos principales: el\u00a019 de febrero de 2006, en la mina 8,\u00a0Unidad Pasta de Conchos, en Coahuila, hubo una explosi\u00f3n por acumulaci\u00f3n de gas metano;\u00a065 de los 73 obreros\u00a0que se encontraban trabajando en ese turno quedaron atrapados. Se hab\u00edan emitido reportes de fallas de seguridad desde 2000. En la \u00faltima inspecci\u00f3n, el\u00a012 de julio de 2004, fueron se\u00f1aladas 43 violaciones a la norma de seguridad e higiene y se ordenaron\u00a048 medidas. Las autoridades no supervisaron que se subsanaran las fallas detectadas. La Comisi\u00f3n Nacional de los Derechos Humanos determin\u00f3 que\u00a0<q>los servidores p\u00fablicos de la Secretar\u00eda del Trabajo y Previsi\u00f3n Social toleraron que la referida empresa funcionara en condiciones que no garantizaban \u00edntegramente la salud y la vida de los trabajadores<\/q>. Sin ningua explicaci\u00f3n, las labores de rescate quedaron a cargo de la compa\u00f1\u00eda responsable de las condiciones de trabajo:\u00a0Grupo M\u00e9xico, propiedad del millonario\u00a0Germ\u00e1n Larrea. El\u00a04 de abril de 2007, despu\u00e9s de rescatar \u00fanicamente dos cuerpos, y en una decisi\u00f3n incomprensible, la empresa\u00a0decidi\u00f3 suspender el rescate: la mierda del capital. Han transcurrido \u00a116 a\u00f1os! de Larrea en la impunidad. En M\u00e9xico la vida no vale nada para los expulsados y los explotados del trabajo. Los mineros conocen la historia de los\u00a0<q>accidentes<\/q>, pero deben ponerla en un espacio ciego de la memoria, para ganar su raqu\u00edtico sustento. As\u00ed funciona el capital.<\/p>\n<p>Hacia 1950 Atahualpa Yupanqui escribio estos versos, que no son para el solaz:\u00a0<q>Al tiempo yo pregunt\u00e9 \/ Padre, \u00bfqu\u00e9 sabes de Dios? \/ Mi padre se puso serio \/ y nada me respondi\u00f3 \/ Mi padre muri\u00f3 en la mina \/ sin doctor ni protecci\u00f3n \/ Color de sangre minera \/ tiene el oro del patr\u00f3n<\/q>.<\/p>\n<\/div>\n<\/div>\n","protected":false},"excerpt":{"rendered":"<p>Sabinas, Coahuila Jos\u00e9 Blanco Quer\u00eda escribir sobre la\u00a0toma de posesi\u00f3n de Gustavo Petro, un hecho enmarcado en sucesos altamente significativos para Colombia y para Am\u00e9rica Latina. Pero los mineros del carb\u00f3n atrapados en el pozo\/mina El Pinabete, horada los sentidos. Por en\u00e9sima vez la tragedia se cierne violentamente sobre unos trabajadores que enriquecen a sus [&hellip;]<\/p>\n","protected":false},"author":249,"featured_media":28893,"comment_status":"open","ping_status":"closed","sticky":false,"template":"","format":"standard","meta":{"footnotes":""},"categories":[26],"tags":[],"class_list":["post-28891","post","type-post","status-publish","format-standard","has-post-thumbnail","hentry","category-mundo"],"_links":{"self":[{"href":"https:\/\/eloficiodehistoriar.com.mx\/index.php?rest_route=\/wp\/v2\/posts\/28891","targetHints":{"allow":["GET"]}}],"collection":[{"href":"https:\/\/eloficiodehistoriar.com.mx\/index.php?rest_route=\/wp\/v2\/posts"}],"about":[{"href":"https:\/\/eloficiodehistoriar.com.mx\/index.php?rest_route=\/wp\/v2\/types\/post"}],"author":[{"embeddable":true,"href":"https:\/\/eloficiodehistoriar.com.mx\/index.php?rest_route=\/wp\/v2\/users\/249"}],"replies":[{"embeddable":true,"href":"https:\/\/eloficiodehistoriar.com.mx\/index.php?rest_route=%2Fwp%2Fv2%2Fcomments&post=28891"}],"version-history":[{"count":1,"href":"https:\/\/eloficiodehistoriar.com.mx\/index.php?rest_route=\/wp\/v2\/posts\/28891\/revisions"}],"predecessor-version":[{"id":28894,"href":"https:\/\/eloficiodehistoriar.com.mx\/index.php?rest_route=\/wp\/v2\/posts\/28891\/revisions\/28894"}],"wp:featuredmedia":[{"embeddable":true,"href":"https:\/\/eloficiodehistoriar.com.mx\/index.php?rest_route=\/wp\/v2\/media\/28893"}],"wp:attachment":[{"href":"https:\/\/eloficiodehistoriar.com.mx\/index.php?rest_route=%2Fwp%2Fv2%2Fmedia&parent=28891"}],"wp:term":[{"taxonomy":"category","embeddable":true,"href":"https:\/\/eloficiodehistoriar.com.mx\/index.php?rest_route=%2Fwp%2Fv2%2Fcategories&post=28891"},{"taxonomy":"post_tag","embeddable":true,"href":"https:\/\/eloficiodehistoriar.com.mx\/index.php?rest_route=%2Fwp%2Fv2%2Ftags&post=28891"}],"curies":[{"name":"wp","href":"https:\/\/api.w.org\/{rel}","templated":true}]}}