{"id":28898,"date":"2022-08-09T11:05:25","date_gmt":"2022-08-09T17:05:25","guid":{"rendered":"https:\/\/eloficiodehistoriar.com.mx\/?p=28898"},"modified":"2022-08-09T11:05:25","modified_gmt":"2022-08-09T17:05:25","slug":"de-sol-a-sol-don-eulogio-saca-adelante-a-su-familia-como-barrendero-su-historia","status":"publish","type":"post","link":"https:\/\/eloficiodehistoriar.com.mx\/?p=28898","title":{"rendered":"De sol a sol, don Eulogio saca adelante a su familia como barrendero; su historia"},"content":{"rendered":"<div>\n<h4 class=\"title\">De sol a sol, don Eulogio saca adelante a su familia como barrendero; su historia<\/h4>\n<\/div>\n<h3 class=\"subtitle\">Desde las 5:30 de la ma\u00f1ana, don Eulogio se levanta para preparar su dif\u00edcil jornada laboral<\/h3>\n<div class=\"lead-gallery \">\n<div class=\"teaser  owl-carousel owl-theme\">\n<div class=\"owl-wrapper-outer\">\n<div class=\"owl-wrapper\">\n<div class=\"owl-item\">\n<div class=\"img-container picture\">\n<div id=\"standard_1\" class=\"st-placement standard_1 inImage\">\n<div class=\"st-adunit st-adunit-tagged st-reset st-show\">\n<div class=\"st-adunit-ad st-reset\">\n<div class=\"st-display-render st-reset\">\n<div class=\"st-reset\">\n<div class=\"important-styled st-canvas-container open Leaderboard display-standard fssquz2\">\n<div class=\"important-styled st-canvas-el fhxwyqa\">\n<div class=\"important-styled st-canvas-container undefined fssquz2\">\n<div class=\"important-styled st-canvas-el f109lpwv\">\n<div class=\"important-styled st-canvas-container undefined fssquz2\">\n<div class=\"important-styled st-canvas-el fhxwyqa\">\n<div class=\"important-styled f1m7i34m\">\n<div class=\"important-styled display-render-wrapper f1m7i34m\">Eulogio Hern\u00e1ndez lleva 22 a\u00f1os al servicio de Limpia P\u00fablica<\/div>\n<\/div>\n<\/div>\n<\/div>\n<\/div>\n<\/div>\n<\/div>\n<\/div>\n<\/div>\n<\/div>\n<\/div>\n<\/div>\n<\/div>\n<\/div>\n<\/div>\n<\/div>\n<\/div>\n<\/div>\n<\/div>\n<div id=\"affix-share\" class=\"sharing-menu affix\">\n<ul>\n<li>Danytza Flores<\/li>\n<li>Diario de Xalapa<\/li>\n<\/ul>\n<\/div>\n<div class=\"content-body clearfix \">\n<div id=\"content-body-225-8711677\">\n<p>Veracruz, Ver.-<\/p>\n<p><b>Eulogio Hern\u00e1ndez\u00a0<\/b>encontr\u00f3 en el oficio de barrendero un empleo para levantar a su familia, que desde hace 22 a\u00f1os sostiene con el sueldo que gana como empleado de Limpia P\u00fablica en el municipio de Veracruz.<\/p>\n<p>Aunque dice que \u201cno es el mejor oficio del mundo\u201d, afirma que en este momento no lo cambiar\u00eda si tuviera la oportunidad. Y es que, asegura que hay d\u00edas en los que disfruta cumplir con su deber \u201cen un ambiente tranquilo en el que lo \u00fanico que tiene que hacer es cumplir con la faena del d\u00eda\u201d.<\/p>\n<\/div>\n<\/div>\n<div class=\"advertisment \"><\/div>\n<article class=\"content-continued-body clearfix \">\n<div id=\"content-body-5851641-8711677\">\n<ul>\n<li><\/li>\n<\/ul>\n<p><i>Actualmente se encuentra asignado a un parque de la zona centro de la ciudad de Veracruz en el que pasa la escoba y usa una pala como recogedor para la basura que los peatones dejan a su paso.<\/i><\/p>\n<article class=\"local\nmedia col-md-4 inline-story \"><\/p>\n<div class=\"teaser \">\n<h4 class=\"title \">Eulogio dice que muchas personas creen que se trata de un trabajo poco complicado, pero explica que requiere de mucha puntualidad y compromiso; adem\u00e1s de ganas de servir a la ciudadan\u00eda que pocas veces nota lo que hace.<\/h4>\n<\/div>\n<\/article>\n<p>Diariamente debe trasladarse a las instalaciones de la Direcci\u00f3n de Limpia P\u00fablica desde la colonia\u00a0<b>La Pochota<\/b>, ubicada en la periferia de la zona urbana, para llegar a tiempo a su empleo, despu\u00e9s de checar la entrada le es asignada su tarea, que por lo regular es la misma todos los d\u00edas. \u201cEs dif\u00edcil, a lo mejor alguien dice que uno no hace nada, pero imag\u00ednese levantarse a las 5:30 o 6:00 de la ma\u00f1ana para llegar a tiempo al turno que iniciamos a las 7:00 de la ma\u00f1ana\u201d.<\/p>\n<p><b>Sin embargo, el oficio de barrendero no es mon\u00f3tono y sin ning\u00fan riesgo, como podr\u00eda pensarse y eso lo explica Eulogio. Todos los d\u00edas se enfrenta a las condiciones clim\u00e1ticas, que de no tomar las medidas correctas pueden causar afectaciones a su salud.<\/b><\/p>\n<p>El intenso sol es algo que debe soportar casi todos los d\u00edas, pero en un clima como el puerto de Veracruz, a veces le toca trabajar bajo una lluvia torrencial o vientos del norte que complican la labor.<\/p>\n<p>A lo anterior se le sum\u00f3 la situaci\u00f3n in\u00e9dita que gener\u00f3 la pandemia de Covid-19, ya que su empleo era considerado como esencial y no tuvo oportunidad de resguardarse en su casa, por lo que trabaj\u00f3 durante los meses m\u00e1s graves de la pandemia.<\/p>\n<ul>\n<li><\/li>\n<\/ul>\n<p>Fue en junio del 2020 que result\u00f3 contagiado del coronavirus, presentando un cuadro grave con s\u00edntomas que se mantuvieron hasta el mes de septiembre de ese mismo a\u00f1o. Recuerda que solo as\u00ed se dio cuenta que s\u00ed exist\u00eda la enfermedad en la que no cre\u00eda.<\/p>\n<p>\u201cYo estuve enfermo, mero me muero. Cuando empez\u00f3 en el 2020 yo me enferm\u00e9 en junio y hasta septiembre fue que empec\u00e9 a componerme\u00bb<\/p>\n<p><b><span class=\"quote\">No s\u00e9 d\u00f3nde me contagie porque yo era de los que no cre\u00eda que se pod\u00eda enfermar<\/span><\/b><\/p>\n<p>Otras ocasiones es asignado a apoyar con trabajo de limpieza en colonias alejadas o escuelas p\u00fablicas que piden ayuda al Ayuntamiento para cortar el pasto o podar \u00e1rboles, labor que describe como jornadas extenuantes y pesadas.\u00a0<b>\u201cHay d\u00edas en los que son muy pesados, d\u00edas en los que hay mucho trabajo, como cuando nos piden apoyo en las escuelas, que se pide que vaya uno a chapear o podar \u00e1rboles, ah\u00ed nos toca un trabajo m\u00e1s dif\u00edcil\u201d.<\/b><\/p>\n<p>El barrendero comparte que entr\u00f3 a este empleo por recomendaci\u00f3n de un conocido, se dice afortunado porque antes era m\u00e1s f\u00e1cil ser contratado en esta \u00e1rea, pero ahora las plazas laborales est\u00e1n cubiertas y la \u00fanica esperanza para nuevos ingresos va en funci\u00f3n del crecimiento de la ciudad.<\/p>\n<p>En un inicio fue asignado como parte del personal de limpieza en el Parque Ecol\u00f3gico, posteriormente en El N\u00facleo Deportivo, tambi\u00e9n lo asignan a escuelas y \u00e1reas verdes, as\u00ed como colonias.<\/p>\n<article class=\"local\nmedia col-md-4 inline-story \"><\/p>\n<div class=\"teaser \">\n<h4 class=\"title \"><b>\u201cSe acostumbra uno y es algo que me gusta, porque ya a esta edad es bastante complicado conseguir un lugar en donde trabajar y prestar servicios, a pesar de que a veces es pesado, puedo decir que es un oficio tranquilo, que es seguro, que es fijo\u201d. <\/b>Aunque no se queja de su salario y de las prestaciones que recibe, relata que para completar sus ingresos en ocasiones ha recurrido a la venta de botellas que acopia durante su jornada de barrendero.<\/h4>\n<\/div>\n<\/article>\n<p><i>Sin embargo, esto lo realiza solo cuando tiene alguna emergencia que amerita ampliar sus ingresos econ\u00f3micos, ya que actualmente existen muchas personas que tratan de conseguir este material para venderlo.<\/i><\/p>\n<p><b>\u201cA veces junto botellas de pl\u00e1stico, esas se venden a 12 pesos el kilo y se genera otro recurso, pero eso ya es muy contado porque ya hay muchas personas que se dedican a acopiar este material para venderlo\u201d.<\/b><\/p>\n<p>A sus 61 a\u00f1os, agradece tener empleo aunque se trate de un oficio que para muchos es invisible, pues para \u00e9l es una forma de continuar manteniendo a su familia y garantizar en un par de a\u00f1os un\u00a0<b>retiro tranquilo<\/b>\u00a0con su pensi\u00f3n.<\/p>\n<\/div>\n<\/article>\n","protected":false},"excerpt":{"rendered":"<p>De sol a sol, don Eulogio saca adelante a su familia como barrendero; su historia Desde las 5:30 de la ma\u00f1ana, don Eulogio se levanta para preparar su dif\u00edcil jornada laboral Eulogio Hern\u00e1ndez lleva 22 a\u00f1os al servicio de Limpia P\u00fablica Danytza Flores Diario de Xalapa Veracruz, Ver.- Eulogio Hern\u00e1ndez\u00a0encontr\u00f3 en el oficio de barrendero [&hellip;]<\/p>\n","protected":false},"author":249,"featured_media":28899,"comment_status":"open","ping_status":"closed","sticky":false,"template":"","format":"standard","meta":{"footnotes":""},"categories":[26],"tags":[],"class_list":["post-28898","post","type-post","status-publish","format-standard","has-post-thumbnail","hentry","category-mundo"],"_links":{"self":[{"href":"https:\/\/eloficiodehistoriar.com.mx\/index.php?rest_route=\/wp\/v2\/posts\/28898","targetHints":{"allow":["GET"]}}],"collection":[{"href":"https:\/\/eloficiodehistoriar.com.mx\/index.php?rest_route=\/wp\/v2\/posts"}],"about":[{"href":"https:\/\/eloficiodehistoriar.com.mx\/index.php?rest_route=\/wp\/v2\/types\/post"}],"author":[{"embeddable":true,"href":"https:\/\/eloficiodehistoriar.com.mx\/index.php?rest_route=\/wp\/v2\/users\/249"}],"replies":[{"embeddable":true,"href":"https:\/\/eloficiodehistoriar.com.mx\/index.php?rest_route=%2Fwp%2Fv2%2Fcomments&post=28898"}],"version-history":[{"count":1,"href":"https:\/\/eloficiodehistoriar.com.mx\/index.php?rest_route=\/wp\/v2\/posts\/28898\/revisions"}],"predecessor-version":[{"id":28900,"href":"https:\/\/eloficiodehistoriar.com.mx\/index.php?rest_route=\/wp\/v2\/posts\/28898\/revisions\/28900"}],"wp:featuredmedia":[{"embeddable":true,"href":"https:\/\/eloficiodehistoriar.com.mx\/index.php?rest_route=\/wp\/v2\/media\/28899"}],"wp:attachment":[{"href":"https:\/\/eloficiodehistoriar.com.mx\/index.php?rest_route=%2Fwp%2Fv2%2Fmedia&parent=28898"}],"wp:term":[{"taxonomy":"category","embeddable":true,"href":"https:\/\/eloficiodehistoriar.com.mx\/index.php?rest_route=%2Fwp%2Fv2%2Fcategories&post=28898"},{"taxonomy":"post_tag","embeddable":true,"href":"https:\/\/eloficiodehistoriar.com.mx\/index.php?rest_route=%2Fwp%2Fv2%2Ftags&post=28898"}],"curies":[{"name":"wp","href":"https:\/\/api.w.org\/{rel}","templated":true}]}}