{"id":28912,"date":"2022-08-11T09:49:19","date_gmt":"2022-08-11T15:49:19","guid":{"rendered":"https:\/\/eloficiodehistoriar.com.mx\/?p=28912"},"modified":"2022-08-11T09:49:19","modified_gmt":"2022-08-11T15:49:19","slug":"no-somos-ninis-ni-de-cristal-ni-mazapanes-protestan-jovenes","status":"publish","type":"post","link":"https:\/\/eloficiodehistoriar.com.mx\/?p=28912","title":{"rendered":"No somos\u00a0ninis\u00a0ni de cristal ni mazapanes\u201d, protestan j\u00f3venes"},"content":{"rendered":"<div id=\"article-cont\" class=\"main-cont article-cont actuality\">\n<div class=\"cabeza\">No somos\u00a0<em>ninis<\/em>\u00a0ni de cristal ni mazapanes\u201d, protestan j\u00f3venes<\/div>\n<div class=\"sumarios\"><\/div>\n<div id=\"article-text\" class=\"text\">\n<div class=\"col col1\">\n<div class=\"credito-autor\">Carolina G\u00f3mez Mena<\/div>\n<div class=\"credito-titulo\"><\/div>\n<div class=\"hemero\">La Jornada<\/p>\n<\/div>\n<p class=\"s-s\">Se deben\u00a0<q>romper estigmas y prejuicios<\/q>\u00a0sobre los j\u00f3venes, \u201cpedimos dejar atr\u00e1s las etiquetas que se nos han atribuido. No somos\u00a0<em>ninis<\/em>\u00a0ni de cristal ni mazapanes\u201d, se\u00f1alaron integrantes de la Alianza J\u00f3venes con Trabajo Digno.<\/p>\n<p>En conferencia virtual, realizada con motivo del D\u00eda Internacional de la Juventud (12 de agosto), Ang\u00e9lica Jasso, secretaria t\u00e9cnica de la Alianza, habl\u00f3 de \u201cla urgencia de no cerrarles las puertas del trabajo, y mucho menos, por causa de estigmas y prejuicios.<\/p>\n<p>Lament\u00f3 que se les descalifique\u00a0<q>por su forma de vestir, por tener tatuajes, perforaciones, por su condici\u00f3n socioecon\u00f3mica, por su edad<\/q>\u00a0y hasta por si tienen el cabello pintado de colores.<\/p>\n<p>Estas etiquetas\u00a0<q>son ideas falsas, pero su efecto es real: contribuyen a cerrar las puertas a millones de j\u00f3venes en las escuelas, en el trabajo, y a veces hasta en las familias. Las etiquetas da\u00f1an a quienes las reciben y tambi\u00e9n a la sociedad en su conjunto: generalizan alrededor de ideas err\u00f3neas y niegan derechos. Producen exclusi\u00f3n<\/q>.<\/p>\n<p>Mar\u00eda Fernanda Torres S\u00e1nchez, del Centro de Juventud sede Tlatelolco, se\u00f1al\u00f3 que\u00a0<q>casi una quinta parte de la poblaci\u00f3n joven, declara haber tenido un incidente, donde, sin raz\u00f3n aparente, nos han negado nuestros derechos y 36 por ciento percibe que en el pa\u00eds hay poco o nada de respeto<\/q>.<\/p>\n<p>A\u00f1adi\u00f3 que las personas j\u00f3venes\u00a0<q>hemos padecido discriminaci\u00f3n identificando diversos motivos como: nuestro peso o estatura (34 por ciento), nuestra forma de vestir o arreglo personal (30) o simplemente nuestra edad (19)<\/q>.<\/p>\n<\/div>\n<div class=\"col col2\">\n<p class=\"sumario\">Estigmas arraigados<\/p>\n<p class=\"s-s\">Aclar\u00f3 que\u00a0<q>ser joven no es sin\u00f3nimo de irresponsabilidad. Y es que la sociedad comparte prejuicios y estigmas que est\u00e1n muy arraigados; por ejemplo, 40 por ciento de la poblaci\u00f3n justifica llamar a la polic\u00eda cuando hay j\u00f3venes reunidos en una esquina y 60 por ciento est\u00e1 de acuerdo en que la mayor\u00eda son irresponsables<\/q>.<\/p>\n<p>Incluso el lugar donde viven influye a la hora de solicitar empleo. Coment\u00f3 que en trabajos que han realizado en Ecatepec, Tlatelolco y Monterrey\u00a0<q>nos han comentado que muchas veces prefieren no decir en una entrevista de trabajo d\u00f3nde viven o sus lugares de origen, pues esto llega a significar que los empleadores no contin\u00faen con la entrevista y menos se interesen en sus competencias<\/q>.<\/p>\n<p>Expusieron que\u00a0<q>el pa\u00eds tiene 32 millones de j\u00f3venes, en su mayor\u00eda con una escolaridad superior a la de sus padres, pero la exclusi\u00f3n del trabajo afecta a 7.5 millones de ellos, y quienes s\u00ed han conseguido empleo trabajan en condiciones de precariedad: 10.8 millones no tienen ingreso suficiente para lo m\u00e1s b\u00e1sico y 9.4 millones carecen de acceso a salud y seguri-dad social<\/q>.<\/p>\n<\/div>\n<\/div>\n<div class=\"go gui\">\n<div class=\"go-up\"><\/div>\n<\/div>\n<\/div>\n<div id=\"taboola-below-content-thumbnails\" class=\" trc_related_container trc_spotlight_widget tbl-feed-container tbl-feed-frame-DIVIDER  render-late-effect\" data-feed-container-num=\"1\" data-feed-main-container-id=\"taboola-below-content-thumbnails\" data-parent-placement-name=\"Below Content Thumbnails\" data-pub-lang=\"es\">\n<div class=\" tbl-feed-header tbl-logo-right-position\">\n<div class=\"tbl-feed-header-logo\"><\/div>\n<\/div>\n<\/div>\n","protected":false},"excerpt":{"rendered":"<p>No somos\u00a0ninis\u00a0ni de cristal ni mazapanes\u201d, protestan j\u00f3venes Carolina G\u00f3mez Mena La Jornada Se deben\u00a0romper estigmas y prejuicios\u00a0sobre los j\u00f3venes, \u201cpedimos dejar atr\u00e1s las etiquetas que se nos han atribuido. No somos\u00a0ninis\u00a0ni de cristal ni mazapanes\u201d, se\u00f1alaron integrantes de la Alianza J\u00f3venes con Trabajo Digno. En conferencia virtual, realizada con motivo del D\u00eda Internacional de [&hellip;]<\/p>\n","protected":false},"author":249,"featured_media":28913,"comment_status":"open","ping_status":"closed","sticky":false,"template":"","format":"standard","meta":{"footnotes":""},"categories":[26],"tags":[],"class_list":["post-28912","post","type-post","status-publish","format-standard","has-post-thumbnail","hentry","category-mundo"],"_links":{"self":[{"href":"https:\/\/eloficiodehistoriar.com.mx\/index.php?rest_route=\/wp\/v2\/posts\/28912","targetHints":{"allow":["GET"]}}],"collection":[{"href":"https:\/\/eloficiodehistoriar.com.mx\/index.php?rest_route=\/wp\/v2\/posts"}],"about":[{"href":"https:\/\/eloficiodehistoriar.com.mx\/index.php?rest_route=\/wp\/v2\/types\/post"}],"author":[{"embeddable":true,"href":"https:\/\/eloficiodehistoriar.com.mx\/index.php?rest_route=\/wp\/v2\/users\/249"}],"replies":[{"embeddable":true,"href":"https:\/\/eloficiodehistoriar.com.mx\/index.php?rest_route=%2Fwp%2Fv2%2Fcomments&post=28912"}],"version-history":[{"count":1,"href":"https:\/\/eloficiodehistoriar.com.mx\/index.php?rest_route=\/wp\/v2\/posts\/28912\/revisions"}],"predecessor-version":[{"id":28914,"href":"https:\/\/eloficiodehistoriar.com.mx\/index.php?rest_route=\/wp\/v2\/posts\/28912\/revisions\/28914"}],"wp:featuredmedia":[{"embeddable":true,"href":"https:\/\/eloficiodehistoriar.com.mx\/index.php?rest_route=\/wp\/v2\/media\/28913"}],"wp:attachment":[{"href":"https:\/\/eloficiodehistoriar.com.mx\/index.php?rest_route=%2Fwp%2Fv2%2Fmedia&parent=28912"}],"wp:term":[{"taxonomy":"category","embeddable":true,"href":"https:\/\/eloficiodehistoriar.com.mx\/index.php?rest_route=%2Fwp%2Fv2%2Fcategories&post=28912"},{"taxonomy":"post_tag","embeddable":true,"href":"https:\/\/eloficiodehistoriar.com.mx\/index.php?rest_route=%2Fwp%2Fv2%2Ftags&post=28912"}],"curies":[{"name":"wp","href":"https:\/\/api.w.org\/{rel}","templated":true}]}}