{"id":28915,"date":"2022-08-11T09:55:24","date_gmt":"2022-08-11T15:55:24","guid":{"rendered":"https:\/\/eloficiodehistoriar.com.mx\/?p=28915"},"modified":"2022-08-11T09:55:24","modified_gmt":"2022-08-11T15:55:24","slug":"el-regreso-a-clases-presenciales-dificil-para-alumnos-se-habituaron-al-formato-virtual","status":"publish","type":"post","link":"https:\/\/eloficiodehistoriar.com.mx\/?p=28915","title":{"rendered":"El regreso a clases presenciales, dif\u00edcil para alumnos, se habituaron al formato virtual"},"content":{"rendered":"<div id=\"article-cont\" class=\"main-cont article-cont actuality\">\n<div class=\"sumarios\">\n<p><q>Se sienten expuestos<\/q><\/p>\n<\/div>\n<div class=\"cabeza\">Alumnos en la UNAM tienen problemas de adaptaci\u00f3n a las aulas: docentes<\/div>\n<div class=\"sumarios\"><\/div>\n<div id=\"article-text\" class=\"text\">\n<div class=\"col col1\">\n<div class=\"credito-autor\">Fernando Camacho Serv\u00edn<\/div>\n<div class=\"credito-titulo\"><\/div>\n<div class=\"hemero\">La Jornada<\/p>\n<\/div>\n<p class=\"s-s\">El regreso a clases presenciales est\u00e1 resultando dif\u00edcil para algunos alumnos de los niveles superior y medio superior, quienes se habituaron muy r\u00e1pido al formato virtual y ahora dependen en exceso de los dispositivos electr\u00f3nicos para su aprendizaje, advirtieron acad\u00e9micos e investigadores de la Universidad Nacional Aut\u00f3noma de M\u00e9-xico (UNAM).<\/p>\n<p>Ra\u00fal Pi\u00f1a, profesor de la licenciatura en filosof\u00eda de la Facultad de Estudios Superiores Acatl\u00e1n, se\u00f1al\u00f3 que en los primeros d\u00edas del regreso a la presencialidad muchos estudiantes est\u00e1n teniendo complicaciones para adaptarse a las aulas, tras un periodo de al menos dos a\u00f1os de clases a distancia.<\/p>\n<p>\u201cNot\u00e9 que algunos alumnos que eran muy participativos en el modo virtual \u2013aunque apagaran la c\u00e1mara y s\u00f3lo intervinieran con su voz\u2013, ahora est\u00e1n completamente callados en el regreso a clases presenciales, y cuando les pregunt\u00e9 sobre el cambio en su actitud, la mayor\u00eda me dijo que no se sent\u00edan c\u00f3modos. Como si salir de su casa los hiciera sentir expuestos\u201d, se\u00f1al\u00f3 el docente.<\/p>\n<p>Debido en gran parte al confinamiento generado por la pandemia de covid-19, estim\u00f3, algunos estudiantes\u00a0<q>llegan con la idea de que todo tiene que ser a trav\u00e9s de dispositivos electr\u00f3nicos, sobre todo quienes tienen un car\u00e1cter m\u00e1s t\u00edmido<\/q>, por lo que en este momento trata de fomentar m\u00e1s las actividades de debate en clase y escritura a mano.<\/p>\n<p class=\"sumario\">Se pausaron ciertas capacidades<\/p>\n<p class=\"s-s\">Aunque celebr\u00f3 que la tecnolog\u00eda\u00a0<q>es una herramienta maravillosa<\/q>, el tambi\u00e9n profesor del Colegio de Bachilleres consider\u00f3 que puede\u00a0<q>jugarnos en contra si se dejan de desarrollar ciertas capacidades o competencias de socializaci\u00f3n o de escritura<\/q>.<\/p>\n<\/div>\n<div class=\"col col2\">\n<p>Al respecto, Roberto Rodr\u00edguez G\u00f3mez, especialista del Instituto de Investigaciones Sociales de la UNAM, subray\u00f3 que la presencialidad resulta muy favorable no s\u00f3lo para la transmisi\u00f3n de conocimientos, sino tambi\u00e9n para el intercambio de opiniones con alumnos y profesores\u00a0<q>de manera viva y din\u00e1mica<\/q>.<\/p>\n<p>Una gran cantidad de estudiantes, recalc\u00f3,\u00a0<q>estuvieron confinados durante dos a\u00f1os o m\u00e1s, de manera que para ellos es una novedad la incorporaci\u00f3n a salones de clase. Este tiene que ser un proceso gradual, donde debe haber flexibilidad y comprensi\u00f3n por parte de los docentes y las autoridades<\/q>.<\/p>\n<p>El investigador subray\u00f3 que las generaciones m\u00e1s recientes\u00a0<q>est\u00e1n en contacto con medios digitales desde que nacen, tanto para el entretenimiento como para la comunicaci\u00f3n y el aprendizaje. No s\u00e9 si hay una dependencia, pero s\u00ed la costumbre de obtener informaci\u00f3n en estos medios y eso tendr\u00e1 efectos<\/q>.<\/p>\n<p>Uno de ellos, dijo, es que\u00a0<q>disminuye la familiaridad con los medios tradicionales de estudio, como el cuaderno y el libro. Debe haber un ajuste de ambos lados: de quienes nos encargamos de impartir contenidos educativos y de los estudiantes, porque hasta ahora quiz\u00e1 no hemos logrado un balance adecuado<\/q>.<\/p>\n<\/div>\n<\/div>\n<div class=\"go gui\">\n<div class=\"go-up\"><\/div>\n<\/div>\n<\/div>\n","protected":false},"excerpt":{"rendered":"<p>Se sienten expuestos Alumnos en la UNAM tienen problemas de adaptaci\u00f3n a las aulas: docentes Fernando Camacho Serv\u00edn La Jornada El regreso a clases presenciales est\u00e1 resultando dif\u00edcil para algunos alumnos de los niveles superior y medio superior, quienes se habituaron muy r\u00e1pido al formato virtual y ahora dependen en exceso de los dispositivos electr\u00f3nicos [&hellip;]<\/p>\n","protected":false},"author":249,"featured_media":28916,"comment_status":"open","ping_status":"closed","sticky":false,"template":"","format":"standard","meta":{"footnotes":""},"categories":[26],"tags":[],"class_list":["post-28915","post","type-post","status-publish","format-standard","has-post-thumbnail","hentry","category-mundo"],"_links":{"self":[{"href":"https:\/\/eloficiodehistoriar.com.mx\/index.php?rest_route=\/wp\/v2\/posts\/28915","targetHints":{"allow":["GET"]}}],"collection":[{"href":"https:\/\/eloficiodehistoriar.com.mx\/index.php?rest_route=\/wp\/v2\/posts"}],"about":[{"href":"https:\/\/eloficiodehistoriar.com.mx\/index.php?rest_route=\/wp\/v2\/types\/post"}],"author":[{"embeddable":true,"href":"https:\/\/eloficiodehistoriar.com.mx\/index.php?rest_route=\/wp\/v2\/users\/249"}],"replies":[{"embeddable":true,"href":"https:\/\/eloficiodehistoriar.com.mx\/index.php?rest_route=%2Fwp%2Fv2%2Fcomments&post=28915"}],"version-history":[{"count":1,"href":"https:\/\/eloficiodehistoriar.com.mx\/index.php?rest_route=\/wp\/v2\/posts\/28915\/revisions"}],"predecessor-version":[{"id":28917,"href":"https:\/\/eloficiodehistoriar.com.mx\/index.php?rest_route=\/wp\/v2\/posts\/28915\/revisions\/28917"}],"wp:featuredmedia":[{"embeddable":true,"href":"https:\/\/eloficiodehistoriar.com.mx\/index.php?rest_route=\/wp\/v2\/media\/28916"}],"wp:attachment":[{"href":"https:\/\/eloficiodehistoriar.com.mx\/index.php?rest_route=%2Fwp%2Fv2%2Fmedia&parent=28915"}],"wp:term":[{"taxonomy":"category","embeddable":true,"href":"https:\/\/eloficiodehistoriar.com.mx\/index.php?rest_route=%2Fwp%2Fv2%2Fcategories&post=28915"},{"taxonomy":"post_tag","embeddable":true,"href":"https:\/\/eloficiodehistoriar.com.mx\/index.php?rest_route=%2Fwp%2Fv2%2Ftags&post=28915"}],"curies":[{"name":"wp","href":"https:\/\/api.w.org\/{rel}","templated":true}]}}