{"id":28918,"date":"2022-08-11T10:03:46","date_gmt":"2022-08-11T16:03:46","guid":{"rendered":"https:\/\/eloficiodehistoriar.com.mx\/?p=28918"},"modified":"2022-08-11T10:03:46","modified_gmt":"2022-08-11T16:03:46","slug":"unas-50-mil-copias-del-verso-todo-mi-amor-esta-aqui-pegado-a-las-rocas-al-mar-a-las-montanas","status":"publish","type":"post","link":"https:\/\/eloficiodehistoriar.com.mx\/?p=28918","title":{"rendered":"Unas 50 mil copias del verso\u00a0\u00abTodo mi amor est\u00e1 aqu\u00ed pegado a las rocas, al mar, a las monta\u00f1as#"},"content":{"rendered":"<div id=\"article-cont\" class=\"main-cont article-cont actuality\">\n<div class=\"cabeza\">Caer\u00e1n del cielo de Tultepec 50 mil copias de un verso de Ra\u00fal Zurita<\/div>\n<div class=\"sumarios\">\n<p>Se lanzar\u00e1n desde un helic\u00f3ptero junto con dibujos de Arturo Ocampo<\/p>\n<\/div>\n<div id=\"article-text\" class=\"text\">\n<div class=\"foto\">\n<div class=\"pie-foto\">Este s\u00e1bado al mediod\u00eda se realizar\u00e1 un encuentro en el restaurante La Celestial entre j\u00f3venes poetas y vecinos de Tultepec, organizado por Ricardo Suasnavar y el sello Mantarraya Ediciones.<\/div>\n<div><\/div>\n<\/div>\n<div class=\"col col1\">\n<div class=\"credito-autor\">Carlos Paul<\/div>\n<div class=\"credito-titulo\"><\/div>\n<div class=\"hemero\">La Jornada<\/p>\n<\/div>\n<p class=\"s-s\">Unas 50 mil copias del verso\u00a0<q>Todo mi amor est\u00e1 aqu\u00ed pegado a las rocas, al mar, a las monta\u00f1as<\/q>, que forma parte del poema\u00a0<em>Canto a su amor desaparecido<\/em>, del reconocido poeta chileno Ra\u00fal Zurita (Santiago de Chile, 1950), distinguido con el Premio Reina Sof\u00eda de Poes\u00eda Iberoamericana 2020, ser\u00e1n lanzados desde un helic\u00f3ptero, junto con varios dibujos realizados por Arturo Ocampo, sobre el municipio de Tultepec, estado de M\u00e9xico, este s\u00e1bado alrededor de las 12 horas,\u00a0<q>como una acci\u00f3n art\u00edstica y de activismo cultural ciudadano para hacer llegar la cultura adonde nunca llega<\/q>.<\/p>\n<p>En ese mismo momento, se llevar\u00e1 a cabo un encuentro entre j\u00f3venes poetas y escritores que leer\u00e1n sus obras a los vecinos de Tultepec, adem\u00e1s de recitar y conversar acerca de la poes\u00eda de Ra\u00fal Zurita, en el restaurante La Celestial (calle de Tamaulipas 5, San Mart\u00edn Tultepec), a tres minutos caminando desde el ayuntamiento.<\/p>\n<p>Ambas acciones art\u00edsticas y culturales ser\u00e1n posibles gracias a la log\u00edstica general de Ricardo Suasnavar y a los esfuerzos del sello Mantarraya Ediciones, encabezado por Melisa Arzate Amaro y Antonio Calera-Grobet, quienes hasta el momento han publicado unos 90 libros y que organizan cada a\u00f1o el encuentro Poes\u00eda por Primavera.<\/p>\n<p>En esta ocasi\u00f3n, han querido reconocer a Ra\u00fal Zurita, uno de los m\u00e1s importantes poetas de Am\u00e9rica Latina, merecedor de los premios Iberoamericano de Poes\u00eda Pablo Neruda 2016 y el Nacional de Literatura 2000, y quien ha realizado diversas acciones art\u00edsticas\u00a0<q>con el prop\u00f3sito de extender el concepto de poes\u00eda y literatura, con el fin de integrar y ampliar de forma cr\u00edtica y creativa las diferentes concepciones de arte y vida<\/q>.<\/p>\n<p>Entre otros eventos, en junio de 1982, Zurita escribi\u00f3 en los cielos de Nueva York una parte de su poema\u00a0<em>La vida nueva<\/em>, con la ayuda de cinco aviones que trazaron las letras con humo blanco. Esa creaci\u00f3n estaba compuesta por 15 frases en espa\u00f1ol de unos 8 kil\u00f3metros de largo cada una.<\/p>\n<p>En 1993, plasm\u00f3 en el desierto de Atacama, en Chile, la frase\u00a0<q>Ni pena ni miedo<\/q>, la cual, por su extensi\u00f3n de m\u00e1s de 3 mil metros, s\u00f3lo pod\u00eda ser le\u00edda desde los aires.<\/p>\n<p>El par de acciones art\u00edsticas que ahora han articulado Arzate Amaro y Calera-Grobet, de Mantarraya Ediciones, y con la log\u00edstica general de Ricardo Suasnavar, tienen la intenci\u00f3n de\u00a0<q>ser un eco de lo que el mismo Zurita realiz\u00f3 en distintos momentos a lo largo de su vida<\/q>.<\/p>\n<p>Con ese par de acciones, los organizadores buscan \u201cllegar a una zona marginada cultural, social y econ\u00f3micamente, como Tultepec, y los territorios colindantes de Coacalco de Berrioz\u00e1bal, Cuautitl\u00e1n, Teoloyucan y Tultitl\u00e1n.<\/p>\n<p><q>Zonas que por muchos a\u00f1os han sido olvidadas tanto por los proyectos culturales oficiales como por los independientes, y que tienen adem\u00e1s una alta tasa de feminicidios<\/q>, expres\u00f3 Melisa Arzate.<\/p>\n<\/div>\n<div class=\"col col2\">\n<div class=\"foto\">\n<div class=\"pie-foto\">\u201cA esa zona no llegan las ofertas culturales oficiales ni los proyectos <em>mainstream<\/em>\u00a0del arte. Queremos que los ni\u00f1os, los j\u00f3venes y las familias se encuentren con la sorpresa de que algo (un verso) caiga del aire y les ofrezca de alguna manera cierta esperanza, una sonrisa, una alegr\u00eda, y que esa experiencia est\u00e9tica pueda detonar otra acci\u00f3n pol\u00edtica o social.\u201d<\/div>\n<\/div>\n<p>De esta manera, explicaron los tambi\u00e9n editores y gestores culturales, Mantarraya Ediciones, sin ning\u00fan auspicio oficial, muestra su compromiso y conciencia social, lo cual se une y hermana a la conciencia social que tambi\u00e9n ha desarrollado Ra\u00fal Zurita con su poes\u00eda y activismo.<\/p>\n<p>Hay que recordar, continu\u00f3 Arzate, que desde su juventud Zurita ha desarrollado una po\u00e9tica que registra las atrocidades cometidas por la dictadura contra el pueblo chileno.<\/p>\n<p>El comienzo de su trayectoria como poeta y activista est\u00e1 relacionado con el golpe de Estado del 11 de septiembre de 1973, encabezado por Augusto Pinochet, ya que ese d\u00eda Zurita se dirig\u00eda a la universidad y fue detenido por una patrulla militar junto con otros estudiantes. Estuvo preso durante m\u00e1s de 20 d\u00edas y fue torturado en las bodegas del buque carguero\u00a0<em>Maipo<\/em>, donde hab\u00eda otras 800 personas que compart\u00edan su situaci\u00f3n.<\/p>\n<p>El verso que ser\u00e1 lanzado desde el aire forma parte del poema\u00a0<em>Canto a su amor desaparecido<\/em>, considerado entre los m\u00e1s importantes de su producci\u00f3n, al lado de la trilog\u00eda\u00a0<em>Purgatorio<\/em>\u00a0(1979),\u00a0<em>Antepara\u00edso<\/em>\u00a0(1982) y\u00a0<em>La vida nueva<\/em>.<\/p>\n<p>En\u00a0<em>Canto a su amor desaparecido<\/em>, publicado en 1985, ahondaron Calera y Arzate, habla sobre la memoria hist\u00f3rica y el dolor del pueblo chileno, as\u00ed como de la miseria pol\u00edtica y social de Latinoam\u00e9rica, y est\u00e1 dedicado a los j\u00f3venes chilenos v\u00edctimas de la dictadura, aunque el verso seleccionado por el propio Zurita tiene m\u00e1s que ver con una amorosa solidaridad.<\/p>\n<p>Como parte de la compleja log\u00edstica y los permisos para estas acciones,\u00a0<q>se logr\u00f3 que los versos y dibujos no sean considerados por el municipio como basura. El ayuntamiento de Tultepec nos apoy\u00f3 para que el verso del poema y los dibujos se valoren como una forma de comunicarse y compartir cultura<\/q>.<\/p>\n<p>Si no hay inconvenientes debidos al clima o el tr\u00e1fico a\u00e9reo, el lanzamiento de las 50 mil copias del verso\u00a0<q>Todo mi amor est\u00e1 aqu\u00ed pegado a las rocas al mar a las monta\u00f1as<\/q>\u00a0y de varios dibujos de Arturo Ocampo ser\u00e1 desde un helic\u00f3ptero sobre el municipio de Tultepec este s\u00e1bado 13 de agosto alrededor de las 12 horas.<\/p>\n<\/div>\n<\/div>\n<div class=\"go gui\">\n<div class=\"go-up\"><\/div>\n<\/div>\n<\/div>\n<div id=\"taboola-below-content-thumbnails\" class=\" trc_related_container trc_spotlight_widget tbl-feed-container tbl-feed-frame-DIVIDER  render-late-effect\" data-feed-container-num=\"1\" data-feed-main-container-id=\"taboola-below-content-thumbnails\" data-parent-placement-name=\"Below Content Thumbnails\" data-pub-lang=\"es\">\n<div class=\" tbl-feed-header tbl-logo-right-position\">\n<div class=\"tbl-feed-header-logo\"><\/div>\n<\/div>\n<\/div>\n","protected":false},"excerpt":{"rendered":"<p>Caer\u00e1n del cielo de Tultepec 50 mil copias de un verso de Ra\u00fal Zurita Se lanzar\u00e1n desde un helic\u00f3ptero junto con dibujos de Arturo Ocampo Este s\u00e1bado al mediod\u00eda se realizar\u00e1 un encuentro en el restaurante La Celestial entre j\u00f3venes poetas y vecinos de Tultepec, organizado por Ricardo Suasnavar y el sello Mantarraya Ediciones. Carlos [&hellip;]<\/p>\n","protected":false},"author":249,"featured_media":28919,"comment_status":"open","ping_status":"closed","sticky":false,"template":"","format":"standard","meta":{"footnotes":""},"categories":[26],"tags":[],"class_list":["post-28918","post","type-post","status-publish","format-standard","has-post-thumbnail","hentry","category-mundo"],"_links":{"self":[{"href":"https:\/\/eloficiodehistoriar.com.mx\/index.php?rest_route=\/wp\/v2\/posts\/28918","targetHints":{"allow":["GET"]}}],"collection":[{"href":"https:\/\/eloficiodehistoriar.com.mx\/index.php?rest_route=\/wp\/v2\/posts"}],"about":[{"href":"https:\/\/eloficiodehistoriar.com.mx\/index.php?rest_route=\/wp\/v2\/types\/post"}],"author":[{"embeddable":true,"href":"https:\/\/eloficiodehistoriar.com.mx\/index.php?rest_route=\/wp\/v2\/users\/249"}],"replies":[{"embeddable":true,"href":"https:\/\/eloficiodehistoriar.com.mx\/index.php?rest_route=%2Fwp%2Fv2%2Fcomments&post=28918"}],"version-history":[{"count":1,"href":"https:\/\/eloficiodehistoriar.com.mx\/index.php?rest_route=\/wp\/v2\/posts\/28918\/revisions"}],"predecessor-version":[{"id":28920,"href":"https:\/\/eloficiodehistoriar.com.mx\/index.php?rest_route=\/wp\/v2\/posts\/28918\/revisions\/28920"}],"wp:featuredmedia":[{"embeddable":true,"href":"https:\/\/eloficiodehistoriar.com.mx\/index.php?rest_route=\/wp\/v2\/media\/28919"}],"wp:attachment":[{"href":"https:\/\/eloficiodehistoriar.com.mx\/index.php?rest_route=%2Fwp%2Fv2%2Fmedia&parent=28918"}],"wp:term":[{"taxonomy":"category","embeddable":true,"href":"https:\/\/eloficiodehistoriar.com.mx\/index.php?rest_route=%2Fwp%2Fv2%2Fcategories&post=28918"},{"taxonomy":"post_tag","embeddable":true,"href":"https:\/\/eloficiodehistoriar.com.mx\/index.php?rest_route=%2Fwp%2Fv2%2Ftags&post=28918"}],"curies":[{"name":"wp","href":"https:\/\/api.w.org\/{rel}","templated":true}]}}