{"id":28921,"date":"2022-08-11T10:11:15","date_gmt":"2022-08-11T16:11:15","guid":{"rendered":"https:\/\/eloficiodehistoriar.com.mx\/?p=28921"},"modified":"2022-08-11T10:11:15","modified_gmt":"2022-08-11T16:11:15","slug":"cierra-don-chema-que-otros-negocios-han-perdido-la-batalla-en-la-pandemia","status":"publish","type":"post","link":"https:\/\/eloficiodehistoriar.com.mx\/?p=28921","title":{"rendered":"Cierra Don Chema: \u00bfQu\u00e9 otros negocios han perdido la batalla en la pandemia?"},"content":{"rendered":"<div>\n<h4 class=\"title\">Cierra Don Chema:<\/h4>\n<h4 class=\"title\">\u00bfQu\u00e9 otros negocios han perdido la batalla en la pandemia?<\/h4>\n<\/div>\n<h3 class=\"subtitle\">Tacos Don Chema atend\u00eda a sus clientes con nueve trabajadores, pero ahora quedaron menos de la mitad<\/h3>\n<div class=\"lead-gallery \">\n<div class=\"teaser  owl-carousel owl-theme\">\n<div class=\"owl-wrapper-outer\">\n<div class=\"owl-wrapper\">\n<div class=\"owl-item\">\n<div class=\"img-container picture\">\n<div id=\"standard_1\" class=\"st-placement standard_1 inImage\">\n<div class=\"st-adunit st-adunit-tagged st-reset st-show\">\n<div class=\"st-adunit-ad st-reset\">\n<div class=\"st-display-render st-reset\">\n<div class=\"st-reset\">\n<div class=\"important-styled st-canvas-container open HalfPage display-standard fssquz2\">\n<div class=\"important-styled st-canvas-el fhxwyqa\">\n<div class=\"important-styled st-canvas-container undefined fssquz2\">\n<div class=\"important-styled st-canvas-el f1qsmdcd\">\n<div class=\"important-styled st-canvas-container undefined fssquz2\">\n<div class=\"important-styled st-canvas-el f1e6ijw2\">\n<div class=\"important-styled f1185fd3\">\n<div class=\"important-styled display-render-wrapper f1185fd3\">Al cierre de la Casa Ollivier se suma Don Chema, taquer\u00eda que se qued\u00f3 en el coraz\u00f3n de xalape\u00f1as y xalape\u00f1os<\/div>\n<\/div>\n<\/div>\n<\/div>\n<\/div>\n<\/div>\n<\/div>\n<\/div>\n<\/div>\n<\/div>\n<\/div>\n<\/div>\n<\/div>\n<\/div>\n<\/div>\n<\/div>\n<\/div>\n<\/div>\n<\/div>\n<div id=\"affix-share\" class=\"sharing-menu affix\">\n<ul>\n<li>Ariadna Garc\u00eda<\/li>\n<li>Diario de Xalapa<\/li>\n<\/ul>\n<\/div>\n<div class=\"content-body clearfix \">\n<div id=\"content-body-225-8722487\">\n<p>El pr\u00f3ximo\u00a0<b>viernes 12 de agosto<\/b>\u00a0ser\u00e1 el \u00faltimo d\u00eda que est\u00e9 abierta la sucursal de la<b>\u00a0Taquer\u00eda \u00abDon Chema\u00bb<\/b>\u00a0ubicada en la\u00a0<b>calle Primo Verdad, en pleno centro de la ciudad.<\/b><\/p>\n<p>Despu\u00e9s de\u00a0<b>9 a\u00f1os<\/b>\u00a0en que fuera la preferida para muchos bur\u00f3cratas, j\u00f3venes, familias y xalape\u00f1os en general, este establecimiento cerrar\u00e1 sus puertas.<\/p>\n<\/div>\n<\/div>\n<div class=\"advertisment \">\n<div id=\"dfp-nota-1x3s\" data-google-query-id=\"CISwkreVv_kCFYhiAQodN1ABTQ\">\n<div id=\"google_ads_iframe_\/2000002\/diariodexalapa\/mexico_nota_1x3_0__container__\">\u00bfPor qu\u00e9 cerrar\u00e1 la sucursal de la Taquer\u00eda \u00abDon Chema\u00bb?<\/div>\n<\/div>\n<\/div>\n<article class=\"content-continued-body clearfix \">\n<div id=\"content-body-5851641-8722487\">\n<p>De acuerdo con\u00a0<b>V\u00edctor L\u00f3pez<\/b>, encargado de la sucursal, el cierre obedece a la falta de personal puesto que algunos de sus ex trabajadores han preferido dejar de laborar all\u00ed e incluso emigrar a Estados Unidos.<\/p>\n<ul>\n<li><\/li>\n<\/ul>\n<article class=\"local\nmedia col-md-4 inline-story \"><\/p>\n<div class=\"teaser \">\n<h4 class=\"title \"><i>\u00abLamentablemente ya se va a cerrar, pero vamos a seguir laborando en Araucarias, los esperamos all\u00e1\u00bb<\/i>, fue el mensaje para sus leales clientes. Incluso adelant\u00f3 que podr\u00eda haber una nueva sucursal pero ahora en la\u00a0<b>zona de la Central de Abasto<\/b>\u00a0en un espacio m\u00e1s amplio para seguir consintiendo paladares.<\/h4>\n<\/div>\n<\/article>\n<p>Record\u00f3 que\u00a0<b>Tacos Chema<\/b>\u00a0atend\u00eda a sus clientes con nueve trabajadores, pero ahora quedaron menos de la mitad, pues muchos optan por irse a Estados Unidos y aunque han intentado contratar a otros trabajadores<i>\u00a0\u00abvienen un ratito y se van\u00bb.<\/i><\/p>\n<h2>\u00bfQu\u00e9 otra sucursal de Tacos Don Chema hay en Xalapa?<\/h2>\n<p>Por el momento el \u00fanico lugar donde seguir\u00e1n trabajando ser\u00e1 en la\u00a0<b>avenida Araucarias<\/b>\u00a0como lo han hecho durante los \u00faltimos cerca de\u00a0<b>14 a\u00f1os<\/b>, convirti\u00e9ndose en una tradici\u00f3n Xalape\u00f1a.<\/p>\n<ul>\n<li><\/li>\n<\/ul>\n<p>Por ello, reiter\u00f3 su invitaci\u00f3n a que sigan acudiendo y disfrutando de los ricos Tacos Chema:<i>\u00a0\u00aball\u00e1 vamos a estar esper\u00e1ndolos\u00bb.<\/i><\/p>\n<h2><b>\u00bfQu\u00e9 negocios han cerrado en el centro de Xalapa?<\/b><\/h2>\n<p><i>Este no es el \u00fanico establecimiento que ha tenido que cerrar sus puertas derivado de la crisis econ\u00f3mica provocada por la pandemia por Covid-19 y las bajas ventas, en el centro y periferia de la ciudad.<\/i><\/p>\n<article class=\"local\nmedia col-md-4 inline-story \"><\/p>\n<div class=\"teaser \">\n<h4 class=\"title \">El pasado 18 de abril, la<b>\u00a0cafeter\u00eda La Naval de Xalapa<\/b>\u00a0emiti\u00f3 un comunicado donde da conocer que da por terminado sus operaciones despu\u00e9s de 63 a\u00f1os de servicio y tradici\u00f3n en Xalapa. En el texto, firmado por Marymar Fern\u00e1ndez Flores, propietaria, se\u00f1al\u00f3 que el lugar alberg\u00f3 \u201chistorias, recuerdos y hermosos experiencias\u201d sin embargo, reconoci\u00f3 que despu\u00e9s de dos largos y dif\u00edciles a\u00f1os de pandemia se decidi\u00f3 cerrar operaciones de manera permanente.<\/h4>\n<\/div>\n<\/article>\n<p><i>Unos d\u00edas antes,\u00a0<b>el 13 de abril, la sucursal de tiendas Contino,<\/b>\u00a0ubicada en la esquina de las calles Primo Verdad y Enr\u00edquez en pleno centro de la ciudad, tambi\u00e9n cerr\u00f3 sus puertas luego de 50 a\u00f1os de estar en funcionamiento. De \u201cun d\u00eda para otro\u201d, la tienda luci\u00f3 cerrada y sobre la cortina fue colocado un aviso para que los clientes puedan seguir realizando los pagos correspondientes.<\/i><\/p>\n<p>La tarde del 15 de febrero,<b>\u00a0el Hotel Lim\u00f3n, que ocupa una de las construcciones m\u00e1s antiguas de Xalapa, deja de dar servicio tras 128 a\u00f1os.\u00a0<\/b>En su momento se inform\u00f3 que el cierre del negocio, ubicado en Revoluci\u00f3n n\u00famero 8, en el centro hist\u00f3rico de la ciudad, se deb\u00eda a que no resisti\u00f3 el embate de la crisis sanitaria por Covid-19.<\/p>\n<div class=\"local\nmedia \"><\/p>\n<div class=\"teaser \">\n<div class=\"img-container picture\">\n<div id=\"standard_9\" class=\"st-placement standard_9 inImageRestricted\">\n<div class=\"st-adunit st-adunit-tagged st-reset st-show\">\n<div class=\"st-adunit-ad st-reset\">\n<div class=\"st-display-render st-reset\">\n<div class=\"st-reset\">\n<div class=\"important-styled st-canvas-container open Leaderboard display-standard fssquz2\">\n<div class=\"important-styled st-canvas-el fhxwyqa\">\n<div class=\"important-styled st-canvas-container undefined fssquz2\">\n<div class=\"important-styled st-canvas-el frdkv4w\">\n<div class=\"important-styled st-canvas-container undefined fssquz2\">\n<div class=\"important-styled st-canvas-el f6eoucy\">\n<div class=\"important-styled f1m7i34m\">\n<div class=\"important-styled display-render-wrapper f1m7i34m\">Sin embargo, 4 meses despu\u00e9s y bajo una nueva administraci\u00f3n, con costos bajos y tras una readecuaci\u00f3n, el emblem\u00e1tico Hotel Lim\u00f3n, ubicado en el coraz\u00f3n de Xalapa, <b>reabri\u00f3 sus puertas al p\u00fablico el 10 de junio.\u00a0<\/b>Otro de los cierres importantes en el centro de la ciudad fue el de la tradicional\u00a0<b>Casa Ollivier<\/b>\u00a0que tras 131 a\u00f1os de estar en la preferencia de la poblaci\u00f3n xalape\u00f1a, cerr\u00f3 sus puertas el 15 de julio de 2021.<\/div>\n<\/div>\n<\/div>\n<\/div>\n<\/div>\n<\/div>\n<\/div>\n<\/div>\n<\/div>\n<\/div>\n<\/div>\n<\/div>\n<\/div>\n<\/div>\n<\/div>\n<\/div>\n<p>Se sum\u00f3 el cierre de la<b>\u00a0Zapater\u00eda Fito\u00b4s<\/b>, con 14 a\u00f1os de funcionamiento; la farmacia Rex ubicada en la avenida Revoluci\u00f3n y, en 2020, el Hotel Plaza de la calle Enr\u00edquez.<\/p>\n<\/div>\n<\/article>\n","protected":false},"excerpt":{"rendered":"<p>Cierra Don Chema: \u00bfQu\u00e9 otros negocios han perdido la batalla en la pandemia? Tacos Don Chema atend\u00eda a sus clientes con nueve trabajadores, pero ahora quedaron menos de la mitad Al cierre de la Casa Ollivier se suma Don Chema, taquer\u00eda que se qued\u00f3 en el coraz\u00f3n de xalape\u00f1as y xalape\u00f1os Ariadna Garc\u00eda Diario de [&hellip;]<\/p>\n","protected":false},"author":249,"featured_media":28922,"comment_status":"open","ping_status":"closed","sticky":false,"template":"","format":"standard","meta":{"footnotes":""},"categories":[26],"tags":[],"class_list":["post-28921","post","type-post","status-publish","format-standard","has-post-thumbnail","hentry","category-mundo"],"_links":{"self":[{"href":"https:\/\/eloficiodehistoriar.com.mx\/index.php?rest_route=\/wp\/v2\/posts\/28921","targetHints":{"allow":["GET"]}}],"collection":[{"href":"https:\/\/eloficiodehistoriar.com.mx\/index.php?rest_route=\/wp\/v2\/posts"}],"about":[{"href":"https:\/\/eloficiodehistoriar.com.mx\/index.php?rest_route=\/wp\/v2\/types\/post"}],"author":[{"embeddable":true,"href":"https:\/\/eloficiodehistoriar.com.mx\/index.php?rest_route=\/wp\/v2\/users\/249"}],"replies":[{"embeddable":true,"href":"https:\/\/eloficiodehistoriar.com.mx\/index.php?rest_route=%2Fwp%2Fv2%2Fcomments&post=28921"}],"version-history":[{"count":1,"href":"https:\/\/eloficiodehistoriar.com.mx\/index.php?rest_route=\/wp\/v2\/posts\/28921\/revisions"}],"predecessor-version":[{"id":28923,"href":"https:\/\/eloficiodehistoriar.com.mx\/index.php?rest_route=\/wp\/v2\/posts\/28921\/revisions\/28923"}],"wp:featuredmedia":[{"embeddable":true,"href":"https:\/\/eloficiodehistoriar.com.mx\/index.php?rest_route=\/wp\/v2\/media\/28922"}],"wp:attachment":[{"href":"https:\/\/eloficiodehistoriar.com.mx\/index.php?rest_route=%2Fwp%2Fv2%2Fmedia&parent=28921"}],"wp:term":[{"taxonomy":"category","embeddable":true,"href":"https:\/\/eloficiodehistoriar.com.mx\/index.php?rest_route=%2Fwp%2Fv2%2Fcategories&post=28921"},{"taxonomy":"post_tag","embeddable":true,"href":"https:\/\/eloficiodehistoriar.com.mx\/index.php?rest_route=%2Fwp%2Fv2%2Ftags&post=28921"}],"curies":[{"name":"wp","href":"https:\/\/api.w.org\/{rel}","templated":true}]}}