{"id":28928,"date":"2022-08-12T08:56:37","date_gmt":"2022-08-12T14:56:37","guid":{"rendered":"https:\/\/eloficiodehistoriar.com.mx\/?p=28928"},"modified":"2022-08-12T08:56:37","modified_gmt":"2022-08-12T14:56:37","slug":"el-pianista-cubano-dayramir-gonzalez-la-habana-1983-desde-corta-edad-quien-quiera-ser-buen-musico","status":"publish","type":"post","link":"https:\/\/eloficiodehistoriar.com.mx\/?p=28928","title":{"rendered":"El pianista cubano Dayramir Gonz\u00e1lez (La Habana, 1983), desde corta edad, quien quiera ser buen m\u00fasico"},"content":{"rendered":"<div class=\"cabeza\"><q>Componer jazz me da gran libertad<\/q>, sostiene el pianista Dayramir Gonz\u00e1lez<\/div>\n<div class=\"sumarios\">\n<p>Para el m\u00fasico, tener un inmenso deseo de triunfar no es suficiente:\u00a0<q>Hay que hacer un plan de ejecuci\u00f3n, ser organizado y ego\u00edsta con el tiempo<\/q>\u00a0\/\/ Comenzar\u00e1 su gira por M\u00e9xico con una presentaci\u00f3n en Cholula, Puebla<\/p>\n<\/div>\n<div id=\"article-text\" class=\"text\">\n<div class=\"foto\">\n<div class=\"pie-foto\">Dayramir Gonz\u00e1lez descubri\u00f3 a los 12 a\u00f1os que quer\u00eda ser l\u00edder y que la mejor forma de serlo era creando sus propias obras.<\/div>\n<div><\/div>\n<\/div>\n<div class=\"col col1\">\n<div class=\"credito-autor\">Merry MacMasters<\/div>\n<div class=\"credito-titulo\"><\/div>\n<div class=\"hemero\">La Jornada<\/p>\n<\/div>\n<p class=\"s-s\">El pianista cubano Dayramir Gonz\u00e1lez (La Habana, 1983), afirma en entrevista con\u00a0<em>La Jornada:\u00a0<\/em><q>Desde corta edad, quien quiera ser buen m\u00fasico tiene que tomar una serie de decisiones en cuanto a ser organizado y ego\u00edsta con su tiempo, tener un plan de ejecuci\u00f3n para su carrera, adem\u00e1s del inmenso deseo de triunfar con su arte<\/q>.<\/p>\n<p>Para este m\u00fasico, la carrera de pianista es una muy solitaria,\u00a0<q>porque desde joven uno comprende que depende m\u00e1s bien de s\u00ed mismo y de su deseo de expresar emociones, ideas y su historia personal<\/q>, precisa Gonz\u00e1lez, quien a los 12 a\u00f1os supo que su camino era ser\u00a0<q>l\u00edder<\/q>\u00a0y hacer sus composiciones.<\/p>\n<p>Despu\u00e9s de recibir una formaci\u00f3n de pianista cl\u00e1sico en el Conservatorio de M\u00fasica de Cuba, en 2010 se fue a Estados Unidos para estudiar en el Colegio de M\u00fasica de Berklee, en Boston. Al graduarse en 2013 se arraig\u00f3 en Nueva York para desarrollar su carrera como solista.<\/p>\n<p>Gonz\u00e1lez actuar\u00e1 en varias ciudades mexicanas como parte de\u00a0<em>El arte del piano cubano World Tour.<\/em>\u00a0En la Ciudad de M\u00e9xico se presentar\u00e1 el 14 en Jazzatl\u00e1n Capital y el 19 en Zinco Jazz Club. En el primero, aparte de tocar, impartir\u00e1 la clase magistral\u00a0<em>Convertirse en un gran int\u00e9rprete: La mentalidad m\u00e1s all\u00e1 de la m\u00fasica,\u00a0<\/em>que se basa en sus experiencias con el objeto de ejercer un\u00a0<q>total control de mi carrera desde el punto de vista de mis contratos<\/q>.<\/p>\n<p>En su faceta de docente, Gonz\u00e1lez se dio cuenta de que la mayor\u00eda de las veces los profesores se concentran m\u00e1s en la t\u00e9cnica, el sonido y el repertorio con los alumnos, sin desarrollar esa parte tan relevante que es la presencia en el escenario:\u00a0<q>Uno estudia de manera relajada, sin pensar que al pisar el escenario lo hace con un traje que pesa, un corbat\u00edn y un reloj en la mano, cosas externas, con las que uno no se ha preparado en casa. Estas cosas f\u00edsicas pueden quitarte el enfoque del arte de hacer m\u00fasica, o de crear, en el escenario<\/q>, se\u00f1ala en entrevista con\u00a0<em>La Jornada.<\/em><\/p>\n<p>All\u00ed, pues,\u00a0<q>llega el nerviosismo, la tensi\u00f3n, la falta de confianza. Eso hay que prepararlo en los j\u00f3venes, hablarles de c\u00f3mo uno debe prepararse para el escenario. Practico seis horas diarias en mi instrumento, que equivale a 30 por ciento de mi trabajo. El restante consiste en visualizar mi presentaci\u00f3n. El Zinco Jazz Club, como es un lugar peque\u00f1o, el p\u00fablico est\u00e1 m\u00e1s cercano al piano; entonces, mi forma de crear la historia de mi m\u00fasica se hace un poco m\u00e1s personal<\/q>. En cambio, en un lugar como Carnegie Hall,\u00a0<q>el m\u00fasico tiene que hacer la historia m\u00e1s grandilocuente para llegar al p\u00fablico que est\u00e1 m\u00e1s alejado f\u00edsicamente<\/q>.<\/p>\n<\/div>\n<div class=\"col col2\">\n<p>El entrevistado aprendi\u00f3\u00a0<q>este trabajo de escenario<\/q>\u00a0desde muy joven con su padre, Fabi\u00e1n Gonz\u00e1lez, reconocido trompetista, integrante del Conjunto Rumbavana, entre otros grupos, porque \u201cmuchas de estas bandas ensayaban en mi casa. A los siete u ocho a\u00f1os\u00a0<em>beb\u00ed\u00a0<\/em>de primera mano c\u00f3mo hacer arreglos, ver c\u00f3mo el pianista tocaba los montunos, tambi\u00e9n c\u00f3mo dirig\u00eda el grupo en cuanto a manejar los egos, incluso, qui\u00e9n llegaba tarde. Mi padre tambi\u00e9n me llevaba a sus\u00a0<em>toques\u00a0<\/em>populares\u201d.<\/p>\n<p class=\"sumario\">Acordes de colores<\/p>\n<p class=\"s-s\">A los 12 a\u00f1os, Gonz\u00e1lez se dio cuenta de que quer\u00eda ser\u00a0<q>l\u00edder<\/q>, y que la mejor forma de serlo era mediante la composici\u00f3n que le daba la libertad de contar su historia con su m\u00fasica. Desde muy joven ha tenido proyectos propios, como Salsa Blues, luego Dayramir &amp; Habana enTRANC\u00e9, que a\u00fan mantiene. Tiene en su haber tres discos:\u00a0<em>Dayramir &amp; Habana enTRANC\u00e9\u00a0<\/em>(2007),\u00a0<em>The Grand Concourse\u00a0<\/em>(2018) y\u00a0<em>Day-ramir Gonz\u00e1lez: Tributo a Juan Formell &amp; Los Van Van\u00a0<\/em>(2022).<\/p>\n<p>La composici\u00f3n jazz\u00edstica le ha permitido gran libertad de expresi\u00f3n: \u201cCon la m\u00fasica cl\u00e1sica sent\u00eda que siempre ten\u00eda que tocar la obra de alguien m\u00e1s y de cierta forma. En el jazz, sin embargo, encontr\u00e9 la libertad arm\u00f3nica y de expresi\u00f3n desde el punto de vista del improvisador. A los 12 a\u00f1os empec\u00e9 a escuchar colores, luego, se llamaron armon\u00edas. Dec\u00eda: \u2018si este acorde tiene cierto impacto en m\u00ed, as\u00ed como en el p\u00fablico, entonces quisiera controlar estos colores arm\u00f3nicos para poder decir a la audiencia c\u00f3mo quiero que se sientan en ciertos momentos de mi concierto\u2019. Por ejemplo, tengo varios colores que me dan felicidad, en todas sus gamas, o tristeza, tambi\u00e9n ego\u00edsmo y enojo\u201d.<\/p>\n<p>Dayramir Gonz\u00e1lez se presentar\u00e1 este s\u00e1bado 13 en Jazzatl\u00e1n Club de Jazz &amp; Brewpub de la ciudad de Cholula, Puebla, y al d\u00eda siguiente, en Jazzatl\u00e1n Capital, Guanajuato 239, colonia Roma, Ciudad de M\u00e9xico, a las 20 y 22 horas; ah\u00ed tambi\u00e9n impartir\u00e1 una clase magistral a las 18 horas. El 19 actuar\u00e1 en el Zinco Jazz Club, Motolin\u00eda 20, Centro Hist\u00f3rico, de la Ciudad de M\u00e9xico. Estar\u00e1 acompa\u00f1ado por m\u00fasicos mexicanos.<\/p>\n<\/div>\n<\/div>\n","protected":false},"excerpt":{"rendered":"<p>Componer jazz me da gran libertad, sostiene el pianista Dayramir Gonz\u00e1lez Para el m\u00fasico, tener un inmenso deseo de triunfar no es suficiente:\u00a0Hay que hacer un plan de ejecuci\u00f3n, ser organizado y ego\u00edsta con el tiempo\u00a0\/\/ Comenzar\u00e1 su gira por M\u00e9xico con una presentaci\u00f3n en Cholula, Puebla Dayramir Gonz\u00e1lez descubri\u00f3 a los 12 a\u00f1os que [&hellip;]<\/p>\n","protected":false},"author":249,"featured_media":28929,"comment_status":"open","ping_status":"closed","sticky":false,"template":"","format":"standard","meta":{"footnotes":""},"categories":[26],"tags":[],"class_list":["post-28928","post","type-post","status-publish","format-standard","has-post-thumbnail","hentry","category-mundo"],"_links":{"self":[{"href":"https:\/\/eloficiodehistoriar.com.mx\/index.php?rest_route=\/wp\/v2\/posts\/28928","targetHints":{"allow":["GET"]}}],"collection":[{"href":"https:\/\/eloficiodehistoriar.com.mx\/index.php?rest_route=\/wp\/v2\/posts"}],"about":[{"href":"https:\/\/eloficiodehistoriar.com.mx\/index.php?rest_route=\/wp\/v2\/types\/post"}],"author":[{"embeddable":true,"href":"https:\/\/eloficiodehistoriar.com.mx\/index.php?rest_route=\/wp\/v2\/users\/249"}],"replies":[{"embeddable":true,"href":"https:\/\/eloficiodehistoriar.com.mx\/index.php?rest_route=%2Fwp%2Fv2%2Fcomments&post=28928"}],"version-history":[{"count":1,"href":"https:\/\/eloficiodehistoriar.com.mx\/index.php?rest_route=\/wp\/v2\/posts\/28928\/revisions"}],"predecessor-version":[{"id":28930,"href":"https:\/\/eloficiodehistoriar.com.mx\/index.php?rest_route=\/wp\/v2\/posts\/28928\/revisions\/28930"}],"wp:featuredmedia":[{"embeddable":true,"href":"https:\/\/eloficiodehistoriar.com.mx\/index.php?rest_route=\/wp\/v2\/media\/28929"}],"wp:attachment":[{"href":"https:\/\/eloficiodehistoriar.com.mx\/index.php?rest_route=%2Fwp%2Fv2%2Fmedia&parent=28928"}],"wp:term":[{"taxonomy":"category","embeddable":true,"href":"https:\/\/eloficiodehistoriar.com.mx\/index.php?rest_route=%2Fwp%2Fv2%2Fcategories&post=28928"},{"taxonomy":"post_tag","embeddable":true,"href":"https:\/\/eloficiodehistoriar.com.mx\/index.php?rest_route=%2Fwp%2Fv2%2Ftags&post=28928"}],"curies":[{"name":"wp","href":"https:\/\/api.w.org\/{rel}","templated":true}]}}