{"id":28931,"date":"2022-08-12T09:02:42","date_gmt":"2022-08-12T15:02:42","guid":{"rendered":"https:\/\/eloficiodehistoriar.com.mx\/?p=28931"},"modified":"2022-08-12T09:02:42","modified_gmt":"2022-08-12T15:02:42","slug":"manuel-ojeda-de-82-anos-a-lo-largo-de-su-vida-participo-en-peliculas-y-telenovelas-como-villano","status":"publish","type":"post","link":"https:\/\/eloficiodehistoriar.com.mx\/?p=28931","title":{"rendered":"Manuel Ojeda de 82 a\u00f1os, a lo largo de su vida particip\u00f3 en pel\u00edculas y telenovelas, como villano"},"content":{"rendered":"<div id=\"article-cont\" class=\"main-cont article-cont actuality\">\n<div class=\"cabeza\">No soy millonario; vivo de mi trabajo y hago lo que quiero, dec\u00eda orgulloso Manuel Ojeda<\/div>\n<div class=\"sumarios\">\n<p>El actor, quien muri\u00f3 ayer, manten\u00eda firme su deseo de seguir trabajando en los foros \/\/\u00a0<em>El apando<\/em>\u00a0permaneci\u00f3 en su memoria de forma especial<\/p>\n<\/div>\n<div id=\"article-text\" class=\"text\">\n<div class=\"foto\">\n<div class=\"pie-foto\">Me hubiera gustado ser escritor, pero no se me dio la prosa, contaba.<\/div>\n<div><\/div>\n<\/div>\n<div class=\"col col1\">\n<div class=\"credito-autor\">Juan Ibarra<\/div>\n<div class=\"credito-titulo\"><\/div>\n<div class=\"hemero\">La Jornada<\/p>\n<\/div>\n<p class=\"s-s\">Manuel Ojeda estaba pr\u00f3ximo a cumplir 82 a\u00f1os, e infatigable, conservaba la convicci\u00f3n por su trabajo como actor. A lo largo de su vida particip\u00f3 en m\u00faltiples pel\u00edculas y telenovelas, producciones con las que su figura se hizo reconocida, especialmente por sus papeles como villano, y por encarnar a personajes hist\u00f3ricos, como Porfirio D\u00edaz o Emiliano Zapata. Naci\u00f3 el 4 de noviembre de 1940 en La Paz, Baja California, y falleci\u00f3 ayer, inform\u00f3 la Asociaci\u00f3n Nacional de Actores de cuyo sindicato era miembro.<\/p>\n<p>En su natal Baja California Sur, Ojeda creci\u00f3 como un ni\u00f1o poco sociable, pero con gran imaginaci\u00f3n. En una entrevista que circula por Internet, el actor describe sus d\u00edas en la playa, jugando con la flora y fauna de la regi\u00f3n, imaginando mundos distintos.\u00a0<q>A m\u00ed me hubiera gustado ser escritor, porque si hubiera sido escritor, tal vez vivencialmente hubiera tenido muchas cosas que contar, pero no se me dio la prosa. Se me daba la imaginaci\u00f3n pero a la hora de desarrollar un texto no pod\u00eda<\/q>, cont\u00f3.<\/p>\n<p>Naci\u00f3 en una familia de escasos recursos, como \u00e9l consideraba. Fue heredero de una familia dedicada al mar, por parte de su madre, y al campo, herencia de su padre.\u00a0<q>Entonces viv\u00eda esas dos vidas de barcos, del cicl\u00f3n, del naufragio, y, por otro lado, viv\u00eda de los caballos, de la palma y de los tractores. Entonces mi vida fue dividida entre un puerto y un rancho. Realmente yo no recuerdo haber vivido un momento amargo<\/q>, relat\u00f3.<\/p>\n<p>Ya como adulto se desplaz\u00f3 a la capital, donde realiz\u00f3 sus estudios en el Instituto Nacional de Bellas Artes (INBA), comenzando su carrera en escenarios de teatro. A la televisi\u00f3n y al cine lleg\u00f3 ya en su madurez, ten\u00eda m\u00e1s de 30 a\u00f1os cuando particip\u00f3 por primera vez en el tipo de producciones de las que se volver\u00eda \u00edcono. La primera cinta en la que apareci\u00f3 fue\u00a0<em>Canoa,<\/em>\u00a0de 1975, basada en la tragedia ocurrida unos a\u00f1os antes en el poblado del mismo nombre, ubicado en Puebla, dirigida por Felipe Cazals.<\/p>\n<p>Sin embargo, fue su segunda pel\u00edcula al lado de Cazals,\u00a0<em>El apando,<\/em>\u00a0la que permaneci\u00f3 en su memoria de manera m\u00e1s especial.\u00a0<q>Fue una cinta que marc\u00f3 como un parteaguas, basada en un cuento de Jos\u00e9 Revueltas. Era una especie de cr\u00edtica social a los sistemas penitenciarios de esa \u00e9poca, mitad de los a\u00f1os 70. Y todos sabemos que es una experiencia de Revueltas dentro de la misma prisi\u00f3n. Entonces, para m\u00ed, fue maravilloso, porque de no haber hecho cine, no habr\u00eda hecho tele tampoco, tener de pronto la responsabilidad en un guion de ese tipo, con uno de los mejores directores de ese tiempo, que formaron parte de la transici\u00f3n del cine en un momento dado, de tem\u00e1tica y de todo, que fue Felipe<\/q>, revel\u00f3 el actor.<\/p>\n<\/div>\n<div class=\"col col2\">\n<p>En 1978 lleg\u00f3 a la pantalla chica con la telenovela\u00a0<em>Santa<\/em>, de Federico Gamboa. La producci\u00f3n ser\u00eda un rotundo \u00e9xito, y a partir de entonces llegar\u00eda a formar parte de alrededor de 300 t\u00edtulos de cine y televisi\u00f3n. Entre sus trabajos m\u00e1s destacados se encuentran\u00a0<em>El derecho de nacer, Amor ajeno, De pura sangre<\/em>\u00a0y\u00a0<em>El vuelo del \u00e1guila;<\/em>\u00a0adem\u00e1s de la pel\u00edculas\u00a0<em>El elegido, Las Poquianchis, La pasi\u00f3n seg\u00fan Berenice, La casa del sur<\/em>\u00a0y\u00a0<em>Sal\u00f3n M\u00e9xico.<\/em><\/p>\n<p class=\"sumario\">Reconocimientos<\/p>\n<p class=\"s-s\">Su larga y prol\u00edfica carrera fue reconocida en numerosas ocasiones. Entre 1977 y 1996, Manuel Ojeda fue nominado seis veces a los premios Ariel de la Academia Mexicana de Artes y Ciencias Cinematogr\u00e1ficas; obtuvo el galard\u00f3n en 1980 como mejor actor por\u00a0<em>Con el infierno de todos tan temido.<\/em>\u00a0Otro t\u00edtulo destacado en el que particip\u00f3 fue\u00a0<em>La ley de Herodes.<\/em>\u00a0Tambi\u00e9n trabaj\u00f3 en producciones de Hollywood como\u00a0<em>Romancing the Stone.<\/em><\/p>\n<p>En las artes esc\u00e9nicas, particip\u00f3 en obras como\u00a0<em>El ligue, El gran teatro del mundo, A puerta cerrada<\/em>\u00a0y\u00a0<em>Pedro P\u00e1ramo,<\/em>\u00a0<em>el hombre de la media luna.<\/em>\u00a0A principios de este a\u00f1o, el actor apareci\u00f3 en su \u00faltimo melodrama televisivo,\u00a0<em>Coraz\u00f3n guerrero,<\/em>\u00a0interpretando a un personaje bondadoso. En dicha producci\u00f3n, comparti\u00f3 cuadro con Alejandra Espinoza, Gonzalo Garc\u00eda Vivanco, Alta\u00edr Jarabo y Rodrigo Guirao, entre otros.<\/p>\n<p>Sin embargo, todav\u00eda ten\u00eda intenci\u00f3n de continuar con la actuaci\u00f3n. \u201cMe siento muy tranquilo y espero seguir trabajando; tengo por ah\u00ed unos proyectos de cine tambi\u00e9n. Nunca he sentido ning\u00fan problema, pero cuando vienen tiempos as\u00ed como de fr\u00edo me empieza un poco a doler la rodilla. Es el \u00fanico problema serio que tengo actualmente. Pero a fin de cuentas tal vez no pueda ya cabalgar muy fuerte, porque tambi\u00e9n hay que aceptar \u2013hice Zapata, y he hecho muchas cosas tambi\u00e9n como jinete, con caballos\u2013 y bueno, comprendo que ya no estoy en edad para esa agilidad, pero hay muchos personajes que yo todav\u00eda puedo interpretar\u201d, se\u00f1al\u00f3 en una de sus \u00faltimas entrevistas para el canal Las Estrellas de Televisa.<\/p>\n<p>En los a\u00f1os recientes, el actor sigui\u00f3 demostrando su inter\u00e9s por la narrativa escrita, a pesar de nunca haberla podido ejercer. Se present\u00f3 en el Palacio de Bellas Artes leyendo parte de la obra de Sergio Pitol y m\u00e1s tarde tambi\u00e9n prestar\u00eda su voz a los textos de Daniel Leyva.<\/p>\n<p>Manuel Salvador Ojeda Armenta ten\u00eda 81 a\u00f1os al momento de su fallecimiento, todav\u00eda por causas indeterminadas.\u00a0<q>No soy millonario, soy una gente que vive al d\u00eda, pero vivo de mi trabajo, y hago lo que quiero<\/q>, afirmaba orgulloso.<\/p>\n<\/div>\n<\/div>\n<div class=\"go gui\">\n<div class=\"go-up\"><\/div>\n<\/div>\n<\/div>\n<div id=\"taboola-below-content-thumbnails\" class=\" trc_related_container trc_spotlight_widget tbl-feed-container tbl-feed-frame-DIVIDER  render-late-effect\" data-feed-container-num=\"1\" data-feed-main-container-id=\"taboola-below-content-thumbnails\" data-parent-placement-name=\"Below Content Thumbnails\" data-pub-lang=\"es\">\n<div class=\" tbl-feed-header tbl-logo-right-position\">\n<div class=\"tbl-feed-header-logo\"><\/div>\n<\/div>\n<\/div>\n","protected":false},"excerpt":{"rendered":"<p>No soy millonario; vivo de mi trabajo y hago lo que quiero, dec\u00eda orgulloso Manuel Ojeda El actor, quien muri\u00f3 ayer, manten\u00eda firme su deseo de seguir trabajando en los foros \/\/\u00a0El apando\u00a0permaneci\u00f3 en su memoria de forma especial Me hubiera gustado ser escritor, pero no se me dio la prosa, contaba. Juan Ibarra La [&hellip;]<\/p>\n","protected":false},"author":249,"featured_media":28932,"comment_status":"open","ping_status":"closed","sticky":false,"template":"","format":"standard","meta":{"footnotes":""},"categories":[26],"tags":[],"class_list":["post-28931","post","type-post","status-publish","format-standard","has-post-thumbnail","hentry","category-mundo"],"_links":{"self":[{"href":"https:\/\/eloficiodehistoriar.com.mx\/index.php?rest_route=\/wp\/v2\/posts\/28931","targetHints":{"allow":["GET"]}}],"collection":[{"href":"https:\/\/eloficiodehistoriar.com.mx\/index.php?rest_route=\/wp\/v2\/posts"}],"about":[{"href":"https:\/\/eloficiodehistoriar.com.mx\/index.php?rest_route=\/wp\/v2\/types\/post"}],"author":[{"embeddable":true,"href":"https:\/\/eloficiodehistoriar.com.mx\/index.php?rest_route=\/wp\/v2\/users\/249"}],"replies":[{"embeddable":true,"href":"https:\/\/eloficiodehistoriar.com.mx\/index.php?rest_route=%2Fwp%2Fv2%2Fcomments&post=28931"}],"version-history":[{"count":1,"href":"https:\/\/eloficiodehistoriar.com.mx\/index.php?rest_route=\/wp\/v2\/posts\/28931\/revisions"}],"predecessor-version":[{"id":28933,"href":"https:\/\/eloficiodehistoriar.com.mx\/index.php?rest_route=\/wp\/v2\/posts\/28931\/revisions\/28933"}],"wp:featuredmedia":[{"embeddable":true,"href":"https:\/\/eloficiodehistoriar.com.mx\/index.php?rest_route=\/wp\/v2\/media\/28932"}],"wp:attachment":[{"href":"https:\/\/eloficiodehistoriar.com.mx\/index.php?rest_route=%2Fwp%2Fv2%2Fmedia&parent=28931"}],"wp:term":[{"taxonomy":"category","embeddable":true,"href":"https:\/\/eloficiodehistoriar.com.mx\/index.php?rest_route=%2Fwp%2Fv2%2Fcategories&post=28931"},{"taxonomy":"post_tag","embeddable":true,"href":"https:\/\/eloficiodehistoriar.com.mx\/index.php?rest_route=%2Fwp%2Fv2%2Ftags&post=28931"}],"curies":[{"name":"wp","href":"https:\/\/api.w.org\/{rel}","templated":true}]}}