{"id":28937,"date":"2022-08-12T09:28:53","date_gmt":"2022-08-12T15:28:53","guid":{"rendered":"https:\/\/eloficiodehistoriar.com.mx\/?p=28937"},"modified":"2022-08-12T09:28:53","modified_gmt":"2022-08-12T15:28:53","slug":"orquesta-sinfonica-de-xalapa-debuto-en-agosto-de-1929-la-celebran-con-exposicion","status":"publish","type":"post","link":"https:\/\/eloficiodehistoriar.com.mx\/?p=28937","title":{"rendered":"Orquesta Sinf\u00f3nica de Xalapa debut\u00f3 en agosto de 1929; la celebran con exposici\u00f3n"},"content":{"rendered":"<div>\n<h4 class=\"title\">Orquesta Sinf\u00f3nica de Xalapa debut\u00f3 en agosto de 1929; la celebran con exposici\u00f3n<\/h4>\n<\/div>\n<h3 class=\"subtitle\">Exposici\u00f3n \u00abTraves\u00eda musical\u00bb muestra los inicios y el desarrollo de la OSX a trav\u00e9s de las d\u00e9cadas<\/h3>\n<p>La Orquesta Sinf\u00f3nica de Xalapa es un referente a nivel internacional<\/p>\n<div id=\"affix-share\" class=\"sharing-menu affix\">\n<ul>\n<li>Maribel S\u00e1nchez<\/li>\n<li>Diario de Xalapa<\/li>\n<\/ul>\n<\/div>\n<div class=\"content-body clearfix \">\n<div id=\"content-body-225-8727947\">\n<p>En agosto, la\u00a0<b><a href=\"https:\/\/www.facebook.com\/OSXUV\" target=\"_blank\" rel=\"Follow noopener\">Orquesta Sinf\u00f3nica de Xalapa<\/a><\/b>\u00a0est\u00e1 de fiesta, celebra 93 a\u00f1os de fundaci\u00f3n y una de las actividades para conmemorar es una muestra de fotograf\u00edas, programas, carteles, textos y testimonios que dan cuenta de este viaje por el tiempo.<\/p>\n<p><i>A la vista del p\u00fablico en el Museo Casa Do\u00f1a Falla, \u201cTraves\u00eda Musical\u201d narra la historia del grupo de instrumentistas formado en 1929, con un concierto- debut el 21 de agosto de 1929, en el Teatro Lerdo \u2014se encontraba en la esquina de las calles Clavijero y Altamirano\u2014.<\/i><\/p>\n<\/div>\n<\/div>\n<div class=\"advertisment \"><\/div>\n<article class=\"content-continued-body clearfix \">\n<div id=\"content-body-5851641-8727947\">\n<ul>\n<li><\/li>\n<\/ul>\n<p>De acuerdo con material de la propia instituci\u00f3n, el nacimiento coincidi\u00f3 con una serie de movimientos sociales, pol\u00edticos, econ\u00f3micos y culturales que fueron cambiando la fisonom\u00eda nacional e internacional.<\/p>\n<div class=\"teads-inread sm-screen\">\n<div class=\"teads-ui-components-adchoices\"><\/div>\n<div id=\"teads0\" class=\"teads-player\">Entre los sucesos destacables de aquellos tiempos en favor de la educaci\u00f3n y la cultura figuran la creaci\u00f3n de la <b>Secretar\u00eda de Educaci\u00f3n P\u00fablica (1921), el Instituto Nacional de Bellas Artes (1946) y el surgimiento de la radio con la XEW, la voz de la Am\u00e9rica Latina (1932).<\/b><\/div>\n<\/div>\n<p><i>Si bien en los \u00faltimos a\u00f1os la Orquesta ha tenido contadas giras, los documentos indican que en el principio tuvo \u201ctours\u201d por municipios como Veracruz, Orizaba, Perote y R\u00edo Blanco, por mencionar algunos.<\/i><\/p>\n<p>Para la\u00a0<b>d\u00e9cada de los 40 realiz\u00f3 giras nacionales<\/b>; una de las sobresalientes fue por el norte del pa\u00eds, donde ofreci\u00f3 32 conciertos; recorri\u00f3 7 mil kil\u00f3metros en dos aviones especiales y otros dos mil en autob\u00fas. Todo indica que fue la primera orquesta del pa\u00eds que viaj\u00f3 en avi\u00f3n.<\/p>\n<div class=\"cultura\nmedia \"><\/p>\n<div class=\"teaser \">\n<div class=\"img-container picture\">\n<div id=\"standard_9\" class=\"st-placement standard_9 inImageRestricted\">\n<div class=\"st-adunit st-adunit-tagged st-reset st-show\"><i>La exposici\u00f3n permite conocer los momentos m\u00e1s significativos de la OSX, as\u00ed como a sus directores, desde Jim\u00e9nez Caballero hasta Mart\u00edn Lebel. Tambi\u00e9n el gran salto que signific\u00f3 salir del Teatro del Estado Ignacio de la Llave para ocupar su propia casa, en el complejo cultural Tlaqn\u00e1.<\/i><\/div>\n<\/div>\n<\/div>\n<\/div>\n<\/div>\n<ul>\n<li><\/li>\n<\/ul>\n<p>Adem\u00e1s de la muestra gr\u00e1fica, que se puede visitar de martes a domingo de 10 a 19 horas, en Salvador D\u00edaz Mir\u00f3n n\u00famero 21,\u00a0<b>la Sinf\u00f3nica lanz\u00f3 el 4\u00ba cap\u00edtulo hist\u00f3rico de su serie\u00a0<a href=\"https:\/\/www.youtube.com\/watch?v=_yqcsaL91kg\" target=\"_blank\" rel=\"Follow noopener\">ContraTempo,<\/a>\u00a0disponible en su canal de YouTube.<\/b><\/p>\n<p>En esta entrega es posible saber que en 1993 fue seleccionada para representar al pa\u00eds en el festival Internacional Europalia, donde toc\u00f3 seis programas con obras de compositores mexicanos y europeos.<\/p>\n<p><b>Juan Manuel Jim\u00e9nez, principal de violines segundos, comparte an\u00e9cdotas curiosas, como tener la fecha encima y no contar con estuches para los chelos y contrabajos para enviar los instrumentos en aquella primera gira.<\/b><\/p>\n<p><i>\u201cLos que hab\u00eda no eran estuches para grandes viajes. Tomaron las medidas y se pusieron a hacerlos para que se fueran junto con la paqueter\u00eda y una gran cantidad de escenograf\u00eda que llevaba el Ballet Folkl\u00f3rico de la Universidad de Guadalajara\u2026\u201d<\/i>.<\/p>\n<article class=\"cultura\nmedia col-md-4 inline-story \"><\/p>\n<div class=\"teaser \">\n<h4 class=\"title \">Narra que en el primer concierto no hubo mucha gente por falta de promoci\u00f3n, \u201cunos cuantos despistados a quienes les gust\u00f3\u201d; pero para el segundo concierto ya hubo m\u00e1s gente y se empez\u00f3 a correr la voz, de tal manera que la Orquesta fue bien recibida en las siguientes ciudades.<\/h4>\n<\/div>\n<\/article>\n<p><b>\u201cEn Luxemburgo fueron varios m\u00fasicos profesionales a escucharnos. Tocamos Danzas Sinf\u00f3nicas, y en cuanto terminamos, todo el p\u00fablico se puso de pie y nos aplaudi\u00f3. Nos sentamos y levantamos por lo menos unas siete veces. All\u00ed dijeron que en Europa no hab\u00eda muchas orquestas que sonaran como la de Xalapa\u201d.<\/b><\/p>\n<p><i>Ha habido m\u00e1s giras por Sudam\u00e9rica y Centroam\u00e9rica. La m\u00e1s reciente fue en 2016, por Brasil, con la particularidad de ofrecer audiciones formales y ni\u00f1os en condici\u00f3n de vulnerabilidad.<\/i><\/p>\n<p><b>La OSX se ha presentado en festivales, entre ellos el Cervantino, pero tambi\u00e9n ha sido organizadora de muchos otros, como Junio Musical, bajo la direcci\u00f3n art\u00edstica de Francisco Sav\u00edn.<\/b><\/p>\n<p>Enrique Salmer\u00f3n comparte que el m\u00fasico concibi\u00f3 este encuentro para fortalecer la identidad cultural de la ciudad y para impulsar la diversidad art\u00edstica y cultural de M\u00e9xico.<\/p>\n<p><i>Tambi\u00e9n para promover la formaci\u00f3n de nuevos p\u00fablicas y posicionar a la orquesta como una de las organizaciones musicales de m\u00e1s trascendencia en el pa\u00eds. De 1996 a 2001 tuvo una primera \u00e9poca; la segunda fue de 2002 a 2006, con Carlos Miguel Prieto.<\/i><\/p>\n<div class=\"body-lead-gallery \">\n<div class=\"teaser  owl-carousel owl-theme\">\n<div class=\"owl-wrapper-outer\">\n<div class=\"owl-wrapper\">\n<div class=\"owl-item\">\n<div class=\"img-container picture\">\n<div id=\"standard_10\" class=\"st-placement standard_10 inImage\">\n<div class=\"st-adunit st-adunit-tagged st-reset st-show\"><\/div>\n<\/div>\n<\/div>\n<\/div>\n<div class=\"owl-item\">\n<div class=\"img-container picture\">\n<div id=\"standard_11\" class=\"st-placement standard_11 inImage\">\n<div class=\"st-adunit st-adunit-tagged st-reset st-show\"><\/div>\n<\/div>\n<\/div>\n<\/div>\n<div class=\"owl-item\">\n<div class=\"img-container picture\">En 2022, la Orquesta Sinf\u00f3nica de Xalapa es considerada una de las m\u00e1s prestigiosas del pa\u00eds, es dirigida por Mart\u00edn Lebel y el pr\u00f3ximo 17 de agosto anunciar\u00e1 el programa de su segunda temporada del a\u00f1o. La ha denominado <b><a href=\"https:\/\/www.youtube.com\/watch?v=_yqcsaL91kg\" target=\"_blank\" rel=\"Follow noopener\">\u00a1Viva la OSX!<\/a><\/b><\/div>\n<\/div>\n<\/div>\n<\/div>\n<\/div>\n<\/div>\n<\/div>\n<\/article>\n<div class=\"tags-list \">\n<ul class=\"list-inline\">\n<li><\/li>\n<\/ul>\n<\/div>\n","protected":false},"excerpt":{"rendered":"<p>Orquesta Sinf\u00f3nica de Xalapa debut\u00f3 en agosto de 1929; la celebran con exposici\u00f3n Exposici\u00f3n \u00abTraves\u00eda musical\u00bb muestra los inicios y el desarrollo de la OSX a trav\u00e9s de las d\u00e9cadas La Orquesta Sinf\u00f3nica de Xalapa es un referente a nivel internacional Maribel S\u00e1nchez Diario de Xalapa En agosto, la\u00a0Orquesta Sinf\u00f3nica de Xalapa\u00a0est\u00e1 de fiesta, celebra [&hellip;]<\/p>\n","protected":false},"author":249,"featured_media":28938,"comment_status":"open","ping_status":"closed","sticky":false,"template":"","format":"standard","meta":{"footnotes":""},"categories":[26],"tags":[],"class_list":["post-28937","post","type-post","status-publish","format-standard","has-post-thumbnail","hentry","category-mundo"],"_links":{"self":[{"href":"https:\/\/eloficiodehistoriar.com.mx\/index.php?rest_route=\/wp\/v2\/posts\/28937","targetHints":{"allow":["GET"]}}],"collection":[{"href":"https:\/\/eloficiodehistoriar.com.mx\/index.php?rest_route=\/wp\/v2\/posts"}],"about":[{"href":"https:\/\/eloficiodehistoriar.com.mx\/index.php?rest_route=\/wp\/v2\/types\/post"}],"author":[{"embeddable":true,"href":"https:\/\/eloficiodehistoriar.com.mx\/index.php?rest_route=\/wp\/v2\/users\/249"}],"replies":[{"embeddable":true,"href":"https:\/\/eloficiodehistoriar.com.mx\/index.php?rest_route=%2Fwp%2Fv2%2Fcomments&post=28937"}],"version-history":[{"count":1,"href":"https:\/\/eloficiodehistoriar.com.mx\/index.php?rest_route=\/wp\/v2\/posts\/28937\/revisions"}],"predecessor-version":[{"id":28939,"href":"https:\/\/eloficiodehistoriar.com.mx\/index.php?rest_route=\/wp\/v2\/posts\/28937\/revisions\/28939"}],"wp:featuredmedia":[{"embeddable":true,"href":"https:\/\/eloficiodehistoriar.com.mx\/index.php?rest_route=\/wp\/v2\/media\/28938"}],"wp:attachment":[{"href":"https:\/\/eloficiodehistoriar.com.mx\/index.php?rest_route=%2Fwp%2Fv2%2Fmedia&parent=28937"}],"wp:term":[{"taxonomy":"category","embeddable":true,"href":"https:\/\/eloficiodehistoriar.com.mx\/index.php?rest_route=%2Fwp%2Fv2%2Fcategories&post=28937"},{"taxonomy":"post_tag","embeddable":true,"href":"https:\/\/eloficiodehistoriar.com.mx\/index.php?rest_route=%2Fwp%2Fv2%2Ftags&post=28937"}],"curies":[{"name":"wp","href":"https:\/\/api.w.org\/{rel}","templated":true}]}}