{"id":28956,"date":"2022-08-13T09:06:13","date_gmt":"2022-08-13T15:06:13","guid":{"rendered":"https:\/\/eloficiodehistoriar.com.mx\/?p=28956"},"modified":"2022-08-13T09:06:13","modified_gmt":"2022-08-13T15:06:13","slug":"a-nivel-nacional-xalapa-se-distingue-por-producir-ilustracion-con-un-sello-distintivo","status":"publish","type":"post","link":"https:\/\/eloficiodehistoriar.com.mx\/?p=28956","title":{"rendered":"A nivel nacional, Xalapa se distingue por producir ilustraci\u00f3n con un sello distintivo"},"content":{"rendered":"<div>\n<h1 class=\"title\">Conoces Artefacto MX?<\/h1>\n<h1 class=\"title\">Encuentro de ilustradores se har\u00e1 en Xalapa<\/h1>\n<\/div>\n<h3 class=\"subtitle\">Xalapa est\u00e1 entre los primeros 5 lugares de calidad de ilustradores, se\u00f1ala Karla Murayama<\/h3>\n<div class=\"lead-gallery \">\n<div class=\"teaser  owl-carousel owl-theme\">\n<div class=\"owl-wrapper-outer\">\n<div class=\"owl-wrapper\">\n<div class=\"owl-item\">\n<div class=\"img-container picture\">\n<div id=\"standard_1\" class=\"st-placement standard_1 inImage\">\n<div class=\"st-adunit st-adunit-tagged st-reset st-show\">\n<div class=\"st-adunit-ad st-reset\">La ilustradora Helena Ortega (Hellcat) hablar\u00e1 del dibujo desde lo cotidiano<\/div>\n<\/div>\n<\/div>\n<\/div>\n<\/div>\n<\/div>\n<\/div>\n<\/div>\n<\/div>\n<div id=\"affix-share\" class=\"sharing-menu affix\">\n<ul>\n<li>Maribei S\u00e1nchez<\/li>\n<li>Diario de Xalapa<\/li>\n<\/ul>\n<\/div>\n<div class=\"content-body clearfix \">\n<div id=\"content-body-225-8731846\">\n<p>A nivel nacional<b>, Xalapa se distingue por producir ilustraci\u00f3n con un sello distintivo<\/b>, con temas espec\u00edficos y por ser lugar de residencia de artistas destacados como Israel Barr\u00f3n, expresa\u00a0<b>Karla Murayama<\/b>, quien anuncia la segunda edici\u00f3n del encuentro\u00a0<b><a href=\"https:\/\/www.facebook.com\/holaartefactomx\" target=\"_blank\" rel=\"Follow noopener\">Artefacto MX.<\/a><\/b><\/p>\n<p>La artista opina que la capital del estado est\u00e1 en el mapa nacional de la ilustraci\u00f3n, al menos en los primeros cinco lugares, entre los cuales tambi\u00e9n figuran Ciudad de M\u00e9xico y Oaxaca.<\/p>\n<\/div>\n<\/div>\n<div class=\"advertisment \"><\/div>\n<article class=\"content-continued-body clearfix \">\n<div id=\"content-body-5851641-8731846\">\n<ul>\n<li><\/li>\n<\/ul>\n<p><i>Con el objetivo de fortalecer esta comunidad, fomentar el di\u00e1logo y ampliar el conocimiento sobre lo que est\u00e1n haciendo en sus lugares de origen,<b>\u00a0Murayama explica que\u00a0<a href=\"https:\/\/www.facebook.com\/holaartefactomx\" target=\"_blank\" rel=\"Follow noopener\">Artefacto<\/a>\u00a0se realizar\u00e1 el 20 y 21 de agosto en Formato Libre, la dise\u00f1er\u00eda que este a\u00f1o celebra tres d\u00e9cadas.<\/b><\/i><\/p>\n<div class=\"teads-inread\">\n<div>\n<div id=\"teads0\" class=\"teads-player\"><i>Charlas, impresi\u00f3n en vivo y tienda \u201cpop up\u201d se llevar\u00e1n a cabo en Jes\u00fas Garc\u00eda 1, en tanto en La Central se desarrollar\u00e1 \u201cprint room\u201d a las 19:30 horas del s\u00e1bado 20 para luego dar paso a una fiesta de dibujos y proyecci\u00f3n de animaciones.<\/i><\/div>\n<\/div>\n<\/div>\n<p>La ilustraci\u00f3n, apunta la artista visual,<b>\u00a0\u201cvive en 2022 un tiempo de mucha fuerza, pero as\u00ed como hay celebraci\u00f3n hay riesgos, pues hay quienes solo por dibujar creen que ya son ilustradores cuando es una profesi\u00f3n que conlleva disciplina y procesos\u201d.<\/b><\/p>\n<p>Hablar de estos procesos es uno de los prop\u00f3sitos de\u00a0<b><a href=\"https:\/\/www.facebook.com\/holaartefactomx\" target=\"_blank\" rel=\"Follow noopener\">Artefacto MX,\u00a0<\/a><\/b>iniciativa de Estudio Lapis y Fikka casa ilustraci\u00f3n, que tambi\u00e9n persiguen ampliar la mirada de lo editorial al tatuaje, del tatuaje al print, del print al mural y de todas las \u00e1reas donde se hace presente la ilustraci\u00f3n.<\/p>\n<p><i>Para este a\u00f1o hay tres invitadas especiales.\u00a0<b>Andrea Honni, Hellcat y Costra con lim\u00f3n<\/b>. Honni se ha dado a conocer porque con sus ilustraciones interviene algunos escenarios del transporte p\u00fablico para transmitir mensajes profundos. Ella desarrollar\u00e1 el tema \u201cIlustraci\u00f3n y migraci\u00f3n\u201d, el 20 a las 14 horas.<\/i><\/p>\n<ul>\n<li><\/li>\n<\/ul>\n<p>Otra convocada es Mariana Rodr\u00edguez, Costra con lim\u00f3n. Originaria de Oaxaca, ha hecho del humor, la iron\u00eda y las letras una producci\u00f3n particular. Desde la multidisciplina, platicar\u00e1 sobre los retos que enfrentan las ilustradoras.<\/p>\n<p><b>Helena Ortega,\u00a0<a href=\"https:\/\/www.instagram.com\/helllcat_\/\" target=\"_blank\" rel=\"Follow noopener\">Hellcat<\/a><\/b>, hablar\u00e1 de c\u00f3mo dibujar desde lo cotidiano, en sesi\u00f3n anunciada para el domingo 21 a las 17 horas. La artista urbana ha sobresalido por su trabajo en revistas y el proyecto \u201cPictolasma\u201d.<\/p>\n<p>Para conocer m\u00e1s visita\u00a0<b><a href=\"https:\/\/www.facebook.com\/holaartefactomx\" target=\"_blank\" rel=\"Follow noopener\">https:\/\/www.facebook.com\/holaartefactomx<\/a><\/b><\/p>\n<\/div>\n<\/article>\n","protected":false},"excerpt":{"rendered":"<p>Conoces Artefacto MX? Encuentro de ilustradores se har\u00e1 en Xalapa Xalapa est\u00e1 entre los primeros 5 lugares de calidad de ilustradores, se\u00f1ala Karla Murayama La ilustradora Helena Ortega (Hellcat) hablar\u00e1 del dibujo desde lo cotidiano Maribei S\u00e1nchez Diario de Xalapa A nivel nacional, Xalapa se distingue por producir ilustraci\u00f3n con un sello distintivo, con temas [&hellip;]<\/p>\n","protected":false},"author":249,"featured_media":28957,"comment_status":"open","ping_status":"closed","sticky":false,"template":"","format":"standard","meta":{"footnotes":""},"categories":[26],"tags":[],"class_list":["post-28956","post","type-post","status-publish","format-standard","has-post-thumbnail","hentry","category-mundo"],"_links":{"self":[{"href":"https:\/\/eloficiodehistoriar.com.mx\/index.php?rest_route=\/wp\/v2\/posts\/28956","targetHints":{"allow":["GET"]}}],"collection":[{"href":"https:\/\/eloficiodehistoriar.com.mx\/index.php?rest_route=\/wp\/v2\/posts"}],"about":[{"href":"https:\/\/eloficiodehistoriar.com.mx\/index.php?rest_route=\/wp\/v2\/types\/post"}],"author":[{"embeddable":true,"href":"https:\/\/eloficiodehistoriar.com.mx\/index.php?rest_route=\/wp\/v2\/users\/249"}],"replies":[{"embeddable":true,"href":"https:\/\/eloficiodehistoriar.com.mx\/index.php?rest_route=%2Fwp%2Fv2%2Fcomments&post=28956"}],"version-history":[{"count":1,"href":"https:\/\/eloficiodehistoriar.com.mx\/index.php?rest_route=\/wp\/v2\/posts\/28956\/revisions"}],"predecessor-version":[{"id":28958,"href":"https:\/\/eloficiodehistoriar.com.mx\/index.php?rest_route=\/wp\/v2\/posts\/28956\/revisions\/28958"}],"wp:featuredmedia":[{"embeddable":true,"href":"https:\/\/eloficiodehistoriar.com.mx\/index.php?rest_route=\/wp\/v2\/media\/28957"}],"wp:attachment":[{"href":"https:\/\/eloficiodehistoriar.com.mx\/index.php?rest_route=%2Fwp%2Fv2%2Fmedia&parent=28956"}],"wp:term":[{"taxonomy":"category","embeddable":true,"href":"https:\/\/eloficiodehistoriar.com.mx\/index.php?rest_route=%2Fwp%2Fv2%2Fcategories&post=28956"},{"taxonomy":"post_tag","embeddable":true,"href":"https:\/\/eloficiodehistoriar.com.mx\/index.php?rest_route=%2Fwp%2Fv2%2Ftags&post=28956"}],"curies":[{"name":"wp","href":"https:\/\/api.w.org\/{rel}","templated":true}]}}