{"id":28960,"date":"2022-08-14T10:52:55","date_gmt":"2022-08-14T16:52:55","guid":{"rendered":"https:\/\/eloficiodehistoriar.com.mx\/?p=28960"},"modified":"2022-08-14T10:52:55","modified_gmt":"2022-08-14T16:52:55","slug":"un-logro-importante-de-la-revolucion-mexicana-fue-llevar-la-cultura-al-pueblo-y-re-valorar-lo-prehispanico","status":"publish","type":"post","link":"https:\/\/eloficiodehistoriar.com.mx\/?p=28960","title":{"rendered":"Un logro\u00a0importante de la revoluci\u00f3n mexicana fue llevar la cultura al pueblo y re valorar lo prehisp\u00e1nico"},"content":{"rendered":"<div id=\"article-cont\" class=\"main-cont article-cont analysis\">\n<div class=\"cabeza\">El mural m\u00e1s grande del mundo<\/div>\n<div class=\"sumarios\"><\/div>\n<div class=\"credito-articulo\">\u00c1ngeles Gonz\u00e1lez Gamio<\/div>\n<div><\/div>\n<div id=\"article-text\" class=\"text\">\n<div class=\"col col1\">\n<div class=\"inicial\">Uno de los logros m\u00e1s\u00a0importantes del movimiento revolucionario mexicano fue el surgimiento de un sentimiento nacionalista, que entre sus manifestaciones buscaba llevar la cultura al pueblo y revalorar nuestras herencias prehisp\u00e1nica e ind\u00edgena. Una expresi\u00f3n relevante de estas ideas se dio en el muralismo que cubri\u00f3 durante d\u00e9cadas los muros de edificios p\u00fablicos.<\/div>\n<p>Este a\u00f1o se celebra el primer centenario de este movimiento art\u00edstico que surgi\u00f3 en nuestro pa\u00eds, donde los artistas que participaron en \u00e9l intentaron plasmar su visi\u00f3n sobre la identidad nacional, adem\u00e1s de la situaci\u00f3n social y pol\u00edtica de M\u00e9xico.<\/p>\n<p>El primer mural se afirma que lo pint\u00f3 Diego Rivera en 1922, en el Anfiteatro Sim\u00f3n Bol\u00edvar del Colegio de San Ildefonso, entonces sede de la c\u00e9lebre Preparatoria Nacional. Ese fue el primero de decenas que realizaron una pl\u00e9yade de artistas notables y otros no tanto, pero todos con la m\u00edstica de estar acercando al pueblo la riqueza de nuestras ra\u00edces ancestrales y crear un sentido de identidad y orgullo.<\/p>\n<p>A fines de la d\u00e9cada de los 40 del pasado siglo se comenz\u00f3 la planeaci\u00f3n de uno de los proyectos de mayor envergadura que se han realizado en nuestro pa\u00eds: Ciudad Universitaria (CU), que ser\u00eda la sede de la Universidad Nacional Aut\u00f3noma de M\u00e9xico (UNAM).<\/p>\n<p>Muchas cr\u00f3nicas llevar\u00eda describir la haza\u00f1a que fue construir sobre el manto volc\u00e1nico que dej\u00f3 la explosi\u00f3n del Xitle, en s\u00f3lo cinco a\u00f1os, esa obra magna en la que participaron m\u00e1s de 200 arquitectos e ingenieros coordinados por el arquitecto Carlos Lazo. Hoy s\u00f3lo nos vamos a referir al que sin duda es el edificio m\u00e1s importante: la Biblioteca Central.<\/p>\n<p>El proyecto constructivo se bas\u00f3 en estudios que realiz\u00f3 el maestro Jos\u00e9 Mar\u00eda Luj\u00e1n del funcionamiento de las principales bibliotecas universitarias del mundo. Con la influencia de las corrientes funcionalistas que prevalec\u00edan en esos a\u00f1os, se dise\u00f1\u00f3 un moderno edificio destinado a almacenar un mill\u00f3n de libros. En el plano de conjunto de CU se le hab\u00eda concedido una posici\u00f3n preponderante, por lo que con sus 50 metros de altura se levanta imponente en un sitio privilegiado.<\/p>\n<p>De forma simple podemos definir la estructura como un cuerpo vertical que muestra en la base una franja de vidrieras y muros bajos que corresponden al piso abierto, despu\u00e9s se despliegan 10 pisos dentro de un monumental cubo con los muros ciegos recubiertos de cientos de peque\u00f1as piedras de colores. Con una superficie de 4 mil metros cuadrados, sus cuatro fachadas se convierten en un solo mosaico que se dice que es el mural m\u00e1s grande del mundo. Se inaugur\u00f3 el 5 de abril de 1956 y se ha constituido en el edificio emblem\u00e1tico de CU y uno de los m\u00e1s fotografiados y difundidos en el orbe.<\/p>\n<\/div>\n<div class=\"col col2\">\n<p>Lo realiz\u00f3 el arquitecto y pintor Juan O\u2019Gorman de una manera totalmente artesanal, con un elaborado dise\u00f1o que plasma su concepci\u00f3n personal de la grandeza de M\u00e9xico. Lo t\u00edtul\u00f3\u00a0<em>Representaci\u00f3n hist\u00f3rica de la cultura<\/em>\u00a0y muestra los momentos de M\u00e9xico desde sus diversas etapas, su diversidad y milenaria riqueza cultural.<\/p>\n<p>O\u2019Gorman lo elabor\u00f3 con decenas de distintos tipos de piedras naturales de diferentes clases y colores, colectadas en toda la Rep\u00fablica, y debido a sus dimensiones y caracter\u00edsticas particulares cada panel fue armado en el piso.<\/p>\n<p>Despu\u00e9s de maravillarnos una vez m\u00e1s con el prodigioso mural, nos fuimos a conoce el nuevo restaurante Al Andalus, en avenida Insurgentes Sur 2475-piso 1 en San \u00c1ngel. Ofrece la misma deliciosa comida libanesa que los otros que ha fundado su due\u00f1o y chef Mohammed Mazeh en los 31 a\u00f1os que tiene en M\u00e9xico.<\/p>\n<p>El sitio es espectacular; lo recibe una inmensa cava de cristal que permite apreciar su rico contenido de vinos y bebidas exlusivas de todo el mundo. El elegantioso sal\u00f3n principal se despliega bajo una escultura de maderas finas que semeja un \u00e1rbol monumental.<\/p>\n<p>La oferta gastron\u00f3mica lo traslada a Medio Oriente con exquisiteces como shanklish, ese queso con especies medio picosito, que sosten\u00eda durante la larga traves\u00eda a los migrantes que llegaron a principios del siglo XX a la Ciudad de M\u00e9xico. Los cl\u00e1sicos tabule, arroz con lentejas, hojas de parra, keppe crudo o charola, alambres de pollo, filete o cordero, shawarma de falafel. Desde el principio le llevan unos tentadores panes inflados reci\u00e9n sacados del horno y de remate real, los imperdibles dulces \u00e1rabes que evocan en el paladar\u00a0<em>Las mil y una noches<\/em>, con la compa\u00f1\u00eda de un intenso caf\u00e9 de la regi\u00f3n.<\/p>\n<p class=\"email\">\n<\/div>\n<\/div>\n<div class=\"go gui\">\n<div class=\"go-up\"><\/div>\n<\/div>\n<\/div>\n","protected":false},"excerpt":{"rendered":"<p>El mural m\u00e1s grande del mundo \u00c1ngeles Gonz\u00e1lez Gamio Uno de los logros m\u00e1s\u00a0importantes del movimiento revolucionario mexicano fue el surgimiento de un sentimiento nacionalista, que entre sus manifestaciones buscaba llevar la cultura al pueblo y revalorar nuestras herencias prehisp\u00e1nica e ind\u00edgena. Una expresi\u00f3n relevante de estas ideas se dio en el muralismo que cubri\u00f3 [&hellip;]<\/p>\n","protected":false},"author":249,"featured_media":28961,"comment_status":"open","ping_status":"closed","sticky":false,"template":"","format":"standard","meta":{"footnotes":""},"categories":[26],"tags":[],"class_list":["post-28960","post","type-post","status-publish","format-standard","has-post-thumbnail","hentry","category-mundo"],"_links":{"self":[{"href":"https:\/\/eloficiodehistoriar.com.mx\/index.php?rest_route=\/wp\/v2\/posts\/28960","targetHints":{"allow":["GET"]}}],"collection":[{"href":"https:\/\/eloficiodehistoriar.com.mx\/index.php?rest_route=\/wp\/v2\/posts"}],"about":[{"href":"https:\/\/eloficiodehistoriar.com.mx\/index.php?rest_route=\/wp\/v2\/types\/post"}],"author":[{"embeddable":true,"href":"https:\/\/eloficiodehistoriar.com.mx\/index.php?rest_route=\/wp\/v2\/users\/249"}],"replies":[{"embeddable":true,"href":"https:\/\/eloficiodehistoriar.com.mx\/index.php?rest_route=%2Fwp%2Fv2%2Fcomments&post=28960"}],"version-history":[{"count":1,"href":"https:\/\/eloficiodehistoriar.com.mx\/index.php?rest_route=\/wp\/v2\/posts\/28960\/revisions"}],"predecessor-version":[{"id":28962,"href":"https:\/\/eloficiodehistoriar.com.mx\/index.php?rest_route=\/wp\/v2\/posts\/28960\/revisions\/28962"}],"wp:featuredmedia":[{"embeddable":true,"href":"https:\/\/eloficiodehistoriar.com.mx\/index.php?rest_route=\/wp\/v2\/media\/28961"}],"wp:attachment":[{"href":"https:\/\/eloficiodehistoriar.com.mx\/index.php?rest_route=%2Fwp%2Fv2%2Fmedia&parent=28960"}],"wp:term":[{"taxonomy":"category","embeddable":true,"href":"https:\/\/eloficiodehistoriar.com.mx\/index.php?rest_route=%2Fwp%2Fv2%2Fcategories&post=28960"},{"taxonomy":"post_tag","embeddable":true,"href":"https:\/\/eloficiodehistoriar.com.mx\/index.php?rest_route=%2Fwp%2Fv2%2Ftags&post=28960"}],"curies":[{"name":"wp","href":"https:\/\/api.w.org\/{rel}","templated":true}]}}