{"id":28966,"date":"2022-08-14T11:06:21","date_gmt":"2022-08-14T17:06:21","guid":{"rendered":"https:\/\/eloficiodehistoriar.com.mx\/?p=28966"},"modified":"2022-08-14T11:06:21","modified_gmt":"2022-08-14T17:06:21","slug":"variedad-de-titulos-brinda-la-semana-de-cine-aleman-con-un-total-16-largometrajes-y-cortometrajes","status":"publish","type":"post","link":"https:\/\/eloficiodehistoriar.com.mx\/?p=28966","title":{"rendered":"Variedad de t\u00edtulos brinda la semana de cine alem\u00e1n con un total 16 largometrajes  y cortometrajes"},"content":{"rendered":"<div id=\"article-cont\" class=\"main-cont article-cont analysis\">\n<div class=\"cabeza\">La 21 semana de cine alem\u00e1n<\/div>\n<div class=\"sumarios\"><\/div>\n<div class=\"credito-articulo\">Carlos Bonfil<\/div>\n<div><\/div>\n<div id=\"article-text\" class=\"text\">\n<div class=\"col col1\">\n<div class=\"inicial\">Com\u00fanmente agosto\u00a0suele ser para muchos cin\u00e9filos un mes particularmente ingrato. Con las vacaciones escolares, la cartelera comercial suele saturarse (m\u00e1s todav\u00eda que en tiempos normales) con pel\u00edculas de superh\u00e9roes y otras grandes producciones hollywoodenses, reservando un espacio muy reducido y una promoci\u00f3n escasa a las cintas de mayor calidad art\u00edstica que algunas distribuidoras liberan a cuentagotas. Precisamente por esa escasa difusi\u00f3n de ofertas alternativas, se vive la sensaci\u00f3n durante el fin de verano que no hay nada nuevo que ver en cine y por ello pudiera ser preferible permanecer en casa,\u00a0<em>zapeando<\/em>\u00a0las propuestas de las plataformas digitales o aventur\u00e1ndose a una temporada m\u00e1s de alguna serie favorita.<\/div>\n<p>Por fortuna, la sensaci\u00f3n de toparse con s\u00f3lo nulidad art\u00edstica al revisar las carteleras, resulta enga\u00f1osa si se considera ese otro tipo de saturaci\u00f3n, m\u00e1s estimulante, que ofrece el circuito f\u00edlmico alternativo en varias salas peque\u00f1as y de modo especial en la muy concurrida Cineteca Nacional. Una muestra elocuente de esta gran diversidad de opciones de entretenimiento cultural es la exhibici\u00f3n paralela de una semana de cine japon\u00e9s, con copias muy raras, algunas excelentes, de cintas cl\u00e1sicas de Naruse, Mizoguchi, Yamanaka, Ozu, entre otros, y la tradicional semana de cine alem\u00e1n con pel\u00edculas muy recientes, algunas premiadas en festivales internacionales. Si a ello se a\u00f1ade la buena programaci\u00f3n durante este mes del festival MicG\u00e9nero y del festival de cine infantil Matatena, se entiende que es imposible aseverar, a estas alturas, que no hay nada nuevo en el panorama de exhibiciones de buen cine o la falta de espectadores, sobre todo cuando una cinta como\u00a0<em>El hijo \u00fanico\u00a0<\/em>(Yasujiro Ozu, 1936) es aplaudida al final, en una sala llena, con un p\u00fablico predominantemente joven. Algo realmente notable.<\/p>\n<p>Un fen\u00f3meno parecido de recepci\u00f3n exitosa podr\u00eda suscitar la gran variedad de t\u00edtulos muy sugerentes que brinda la semana de cine alem\u00e1n con un total 16 largometrajes (12 de ficci\u00f3n, dos documentales y dos cintas infantiles), y cortometrajes y proyecciones especiales como\u00a0<em>Nosferatu, una sinfon\u00eda del horror<\/em>\u00a0(F.W. Murnau, 1922), en excelente copia restaurada y musicalizaci\u00f3n en vivo a cargo del compositor Juli\u00e1n Lede, una experiencia \u00fanica que convendr\u00eda repetir en alg\u00fan nuevo espacio. Como cada a\u00f1o, la programaci\u00f3n incluye un tributo f\u00edlmico a una figura literaria alemana. El a\u00f1o pasado fue el turno de la escritora, militante de izquierda y exiliada en M\u00e9xico, Anna Seghers; esta vez, se trata del enigm\u00e1tico escritor B. Traven (para algunos de nacionalidad alemana; para otros, estadunidense), que tambi\u00e9n vivi\u00f3 en M\u00e9xico, y de quien se llevaron a la pantalla varias obras de ficci\u00f3n. El ciclo que se le dedica proyecta\u00a0<em>El tesoro de la sierra madre\u00a0<\/em>(John Huston, 1948),\u00a0<em>El barco de la muerte\u00a0<\/em>(\u00a0<em>Das Totenschiff<\/em>, Georg Tressler, 1959 \u2013estreno en M\u00e9xico), y tres cintas de Roberto Gavald\u00f3n:\u00a0<em>Macario<\/em>, 1959;\u00a0<em>D\u00edas de oto\u00f1o<\/em>, 1963, y\u00a0<em>Rosa blanca<\/em>, 1972.<\/p>\n<\/div>\n<div class=\"col col2\">\n<p>La selecci\u00f3n de largometrajes de ficci\u00f3n y documentales gira esta vez en torno del tema\u00a0<em>Identidades<\/em>, como un reflejo sintom\u00e1tico de la crisis moral por la que atraviesa una Europa aquejada por la proliferaci\u00f3n de tentaciones pol\u00edticas autoritarias, producto de una xenofobia racista a menudo incontrolable. Las tensiones entre una fuerte presencia de inmigrantes y una poblaci\u00f3n local que teme verse demogr\u00e1ficamente rebasada, cuando no remplazada (seg\u00fan las paranoias de una extrema derecha vociferante), alimentan m\u00e1s de un relato, ya de manera expl\u00edcita, ya de un modo simb\u00f3lico. As\u00ed, en\u00a0<em>Bien podr\u00edamos estar muertos<\/em>\u00a0(Natalia Sinelnikova, 2022), los vecinos de un enorme conjunto habitacional le hacen la vida imposible a la mujer de origen polaco encargada de la vigilancia. Su respuesta ser\u00e1 fulminante. En\u00a0<em>El pr\u00edncipe<\/em>\u00a0(Lisa Bierwith, 2021), la protagonista de 40 a\u00f1os sucumbe a la infatuaci\u00f3n sexual y amorosa por un hombre congol\u00e9s, misterioso negociante de diamantes, quien a sus ojos brilla soberanamente, s\u00f3lo para descubrir que ella es la \u00fanica fabricante de ilusiones t\u00f3xicas. Dos documentales bien armados,\u00a0<em>Detr\u00e1s de los titulares<\/em>\u00a0(Daniel Andreas Sager, 2021), sobre la revelaci\u00f3n period\u00edstica de esc\u00e1ndalos de la ultradederecha gubernamental austriaca, y\u00a0<em>Amor, marcos alemanes y muerte<\/em>\u00a0(Cem Kaya, 2022), sobre la historia musical de la inmigraci\u00f3n turca a Alemania, se a\u00f1aden a una buena programaci\u00f3n de contrastes interesantes, cuyas funciones concluyen el pr\u00f3ximo 21 de agosto. Imperdible.<\/p>\n<p>Sinopsis, horarios y sedes:\u00a0<a href=\"https:\/\/www.goethe.de\/cinefest\" target=\"_blank\" rel=\"noopener\">www.goethe.de\/cinefest<\/a>\u00a0y\u00a0<a href=\"https:\/\/www.cinetecanacional.net\/\" target=\"_blank\" rel=\"noopener\">www.cinetecanacional.net<\/a><\/p>\n<p class=\"email\">\n<\/div>\n<\/div>\n<div class=\"go gui\">\n<div class=\"go-up\"><\/div>\n<\/div>\n<\/div>\n","protected":false},"excerpt":{"rendered":"<p>La 21 semana de cine alem\u00e1n Carlos Bonfil Com\u00fanmente agosto\u00a0suele ser para muchos cin\u00e9filos un mes particularmente ingrato. Con las vacaciones escolares, la cartelera comercial suele saturarse (m\u00e1s todav\u00eda que en tiempos normales) con pel\u00edculas de superh\u00e9roes y otras grandes producciones hollywoodenses, reservando un espacio muy reducido y una promoci\u00f3n escasa a las cintas de [&hellip;]<\/p>\n","protected":false},"author":249,"featured_media":28967,"comment_status":"open","ping_status":"closed","sticky":false,"template":"","format":"standard","meta":{"footnotes":""},"categories":[26],"tags":[],"class_list":["post-28966","post","type-post","status-publish","format-standard","has-post-thumbnail","hentry","category-mundo"],"_links":{"self":[{"href":"https:\/\/eloficiodehistoriar.com.mx\/index.php?rest_route=\/wp\/v2\/posts\/28966","targetHints":{"allow":["GET"]}}],"collection":[{"href":"https:\/\/eloficiodehistoriar.com.mx\/index.php?rest_route=\/wp\/v2\/posts"}],"about":[{"href":"https:\/\/eloficiodehistoriar.com.mx\/index.php?rest_route=\/wp\/v2\/types\/post"}],"author":[{"embeddable":true,"href":"https:\/\/eloficiodehistoriar.com.mx\/index.php?rest_route=\/wp\/v2\/users\/249"}],"replies":[{"embeddable":true,"href":"https:\/\/eloficiodehistoriar.com.mx\/index.php?rest_route=%2Fwp%2Fv2%2Fcomments&post=28966"}],"version-history":[{"count":1,"href":"https:\/\/eloficiodehistoriar.com.mx\/index.php?rest_route=\/wp\/v2\/posts\/28966\/revisions"}],"predecessor-version":[{"id":28968,"href":"https:\/\/eloficiodehistoriar.com.mx\/index.php?rest_route=\/wp\/v2\/posts\/28966\/revisions\/28968"}],"wp:featuredmedia":[{"embeddable":true,"href":"https:\/\/eloficiodehistoriar.com.mx\/index.php?rest_route=\/wp\/v2\/media\/28967"}],"wp:attachment":[{"href":"https:\/\/eloficiodehistoriar.com.mx\/index.php?rest_route=%2Fwp%2Fv2%2Fmedia&parent=28966"}],"wp:term":[{"taxonomy":"category","embeddable":true,"href":"https:\/\/eloficiodehistoriar.com.mx\/index.php?rest_route=%2Fwp%2Fv2%2Fcategories&post=28966"},{"taxonomy":"post_tag","embeddable":true,"href":"https:\/\/eloficiodehistoriar.com.mx\/index.php?rest_route=%2Fwp%2Fv2%2Ftags&post=28966"}],"curies":[{"name":"wp","href":"https:\/\/api.w.org\/{rel}","templated":true}]}}