{"id":28995,"date":"2022-08-17T08:17:06","date_gmt":"2022-08-17T14:17:06","guid":{"rendered":"https:\/\/eloficiodehistoriar.com.mx\/?p=28995"},"modified":"2022-08-17T08:17:06","modified_gmt":"2022-08-17T14:17:06","slug":"se-puede-vivir-del-arte-en-xalapa-poco-presupuesto-maltrato-y-bajos-salarios","status":"publish","type":"post","link":"https:\/\/eloficiodehistoriar.com.mx\/?p=28995","title":{"rendered":"Se puede vivir del arte en Xalapa? Poco presupuesto, maltrato y bajos salarios"},"content":{"rendered":"<div>\n<h1 class=\"title\">Se puede vivir del arte en Xalapa?<\/h1>\n<h1 class=\"title\">Artistas ganan poco, coinciden<\/h1>\n<\/div>\n<h3 class=\"subtitle\">Pocos presupuestos, maltrato de autoridades y bajos salarios, algunos factores que padecen artistas<\/h3>\n<div class=\"lead-gallery \">\n<div class=\"teaser  owl-carousel owl-theme\">\n<div class=\"owl-wrapper-outer\">\n<div class=\"owl-wrapper\">\n<div class=\"owl-item\">\n<div class=\"img-container picture\">\n<div id=\"standard_1\" class=\"st-placement standard_1 inImage\">\n<div class=\"st-adunit st-adunit-tagged st-reset st-show\">\n<div class=\"st-adunit-ad st-reset\">\n<div class=\"st-display-render st-reset\">\n<div class=\"st-reset\">\n<div class=\"important-styled st-canvas-container open Billboard_970x300 display-standard fssquz2\">\n<div class=\"important-styled st-canvas-el fhxwyqa\">\n<div class=\"important-styled st-canvas-container undefined fssquz2\">\n<div class=\"important-styled st-canvas-el fkwxnvd\">\n<div class=\"important-styled st-canvas-container undefined fssquz2\">\n<div class=\"important-styled st-canvas-el f1lqmgqa\">\n<div class=\"important-styled fiv2j0v\">\n<div class=\"important-styled display-render-wrapper fiv2j0v\">Faltan espacios y m\u00e1s apoyos para los artistas de Xalapa<\/div>\n<div><\/div>\n<div class=\"important-styled display-render-wrapper fiv2j0v\">Diario de Xalapa<\/div>\n<\/div>\n<\/div>\n<\/div>\n<\/div>\n<\/div>\n<\/div>\n<\/div>\n<\/div>\n<\/div>\n<\/div>\n<\/div>\n<\/div>\n<\/div>\n<\/div>\n<\/div>\n<\/div>\n<\/div>\n<\/div>\n<div class=\"content-body clearfix \">\n<div id=\"content-body-225-8750550\">\n<p>A pesar de la fuerte presencia que\u00a0<b>Xalapa tiene en el mapa cultural nacional<\/b>, ser artista esc\u00e9nico independiente en la ciudad\u00a0<b>no es redituable<\/b>, coinciden creadores y productores de danza y teatro.<\/p>\n<p><b>Malos tratos de las autoridades de cultura, negativas, bajos presupuestos, falta de visi\u00f3n para generar empleos para los artistas y escaso acceso\u00a0<\/b>a los teatros por altos costos son solo algunas de los desaf\u00edos a los que dicen enfrentarse.<\/p>\n<\/div>\n<\/div>\n<div class=\"advertisment \"><\/div>\n<article class=\"content-continued-body clearfix \">\n<div id=\"content-body-5851641-8750550\">\n<ul>\n<li><b><\/b><i>En entrevista expresan que hace falta un mayor compromiso de parte del Estado, no para que les resuelva todo sino para trabajar en conjunto y apoyar lo local y estatal. El bailar\u00edn Dante Mancilla apunta que no hay inversi\u00f3n en el bienestar de la gente.<\/i><\/li>\n<\/ul>\n<p>\u201cSe invierte en armas, en seguridad, pero no en el bienestar emocional y psicol\u00f3gico. Es una realidad, en cultura necesitamos gente que s\u00ed tenga un criterio sensato, honesto y amplio sobre las artes\u201d<\/p>\n<p>El core\u00f3grafo y creador de foros independientes opina que las instancias de cultura apoyan m\u00e1s a los extranjeros y con los artistas locales muchas veces se comportan como si estuviesen haciendo favores.<\/p>\n<p><b>\u201cLos artistas trabajamos arduamente, con mucho amor y creatividad; ponemos todo nuestro esp\u00edritu, pero regularmente nos minimizan. Gente que de verdad valore el arte deber\u00eda estar dirigiendo las instancias de cultura\u201d,<\/b>\u00a0se\u00f1ala.<\/p>\n<p>Mancilla y el actor Francisco J\u00e1come mencionan que no es suficiente con tener un trabajo art\u00edstico. Llegar a dar una funci\u00f3n al Teatro del Estado Ignacio de la Llave cuesta entre 30 y 40 mil pesos, cuando los boletos al p\u00fablico no rebasan los 100-120 pesos.<\/p>\n<p>En cuanto al teatro J.J. Herrera y el foro Guadalupe Balderas, el actor \u00d3scar Reyes considera que el ayuntamiento podr\u00eda replantear el impuesto sobre boletaje y el permiso de venta de boletos.<\/p>\n<p><b>\u201cGanamos bien poquito. Hay que sacar lo de gastos operacionales, dividir las ganancias entre el grupo y agregar impuestos. No es redituable hacer arte. En el caso de los impuestos no nos negamos a pagarlos pero debe existir una mediaci\u00f3n\u201d.<\/b><\/p>\n<p>Por amor a nuestra profesi\u00f3n no estamos sentados esperando que el Estado nos resuelva, nosotros creamos, afirma la core\u00f3grafa Mirna G\u00f3mez.<\/p>\n<p><i>\u201cLuchamos cada d\u00eda. Si no hay un recurso nosotros lo buscamos y si hay una beca le sacamos todo el juego, pero tampoco es algo digno siempre estar luchando mientras el Estado se jacta de que Xalapa es una ciudad muy cultural, muy rica, un hervidero de artistas, y s\u00ed, pero con muchas necesidades\u201d.<\/i><\/p>\n<ul>\n<li><i><b>Vuelve a leer:\u00a0<\/b><\/i><b><a href=\"https:\/\/www.diariodexalapa.com.mx\/cultura\/orquesta-sinfonica-de-xalapa-debuto-en-agosto-de-1929-la-celebran-con-exposicion-8727947.html\" target=\"_blank\" rel=\"Follow noopener\">Orquesta Sinf\u00f3nica de Xalapa debut\u00f3 en agosto de 1929; la celebran con exposici\u00f3n<\/a><\/b><\/li>\n<\/ul>\n<p>Piensa que hacen faltan compa\u00f1\u00edas oficiales, orquestas y agrupaciones, pues las que hay tienen pocos lugares, est\u00e1n ocupados y son muy competidos.<\/p>\n<p>\u201cEl Estado debe ir por un mejor flujo de econom\u00eda; los sueldos en la ciudad son muy bajos y eso hace que las artes tambi\u00e9n tengan un costo reducido. En Xalapa hay una cadena de consumo muy precaria\u201d, puntualiza.<\/p>\n<p><b><span class=\"quote\">El Estado est\u00e1 atrasado, dormido y confiado en la cartelera porque sabe que nos movemos<\/span><\/b><\/p>\n<p>\u00abNo podemos dejar de crear, de hacer y de defender nuestro trabajo. El Estado no trabaja en conjunto con la comunidad art\u00edstica\u201d, enfatiza.<\/p>\n<article class=\"cultura\nmedia col-md-4 inline-story \"><\/p>\n<div class=\"teaser \">\n<h4 class=\"title \">Mujeres artistas j\u00f3venes como <b>Carolina G\u00f3mez, Nayelli Alc\u00e1zar y Viridiana Azuara<\/b>\u00a0manifiestan que en la mayor\u00eda de los casos para no dejar el arte tienen que hacer otros trabajos, \u201cmeserear, vender distintos productos, lo que sea para sobrevivir y tener un tiempecito para entrenar el cuerpo y darle forma a una idea\u201d.<\/h4>\n<\/div>\n<\/article>\n<p>Al respecto, Mirana G\u00f3mez matiza que la misma calidad del producto a veces se descuida porque hay que trabajar para sostener la vida personal.<\/p>\n<p><i>En presentaci\u00f3n del Festival de la Bienal del Cartel en M\u00e9xico, que tendr\u00e1 a grupos independientes locales, Tal\u00eda Pedraza llam\u00f3 a valorar el talento que hay en la ciudad.<\/i><\/p>\n<p>Expuso que como cualquier otra profesi\u00f3n debe haber un pago digno:\u00a0<b>\u201cLos artistas no son burgueses y lo que s\u00ed tienen es la maldita costumbre de comer\u201d.<\/b><\/p>\n<p>En general, los artistas dicen que el Estado los puede apoyar con difusi\u00f3n, creaci\u00f3n de p\u00fablicos, crear teatros y hacer m\u00e1s accesibles los existentes, facilitar espacios para ensayo y ofrecer sueldos para compa\u00f1\u00edas.<\/p>\n<p>Entre las sugerencias est\u00e1 tambi\u00e9n mantener las muestras existentes y ampliarlas, que el Estado contrate a los artistas locales para hacer festivales y no a extranjeros, que los requisitos para ocupar foros y teatros no sean tantos.<\/p>\n<p>Otra idea es generar un programa con una cartelera para todo el a\u00f1o en el Teatro del Estado o en los foros, con promoci\u00f3n a nivel local, nacional e internacional, pues hay suficiente producci\u00f3n en todas las manifestaciones esc\u00e9nicas, dicen.<\/p>\n<ul>\n<li><b>Vuelve a leer:\u00a0<a href=\"https:\/\/www.diariodexalapa.com.mx\/cultura\/donde-se-puede-visitar-la-galeria-fumata-negra-en-xalapa-8709443.html\" target=\"_blank\" rel=\"Follow noopener\">Crean galer\u00eda xalape\u00f1a itinerante para reivindicar el dibujo; descubre d\u00f3nde puedes visitarla<\/a><\/b><\/li>\n<\/ul>\n<p><b>\u201cCreo que el Gobierno s\u00ed podr\u00eda difundir m\u00e1s el trabajo, crear programas de distribuci\u00f3n de las artes esc\u00e9nicas, pl\u00e1sticas y visuales, y recuperar, en el caso de Xalapa, el t\u00edtulo de Atenas Veracruzana. Estamos conscientes de la influencia que puede tener sobre las artes y el pueblo\u201d.<\/b><\/p>\n<article class=\"cultura\nmedia col-md-4 inline-story \"><\/p>\n<div class=\"teaser \">\n<h4 class=\"title \">Dante Mancilla anota adem\u00e1s que las instancias gubernamentales de cultura deben tener una visi\u00f3n m\u00e1s amplia pues hoy en d\u00eda al parecer solo apoyan con becas a proyectos enfocados en lo tradicional o en temas espec\u00edficos.<\/h4>\n<\/div>\n<\/article>\n<p>Por otra parte, aplaude la labor de foros independientes:\u00a0<b>\u201cTrabajamos con bajo presupuesto y mucha creatividad, pero hay que decirlo: no hay una oportunidad donde podamos desarrollar nuestro potencial como int\u00e9rpretes, ejecutantes o creativos. Eso no existe\u201d.<\/b><\/p>\n<p>\u00d3scar Reyes y Mirna G\u00f3mez actualmente son dos de los 10 seleccionados para formar parte del Encuentro Esc\u00e9nico Veracruz 2022, que se desarrollar\u00e1 entre agosto y noviembre. Las presentaciones ser\u00e1n en el Teatro del Estado y los ingresos obtenidos por boletaje les ser\u00e1 otorgado.<\/p>\n<p><i>El costo de cada entrada ser\u00e1 de 100 pesos en preventa y 120 pesos en taquilla, el d\u00eda de la funci\u00f3n. Invitan al p\u00fablico a apoyarlos. El programa comienza el viernes 19 de agosto con Chikoo: el ni\u00f1o que no quer\u00eda ser perro, y contin\u00faa el 20 con Paisajes sonoros de la mudanza Peregrina, de Mirna G\u00f3mez.<\/i><\/p>\n<\/div>\n<\/article>\n","protected":false},"excerpt":{"rendered":"<p>Se puede vivir del arte en Xalapa? Artistas ganan poco, coinciden Pocos presupuestos, maltrato de autoridades y bajos salarios, algunos factores que padecen artistas Faltan espacios y m\u00e1s apoyos para los artistas de Xalapa Diario de Xalapa A pesar de la fuerte presencia que\u00a0Xalapa tiene en el mapa cultural nacional, ser artista esc\u00e9nico independiente en [&hellip;]<\/p>\n","protected":false},"author":249,"featured_media":28996,"comment_status":"open","ping_status":"closed","sticky":false,"template":"","format":"standard","meta":{"footnotes":""},"categories":[26],"tags":[],"class_list":["post-28995","post","type-post","status-publish","format-standard","has-post-thumbnail","hentry","category-mundo"],"_links":{"self":[{"href":"https:\/\/eloficiodehistoriar.com.mx\/index.php?rest_route=\/wp\/v2\/posts\/28995","targetHints":{"allow":["GET"]}}],"collection":[{"href":"https:\/\/eloficiodehistoriar.com.mx\/index.php?rest_route=\/wp\/v2\/posts"}],"about":[{"href":"https:\/\/eloficiodehistoriar.com.mx\/index.php?rest_route=\/wp\/v2\/types\/post"}],"author":[{"embeddable":true,"href":"https:\/\/eloficiodehistoriar.com.mx\/index.php?rest_route=\/wp\/v2\/users\/249"}],"replies":[{"embeddable":true,"href":"https:\/\/eloficiodehistoriar.com.mx\/index.php?rest_route=%2Fwp%2Fv2%2Fcomments&post=28995"}],"version-history":[{"count":1,"href":"https:\/\/eloficiodehistoriar.com.mx\/index.php?rest_route=\/wp\/v2\/posts\/28995\/revisions"}],"predecessor-version":[{"id":28997,"href":"https:\/\/eloficiodehistoriar.com.mx\/index.php?rest_route=\/wp\/v2\/posts\/28995\/revisions\/28997"}],"wp:featuredmedia":[{"embeddable":true,"href":"https:\/\/eloficiodehistoriar.com.mx\/index.php?rest_route=\/wp\/v2\/media\/28996"}],"wp:attachment":[{"href":"https:\/\/eloficiodehistoriar.com.mx\/index.php?rest_route=%2Fwp%2Fv2%2Fmedia&parent=28995"}],"wp:term":[{"taxonomy":"category","embeddable":true,"href":"https:\/\/eloficiodehistoriar.com.mx\/index.php?rest_route=%2Fwp%2Fv2%2Fcategories&post=28995"},{"taxonomy":"post_tag","embeddable":true,"href":"https:\/\/eloficiodehistoriar.com.mx\/index.php?rest_route=%2Fwp%2Fv2%2Ftags&post=28995"}],"curies":[{"name":"wp","href":"https:\/\/api.w.org\/{rel}","templated":true}]}}