{"id":29005,"date":"2022-08-17T08:49:08","date_gmt":"2022-08-17T14:49:08","guid":{"rendered":"https:\/\/eloficiodehistoriar.com.mx\/?p=29005"},"modified":"2022-08-17T08:49:08","modified_gmt":"2022-08-17T14:49:08","slug":"la-lucha-revolucionaria-impulso-un-movimiento-artistico-que-saco-las-pinturas-de-los-museos-y-galerias","status":"publish","type":"post","link":"https:\/\/eloficiodehistoriar.com.mx\/?p=29005","title":{"rendered":"La lucha revolucionaria impuls\u00f3 un movimiento art\u00edstico que sac\u00f3 las pinturas de los museos y galer\u00edas"},"content":{"rendered":"<div id=\"article-cont\" class=\"main-cont article-cont actuality\">\n<div class=\"cabeza\">Explora galer\u00eda digital el origen del muralismo mexicano<\/div>\n<div class=\"sumarios\">\n<p>En la computadora o los tel\u00e9fonos m\u00f3viles se pueden agrandar las pinturas para apreciar sus detalles<\/p>\n<\/div>\n<div id=\"article-text\" class=\"text tbl-forkorts-article\">\n<div class=\"col\">\n<div class=\"credito-autor\">Alondra Flores Soto<\/div>\n<div class=\"credito-titulo\"><\/div>\n<div class=\"hemero\">La Jornada<\/p>\n<\/div>\n<p class=\"s-s\">La lucha revolucionaria impuls\u00f3 un movimiento art\u00edstico que sac\u00f3 las pinturas de los museos y galer\u00edas, donde eran inaccesibles para la poblaci\u00f3n. Muros en blanco fueron entregados a idealistas con pinceles que expresaron la identidad nacional en espacios p\u00fablicos. La muestra\u00a0<em>A un siglo del nacimiento del muralismo mexicano<\/em>, que se exhibe en la galer\u00eda digital Mem\u00f3rica, explora el surgimiento de una expresi\u00f3n que\u00a0<q>ha sido tan trascendental en la historia del arte universal que no podemos pasarlo desapercibido<\/q>.<\/p>\n<p>En palabras de la curadora Iliana Ortega con motivo del centenario del muralismo,\u00a0<q>se da visibilidad a un fen\u00f3meno art\u00edstico mexicano que no tiene igual en el mundo, ha sido la expresi\u00f3n del arte nacional que m\u00e1s se ha conocido<\/q>.<\/p>\n<p>En la pantalla de computadoras y celulares las pinturas pueden agrandarse para recorrerlas con detalle, apreciar los colores, conocer las t\u00e9cnicas para su creaci\u00f3n, acompa\u00f1adas con textos informativos sobre el contexto hist\u00f3rico y sus autores, adem\u00e1s de apreciar documentos y datos curiosos.<\/p>\n<p>El criterio curatorial, explica,\u00a0<q>decidi\u00f3 centrarse en lo que estamos festejando: el inicio del muralismo, comprender desde una manera muy sencilla el contexto hist\u00f3rico, as\u00ed como qui\u00e9nes fueron esos primeros artistas a quienes encargaron los murales, ver a trav\u00e9s de los recursos digitales c\u00f3mo evoluci\u00f3n el contenido<\/q>.<\/p>\n<p>Ortega apunta que\u00a0<q>el muralismo es de esos movimientos art\u00edsticos que responden directamente a la situaci\u00f3n social y pol\u00edtica del pa\u00eds, que corresponde a la posrevoluci\u00f3n. Es muy importante comprender la relaci\u00f3n arte-Estado<\/q>. Surgi\u00f3 con la fuerza de representar la historia con los matices de injusticia, as\u00ed como valorar a quienes padec\u00edan la injusticia social: ind\u00edgenas, campesinos y obreros fueron los protagonistas en estos muros.<\/p>\n<p>La plataforma Mem\u00f3rica: M\u00e9xico, haz Memoria es un repositorio con archivos digitales relacionados con la historia y expresiones culturales de nuestro pa\u00eds. La iniciativa del gobierno nacional propone fomentar el derecho a la memoria con documentos que provienen de diversas instituciones p\u00fablicas y privadas, los cuales est\u00e1n disponibles al p\u00fablico de manera gratuita en el sitio\u00a0<a href=\"https:\/\/www.memoricamexico.gob.mx\/\" target=\"_blank\" rel=\"noopener\">www.memoricamexico.gob.mx<\/a><\/p>\n<p>El ex presidente \u00c1lvaro Obreg\u00f3n y Jos\u00e9 Vasconcelos, primer secretario de Educaci\u00f3n, cuentan con un segmento especial dedicado a ellos, pues ambos impulsaron la iniciativa muralista como parte de una gran campa\u00f1a educativa nacional. Con la incursi\u00f3n idealista en el arte se incentiv\u00f3 a crear pinturas de corte nacionalista, en las que se incorpor\u00f3 el universo ind\u00edgena y campesino, que hab\u00eda sido ignorado en el arte o incluido en escenas costumbristas, ajenos a la conformaci\u00f3n de la identidad nacional.<\/p>\n<p>\u201cHasta antes de este momento, el arte se ve\u00eda en museos y galer\u00edas, copiaba los estilos europeos, no hab\u00eda una expresi\u00f3n con tanta fuerza del tema mexicano. Otro punto fundamental del muralismo \u2013y que persiste hasta nuestros d\u00edas\u2013 es que estaba fuera del alcance de todos los mexicanos. La idea consisti\u00f3 en estas piezas no s\u00f3lo con contenido de tema nacional, con \u00e9nfasis en nuestro pasado precolombino, sino que tambi\u00e9n estuviera en espacios p\u00fablicos, que la gente pudiera caminar, entrar sin pagar un boleto.\u201d<\/p>\n<p>Al principio, con el impulso de las ideas de Vasconcelos, las obras no eran tan nacionalistas ni recreaban el problema agrario o el contexto precolombino, eran m\u00e1s filos\u00f3ficas. \u201cEs importante honrar a aquellos artistas que hicieron los primeros murales a partir de 1922. El primero fue de Roberto Montenegro, con\u00a0<em>El \u00e1rbol de la\u00a0<\/em>vida, en 1922\u201d. Tambi\u00e9n Ram\u00f3n Alva de la Canal, Jean Charlot, Amado de la Cueva y Ferm\u00edn Revueltas.<\/p>\n<p><q>La exposici\u00f3n tambi\u00e9n rinde honor los tres grandes maestros, David Alfaro Siqueiros, Jos\u00e9 Clemente Orozco y Diego Rivera, quienes no pod\u00edan faltar, pero los representamos con sus primeras obras.<\/q><\/p>\n<p>La encargada de la investigaci\u00f3n y curadur\u00eda llama la atenci\u00f3n sobre un singular documento que pocas veces se ha podido apreciar. Se trata del manifiesto del Sindicato de los Obreros T\u00e9cnicos, Pintores y Escultores que publicaron en\u00a0<em>El Machete<\/em>, su \u00f3rgano de difusi\u00f3n. La proclama es de fuerte intenci\u00f3n pol\u00edtica, con posturas de tendencias radicales que determinar\u00edan la ejecuci\u00f3n de las obras, por ejemplo, el repudio a la pintura de caballete, la socializaci\u00f3n del arte, la destrucci\u00f3n del individualismo burgu\u00e9s, la materializaci\u00f3n de un arte para el pueblo y producir belleza que impulsara la lucha.<\/p>\n<\/div>\n<\/div>\n<div class=\"go gui\">\n<div class=\"go-up\"><\/div>\n<\/div>\n<\/div>\n<div id=\"taboola-below-content-thumbnails\" class=\" trc_related_container trc_spotlight_widget tbl-feed-container tbl-feed-frame-DIVIDER  render-late-effect\" data-feed-container-num=\"1\" data-feed-main-container-id=\"taboola-below-content-thumbnails\" data-parent-placement-name=\"Below Content Thumbnails\" data-pub-lang=\"es\">\n<div class=\" tbl-feed-header tbl-logo-right-position\">\n<div class=\"tbl-feed-header-logo\"><\/div>\n<\/div>\n<div id=\"taboola-below-content-thumbnails-pl1\" class=\" trc_related_container trc_spotlight_widget trc_elastic trc_elastic_organic-thumbs-feed-02  tbl-feed-card \" data-card-index=\"1\" data-batch-num=\"1\" data-placement-name=\"Below Content Thumbnails | Card 1\">\n<div class=\"trc_rbox_container\">\n<div>\n<div id=\"trc_wrapper_68094\" class=\"trc_rbox organic-thumbs-feed-02 trc-content-organic \">\n<div id=\"outer_68094\" class=\"trc_rbox_outer\">\n<div id=\"rbox-t2v\" class=\"trc_rbox_div trc_rbox_border_elm\">\n<div id=\"internal_trc_68094\">\n<div class=\"videoCube trc_spotlight_item origin-undefined thumbnail_top textItem videoCube_1_child trc-first-recommendation trc-spotlight-first-recommendation  trc_excludable \" data-item-id=\"798106396803257698\" data-item-title=\"\u00bfA QUI\u00c9N SE LE OCURRE?\" data-item-thumb=\"https:\/\/www.jornada.com.mx\/2022\/08\/11\/cartones\/hernandez.jpg\" data-item-syndicated=\"false\">\n<div class=\"thumbBlock_holder\"><\/div>\n<\/div>\n<\/div>\n<\/div>\n<\/div>\n<\/div>\n<\/div>\n<\/div>\n<\/div>\n<\/div>\n","protected":false},"excerpt":{"rendered":"<p>Explora galer\u00eda digital el origen del muralismo mexicano En la computadora o los tel\u00e9fonos m\u00f3viles se pueden agrandar las pinturas para apreciar sus detalles Alondra Flores Soto La Jornada La lucha revolucionaria impuls\u00f3 un movimiento art\u00edstico que sac\u00f3 las pinturas de los museos y galer\u00edas, donde eran inaccesibles para la poblaci\u00f3n. Muros en blanco fueron [&hellip;]<\/p>\n","protected":false},"author":249,"featured_media":29006,"comment_status":"open","ping_status":"closed","sticky":false,"template":"","format":"standard","meta":{"footnotes":""},"categories":[26],"tags":[],"class_list":["post-29005","post","type-post","status-publish","format-standard","has-post-thumbnail","hentry","category-mundo"],"_links":{"self":[{"href":"https:\/\/eloficiodehistoriar.com.mx\/index.php?rest_route=\/wp\/v2\/posts\/29005","targetHints":{"allow":["GET"]}}],"collection":[{"href":"https:\/\/eloficiodehistoriar.com.mx\/index.php?rest_route=\/wp\/v2\/posts"}],"about":[{"href":"https:\/\/eloficiodehistoriar.com.mx\/index.php?rest_route=\/wp\/v2\/types\/post"}],"author":[{"embeddable":true,"href":"https:\/\/eloficiodehistoriar.com.mx\/index.php?rest_route=\/wp\/v2\/users\/249"}],"replies":[{"embeddable":true,"href":"https:\/\/eloficiodehistoriar.com.mx\/index.php?rest_route=%2Fwp%2Fv2%2Fcomments&post=29005"}],"version-history":[{"count":1,"href":"https:\/\/eloficiodehistoriar.com.mx\/index.php?rest_route=\/wp\/v2\/posts\/29005\/revisions"}],"predecessor-version":[{"id":29007,"href":"https:\/\/eloficiodehistoriar.com.mx\/index.php?rest_route=\/wp\/v2\/posts\/29005\/revisions\/29007"}],"wp:featuredmedia":[{"embeddable":true,"href":"https:\/\/eloficiodehistoriar.com.mx\/index.php?rest_route=\/wp\/v2\/media\/29006"}],"wp:attachment":[{"href":"https:\/\/eloficiodehistoriar.com.mx\/index.php?rest_route=%2Fwp%2Fv2%2Fmedia&parent=29005"}],"wp:term":[{"taxonomy":"category","embeddable":true,"href":"https:\/\/eloficiodehistoriar.com.mx\/index.php?rest_route=%2Fwp%2Fv2%2Fcategories&post=29005"},{"taxonomy":"post_tag","embeddable":true,"href":"https:\/\/eloficiodehistoriar.com.mx\/index.php?rest_route=%2Fwp%2Fv2%2Ftags&post=29005"}],"curies":[{"name":"wp","href":"https:\/\/api.w.org\/{rel}","templated":true}]}}