{"id":29009,"date":"2022-08-18T08:47:53","date_gmt":"2022-08-18T14:47:53","guid":{"rendered":"https:\/\/eloficiodehistoriar.com.mx\/?p=29009"},"modified":"2022-08-18T08:47:53","modified_gmt":"2022-08-18T14:47:53","slug":"el-obispo-de-matagalpa-jose-alvarez-representa-una-de-las-ultimas-voces-profeticas-de-la-iglesia-catolica","status":"publish","type":"post","link":"https:\/\/eloficiodehistoriar.com.mx\/?p=29009","title":{"rendered":"El obispo de Matagalpa, Jos\u00e9 Alvarez, representa una de las \u00faltimas voces prof\u00e9ticas de la Iglesia cat\u00f3lica"},"content":{"rendered":"<div id=\"article-cont\" class=\"main-cont article-cont analysis\">\n<div class=\"cabeza\">Lo que se juega en Nicaragua con el secuestro del obispo \u00c1lvarez<\/div>\n<div class=\"sumarios\"><\/div>\n<div class=\"credito-articulo\">Carlos F. Chamorro<\/div>\n<div><\/div>\n<div id=\"article-text\" class=\"text\">\n<div class=\"col col1\">\n<div class=\"inicial\">Este lunes 15 de agosto se cumplieron dos semanas del secuestro de monse\u00f1or Rolando Jos\u00e9 \u00c1lvarez y de otras 10 personas, entre sacerdotes y laicos, que se mantienen cercados por decenas de polic\u00edas en la Curia Episcopal de Matagalpa.<\/div>\n<p>El obispo de Matagalpa representa una de las \u00faltimas voces prof\u00e9ticas de la Iglesia cat\u00f3lica que la dictadura de Ortega y Murillo nunca ha podido intimidar o cooptar, y ahora amenaza con silenciarlo mediante la c\u00e1rcel o el exilio.<\/p>\n<p>El ataque contra el obispo \u00c1lvarez no es un hecho aislado ni el resultado de un exabrupto presidencial, sino la culminaci\u00f3n de una escalada de agresiones contra la Iglesia y la sociedad civil.<\/p>\n<p>En estas dos semanas de resistencia, hemos sido testigos de gestos dram\u00e1ticos del obispo que han moralizado a miles de personas. Su determinaci\u00f3n de no someterse ante la injusticia, ha impedido hasta ahora que se ejecuten las \u00f3rdenes de imponerle la c\u00e1rcel o el destierro. Sin embargo, la resistencia c\u00edvica de un pa\u00eds no puede depender s\u00f3lo del coraje y la integridad de una persona. El gesto de \u00c1lvarez demanda solidaridad y acompa\u00f1amiento, a\u00fan bajo las restricciones del estado policial y el exilio, para que no se apague su voz.<\/p>\n<p>Muchos se preguntan: \u00bfhasta d\u00f3nde puede llegar la sa\u00f1a del r\u00e9gimen Ortega-Murillo y qu\u00e9 pasar\u00e1 si logran imponerse contra \u00c1lvarez? En realidad, los l\u00edmites sobre lo que puede hacer la dictadura dependen de la resistencia de los ciudadanos y de la voluntad de los polic\u00edas de seguir reprimiendo, y en este caso tambi\u00e9n de la Conferencia Episcopal de la Iglesia cat\u00f3lica. Si los obispos callan, la dictadura seguir\u00e1 avasallando a la Iglesia, silenciando la \u00faltima reserva del espacio c\u00edvico y amenazando la libertad de conciencia.<\/p>\n<p>\u00c1lvarez ya ha sido pr\u00e1cticamente condenado por la polic\u00eda del r\u00e9gimen, que lo investiga por supuestamente promover la violencia, el odio y la zozobra, cuando todo mundo sabe que lo \u00fanico que ha hecho es predicar la esperanza y la paz con la palabra de Jesucristo y el testimonio personal.<\/p>\n<p>La virulencia de estos ataques ha causado un rechazo un\u00e1nime en todas las fuerzas vivas del pa\u00eds, incluyendo a los servidores p\u00fablicos, civiles y militares, que condenan en silencio la represi\u00f3n contra la Iglesia. Es cierto que hay miedo y temor generalizado, por la irracionalidad de estos ataques, y por la desesperaci\u00f3n y el odio con que act\u00faan los gobernantes atrincherados en El Carmen. Pero si triunfan la c\u00e1rcel o el destierro contra \u00c1lvarez, la dictadura enterrar\u00e1 la esperanza, imponiendo el miedo y el silencio para siempre.<\/p>\n<\/div>\n<div class=\"col col2\">\n<p>Por ello la \u00fanica opci\u00f3n que queda es demandar la libertad de monse\u00f1or \u00c1lvarez y de sus acompa\u00f1antes, el cese de la persecuci\u00f3n contra la Iglesia, y la suspensi\u00f3n del estado policial.<\/p>\n<p>Esto es lo que 27 naciones americanas han demandado en una resoluci\u00f3n de la OEA, que \u00fanicamente fue rechazada por el gobierno de San Vicente y Granadinas, aliado de Ortega.<\/p>\n<p>El despliegue de la fuerza policial para intentar callar la voz prof\u00e9tica de la Iglesia, tampoco es s\u00edntoma de fortaleza, sino del descalabro moral y la debilidad pol\u00edtica de una dictadura familiar corrupta. Los oficiales de la polic\u00eda y el ej\u00e9rcito, as\u00ed como los jueces y fiscales, no est\u00e1n obligados a cumplir las \u00f3rdenes espurias e ilegales de Ortega y Murillo. Su disyuntiva es elegir entre una dictadura sin futuro y el anhelo de paz y democracia. Y los funcionarios p\u00fablicos que no est\u00e1n comprometidos con las masacres, la tortura y la corrupci\u00f3n, est\u00e1n llamados a acatar el imperativo moral de cesar la represi\u00f3n contra la Iglesia cat\u00f3lica.<\/p>\n<p>Tras el exilio forzado de monse\u00f1or Silvio Jos\u00e9 Baez hace m\u00e1s de dos a\u00f1os, la Conferencia Episcopal no deber\u00eda aceptar que otro obispo sea forzado al destierro de su patria por la presi\u00f3n de la dictadura, aunque esta medida pudiera tener la anuencia del Vaticano.<\/p>\n<p>Por el contrario, si de verdad el papa Francisco quiere contribuir a mantener viva la esperanza de la voz prof\u00e9tica de la Iglesia en Nicaragua, tambi\u00e9n deber\u00eda abogar por la libertad de \u00c1lvarez y sus acompa\u00f1antes, y por el retorno de monse\u00f1or B\u00e1ez y de todos los religiosos exiliados.<\/p>\n<p>Un segundo obispo exiliado o desterrado representar\u00eda un golpe demoledor para la credibilidad y la confianza en la Conferencia Episcopal de Nicaragua. Con la libertad de monse\u00f1or \u00c1lvarez, en cambio, se puede abrir el camino para la liberaci\u00f3n de todos los presos pol\u00edticos, y el retorno de los exiliados, incluidos los religiosos, para iniciar la recuperaci\u00f3n de la libertad de Nicaragua.<\/p>\n<p>*\u00a0<em>Periodista nicarag\u00fcense (<a href=\"https:\/\/twitter.com\/@cefeche\" target=\"_blank\" rel=\"noopener\">@cefeche<\/a>)<\/em><\/p>\n<p class=\"email\">\n<\/div>\n<\/div>\n<div class=\"go gui\">\n<div class=\"go-up\"><\/div>\n<\/div>\n<\/div>\n<div id=\"taboola-below-content-thumbnails\" class=\" trc_related_container trc_spotlight_widget tbl-feed-container tbl-feed-frame-DIVIDER  render-late-effect\" data-feed-container-num=\"1\" data-feed-main-container-id=\"taboola-below-content-thumbnails\" data-parent-placement-name=\"Below Content Thumbnails\" data-pub-lang=\"es\">\n<div class=\" tbl-feed-header tbl-logo-right-position\">\n<div class=\"tbl-feed-header-logo\"><\/div>\n<\/div>\n<\/div>\n","protected":false},"excerpt":{"rendered":"<p>Lo que se juega en Nicaragua con el secuestro del obispo \u00c1lvarez Carlos F. Chamorro Este lunes 15 de agosto se cumplieron dos semanas del secuestro de monse\u00f1or Rolando Jos\u00e9 \u00c1lvarez y de otras 10 personas, entre sacerdotes y laicos, que se mantienen cercados por decenas de polic\u00edas en la Curia Episcopal de Matagalpa. El [&hellip;]<\/p>\n","protected":false},"author":249,"featured_media":29010,"comment_status":"open","ping_status":"closed","sticky":false,"template":"","format":"standard","meta":{"footnotes":""},"categories":[26],"tags":[],"class_list":["post-29009","post","type-post","status-publish","format-standard","has-post-thumbnail","hentry","category-mundo"],"_links":{"self":[{"href":"https:\/\/eloficiodehistoriar.com.mx\/index.php?rest_route=\/wp\/v2\/posts\/29009","targetHints":{"allow":["GET"]}}],"collection":[{"href":"https:\/\/eloficiodehistoriar.com.mx\/index.php?rest_route=\/wp\/v2\/posts"}],"about":[{"href":"https:\/\/eloficiodehistoriar.com.mx\/index.php?rest_route=\/wp\/v2\/types\/post"}],"author":[{"embeddable":true,"href":"https:\/\/eloficiodehistoriar.com.mx\/index.php?rest_route=\/wp\/v2\/users\/249"}],"replies":[{"embeddable":true,"href":"https:\/\/eloficiodehistoriar.com.mx\/index.php?rest_route=%2Fwp%2Fv2%2Fcomments&post=29009"}],"version-history":[{"count":1,"href":"https:\/\/eloficiodehistoriar.com.mx\/index.php?rest_route=\/wp\/v2\/posts\/29009\/revisions"}],"predecessor-version":[{"id":29011,"href":"https:\/\/eloficiodehistoriar.com.mx\/index.php?rest_route=\/wp\/v2\/posts\/29009\/revisions\/29011"}],"wp:featuredmedia":[{"embeddable":true,"href":"https:\/\/eloficiodehistoriar.com.mx\/index.php?rest_route=\/wp\/v2\/media\/29010"}],"wp:attachment":[{"href":"https:\/\/eloficiodehistoriar.com.mx\/index.php?rest_route=%2Fwp%2Fv2%2Fmedia&parent=29009"}],"wp:term":[{"taxonomy":"category","embeddable":true,"href":"https:\/\/eloficiodehistoriar.com.mx\/index.php?rest_route=%2Fwp%2Fv2%2Fcategories&post=29009"},{"taxonomy":"post_tag","embeddable":true,"href":"https:\/\/eloficiodehistoriar.com.mx\/index.php?rest_route=%2Fwp%2Fv2%2Ftags&post=29009"}],"curies":[{"name":"wp","href":"https:\/\/api.w.org\/{rel}","templated":true}]}}