{"id":29012,"date":"2022-08-18T08:55:58","date_gmt":"2022-08-18T14:55:58","guid":{"rendered":"https:\/\/eloficiodehistoriar.com.mx\/?p=29012"},"modified":"2022-08-18T08:55:58","modified_gmt":"2022-08-18T14:55:58","slug":"en-nigeria-un-cantante-de-24-anos-un-tribunal-islamico-condeno-a-muerte-por-blasfemia","status":"publish","type":"post","link":"https:\/\/eloficiodehistoriar.com.mx\/?p=29012","title":{"rendered":"En Nigeria un cantante de 24 a\u00f1os un tribunal isl\u00e1mico conden\u00f3 a muerte por blasfemia"},"content":{"rendered":"<div id=\"article-cont\" class=\"main-cont article-cont actuality\">\n<div class=\"cabeza\">Nigeria mantiene condena de muerte contra cantante por\u00a0<q>blasfemia<\/q><\/div>\n<div class=\"sumarios\"><\/div>\n<div id=\"article-text\" class=\"text\">\n<div class=\"col col1\">\n<div class=\"credito-autor\">Afp<\/div>\n<div class=\"credito-titulo\"><\/div>\n<div class=\"hemero\">La Jornada<\/p>\n<\/div>\n<p class=\"s-s\">Abuya.<\/p>\n<p class=\"s-s\">Una corte de Nigeria rechaz\u00f3 ayer la apelaci\u00f3n presentada por un cantante de 24 a\u00f1os al que un tribunal isl\u00e1mico conden\u00f3 a muerte por blasfemia en agosto de 2020. La corte de apelaci\u00f3n de la ciudad de Kano omiti\u00f3 el recurso presentado por Yahaya Aminu Sharif, condenado por\u00a0<q>haber insultado<\/q>\u00a0al profeta Mahoma en una de sus canciones.<\/p>\n<p>Miles de personas hab\u00edan salido a las calles para protestar contra el cantante y exigir su arresto a inicios de 2020.<\/p>\n<p>En el islam, la blasfemia, en particular contra el profeta, puede ser condenada con la pena de muerte. La ley religiosa fue instaurada en 2000 en 12 estados del norte de Nigeria.<\/p>\n<p>Los tribunales isl\u00e1micos, que funcionan en paralelo con el sistema judicial del Estado, ya han pronunciado condenas a muerte por adulterio, blasfemia y homosexualidad, pero a\u00fan no habido ninguna ejecuci\u00f3n.<\/p>\n<\/div>\n<div class=\"col col2\">\n<p>Tras su condena, Yahaya Aminu Sharif hab\u00eda presentado un recurso en el que ped\u00edan al tribunal rechazar la legalidad de la shar\u00eda, la ley isl\u00e1mica, en nombre de la Constituci\u00f3n laica de Nigeria.\u00a0<q>El intento de los recurrentes de demostrar la ilegalidad de la shar\u00eda carece de fundamento<\/q>, se\u00f1al\u00f3 el juez federal de apelaci\u00f3n Abubakar Mu\u2019azu Lamido.<\/p>\n<p>Sharif recurrir\u00e1 la sentencia ante el Tribunal Supremo de Nigeria, dijo su abogado Kola Alapini a la Afp.<\/p>\n<\/div>\n<\/div>\n<div class=\"go gui\">\n<div class=\"go-up\"><\/div>\n<\/div>\n<\/div>\n","protected":false},"excerpt":{"rendered":"<p>Nigeria mantiene condena de muerte contra cantante por\u00a0blasfemia Afp La Jornada Abuya. Una corte de Nigeria rechaz\u00f3 ayer la apelaci\u00f3n presentada por un cantante de 24 a\u00f1os al que un tribunal isl\u00e1mico conden\u00f3 a muerte por blasfemia en agosto de 2020. La corte de apelaci\u00f3n de la ciudad de Kano omiti\u00f3 el recurso presentado por [&hellip;]<\/p>\n","protected":false},"author":249,"featured_media":29013,"comment_status":"open","ping_status":"closed","sticky":false,"template":"","format":"standard","meta":{"footnotes":""},"categories":[26],"tags":[],"class_list":["post-29012","post","type-post","status-publish","format-standard","has-post-thumbnail","hentry","category-mundo"],"_links":{"self":[{"href":"https:\/\/eloficiodehistoriar.com.mx\/index.php?rest_route=\/wp\/v2\/posts\/29012","targetHints":{"allow":["GET"]}}],"collection":[{"href":"https:\/\/eloficiodehistoriar.com.mx\/index.php?rest_route=\/wp\/v2\/posts"}],"about":[{"href":"https:\/\/eloficiodehistoriar.com.mx\/index.php?rest_route=\/wp\/v2\/types\/post"}],"author":[{"embeddable":true,"href":"https:\/\/eloficiodehistoriar.com.mx\/index.php?rest_route=\/wp\/v2\/users\/249"}],"replies":[{"embeddable":true,"href":"https:\/\/eloficiodehistoriar.com.mx\/index.php?rest_route=%2Fwp%2Fv2%2Fcomments&post=29012"}],"version-history":[{"count":1,"href":"https:\/\/eloficiodehistoriar.com.mx\/index.php?rest_route=\/wp\/v2\/posts\/29012\/revisions"}],"predecessor-version":[{"id":29014,"href":"https:\/\/eloficiodehistoriar.com.mx\/index.php?rest_route=\/wp\/v2\/posts\/29012\/revisions\/29014"}],"wp:featuredmedia":[{"embeddable":true,"href":"https:\/\/eloficiodehistoriar.com.mx\/index.php?rest_route=\/wp\/v2\/media\/29013"}],"wp:attachment":[{"href":"https:\/\/eloficiodehistoriar.com.mx\/index.php?rest_route=%2Fwp%2Fv2%2Fmedia&parent=29012"}],"wp:term":[{"taxonomy":"category","embeddable":true,"href":"https:\/\/eloficiodehistoriar.com.mx\/index.php?rest_route=%2Fwp%2Fv2%2Fcategories&post=29012"},{"taxonomy":"post_tag","embeddable":true,"href":"https:\/\/eloficiodehistoriar.com.mx\/index.php?rest_route=%2Fwp%2Fv2%2Ftags&post=29012"}],"curies":[{"name":"wp","href":"https:\/\/api.w.org\/{rel}","templated":true}]}}