{"id":29018,"date":"2022-08-18T09:09:45","date_gmt":"2022-08-18T15:09:45","guid":{"rendered":"https:\/\/eloficiodehistoriar.com.mx\/?p=29018"},"modified":"2022-08-18T09:09:45","modified_gmt":"2022-08-18T15:09:45","slug":"el-ultimo-tlatoani-aborda-el-tema-de-los-restos-de-cuauhtemoc-pablo-jato-escribio-el-guion-y-dirigio-la-cinta","status":"publish","type":"post","link":"https:\/\/eloficiodehistoriar.com.mx\/?p=29018","title":{"rendered":"El \u00faltimo tlatoani\u00a0aborda el tema de los restos de Cuauht\u00e9moc, Pablo Jato escribi\u00f3 el guion y dirigi\u00f3 la cinta"},"content":{"rendered":"<div id=\"article-cont\" class=\"main-cont article-cont actuality\">\n<div class=\"cabeza\"><em>El \u00faltimo tlatoani<\/em>\u00a0aborda el pol\u00e9mico tema de los restos de Cuauht\u00e9moc en Ixcateopan<\/div>\n<div class=\"sumarios\">\n<p>Pablo Jato escribi\u00f3 el guion y dirigi\u00f3 la cinta<\/p>\n<p>Seg\u00fan los pobladores, fueron depositados en una iglesia del siglo XVI despu\u00e9s de deambular por varios sitios<\/p>\n<\/div>\n<div id=\"article-text\" class=\"text\">\n<div class=\"foto\">\n<div class=\"pie-foto\">Documental, que se exhibi\u00f3 en la sala Julio Bracho de la UNAM.<\/div>\n<div><\/div>\n<\/div>\n<div class=\"col col1\">\n<div class=\"credito-autor\">Ana M\u00f3nica Rodr\u00edguez<\/div>\n<div class=\"credito-titulo\"><\/div>\n<div class=\"hemero\">La Jornada<\/p>\n<\/div>\n<p class=\"s-s\">En Ixcateopan, Guerrero, de calles empedradas con m\u00e1rmol blanco, donde no existen bancos, casi no hay se\u00f1al de Internet y el narcotr\u00e1fico golpea, los pobladores veneran y resguardan\u00a0<q>los restos de Cuauht\u00e9moc<\/q>, el \u00faltimo emperador mexica.<\/p>\n<p>En el documental\u00a0<em>El \u00faltimo tlatoani,<\/em>\u00a0con guion y direcci\u00f3n de Pablo Jato, que se estren\u00f3 el mi\u00e9rcoles en la sala Julio Bracho del Centro Cultural Universitario, de la Universidad Nacional Aut\u00f3noma de M\u00e9xico, se recrea la historia del hijo del rey Ahu\u00edzotl, de quien se dice, fue enterrado \u2013tras un largo deambular por el pa\u00eds\u2013 en ese poblado, donde naci\u00f3, seg\u00fan afirman los habitantes.<\/p>\n<p><q>En una iglesia del siglo XVI, despojada de todo s\u00edmbolo religioso, reposan los \u00fanicos restos conocidos de un tlatoani, del \u00faltimo<\/q>, se menciona en el documental. De hecho, cada febrero, desde hace m\u00e1s de 40 a\u00f1os, llegan a Ixcateopan de Cuauht\u00e9moc miles de danzantes provenientes de diferentes lugares del pa\u00eds y del extranjero para rendir homenaje al \u00faltimo emperador de Tenochtitlan con emotivas ceremonias.<\/p>\n<p>Los supuestos restos \u00f3seos de Cuauht\u00e9moc han sido objeto de pol\u00e9mica y se ha descartado su autenticidad tras diversos estudios y el dictamen de tres comisiones, luego de que fueron descubiertos por un equipo encabezado por la arque\u00f3loga Eulalia Guzm\u00e1n, el 26 de septiembre de 1949, en la iglesia de Santa Mar\u00eda de la Asunci\u00f3n. La cient\u00edfica hasta su muerte sostuvo que los huesos eran del \u00faltimo rey mexica.<\/p>\n<p>En entrevista, Jato se\u00f1al\u00f3 que la historia surgi\u00f3 de manera inesperada, pues lleg\u00f3 a Ixcateopan\u00a0<q>a documentar un proyecto piloto de un equipo de siqui\u00e1tras y sic\u00f3logos para tratar la salud mental de los pueblos que hab\u00edan sufrido violencia. Ixcateopan fue elegido por sus altos \u00edndices de violencia<\/q>.<\/p>\n<p>En ese recorrido, el cineasta observ\u00f3 los restos \u00f3seos en la iglesia y pregunt\u00f3 a los pobladores acerca de ellos. \u00c9stos le contaron que ah\u00ed yac\u00eda Cuauht\u00e9moc.\u00a0<q>Rasqu\u00e9 y hall\u00e9 elementos para contar una historia; trat\u00e9 de hacer un pel\u00edcula tranquila, r\u00e9lax, hist\u00f3rica, pero el tema result\u00f3 m\u00e1s profundo de lo que parec\u00eda<\/q>, cont\u00f3.<\/p>\n<p class=\"sumario\">Reuni\u00f3n de datos<\/p>\n<p class=\"s-s\">Incluso, agreg\u00f3,\u00a0<q>cuando llegu\u00e9 a los archivos del Instituto Nacional de Antropolog\u00eda e Historia (INAH), me dijeron que era el primero que llegaba a consultar ese material<\/q>. Adem\u00e1s de revisar los documentos que hab\u00eda en m\u00e1s de 50 cajas, entrevist\u00f3 a varios de los pobladores y acad\u00e9micos, y recurri\u00f3 a material hemerogr\u00e1fico y bibliogr\u00e1fico. Sin embargo, no consigui\u00f3 entrevistar al arque\u00f3logo Eduardo Matos Moctezuma, pues\u00a0<q>no habla sobre este tema<\/q>.<\/p>\n<\/div>\n<div class=\"col col2\">\n<p>Precis\u00f3:\u00a0<q>En realidad, son tres historias distintas que giran en un mismo eje; por un lado, est\u00e1 la de c\u00f3mo llegaron al poblado los restos de Cuauht\u00e9moc, porque estuvieron escondidos, los llevaban de un lado a otro del pa\u00eds, los enterraban y desenterraban, y al final, yacen en Ixcateopan, donde supuestamente es su lugar de nacimiento<\/q>.<\/p>\n<p class=\"sumario\">Secreto guardado durante 500 a\u00f1os<\/p>\n<p class=\"s-s\">Las dos otras historias tienen que ver, a\u00f1adi\u00f3 Jato,\u00a0<q>en torno al secreto guardado durante 500 a\u00f1os sobre el lugar donde estaba la osamenta, as\u00ed como lo relacionado con la maestra Eulalia Guzm\u00e1n, a quien desde que descubri\u00f3 el entierro pr\u00e1cticamente le fue destruida su carrera y la dejaron en el olvido<\/q>.<\/p>\n<p>Acerca del guion, coment\u00f3:\u00a0<q>Se modificaba a cada rato, era casi imposible terminarlo, pues cada vez que abr\u00edamos una caja, ve\u00edamos un documento o le\u00edamos una carta descubr\u00edamos un dato nuevo, el cual cambiaba todo. De hecho, existen muchas inc\u00f3gnitas sobre el tema, adem\u00e1s de que nos encontramos con muchas piedras en el camino<\/q>.<\/p>\n<p>En el estreno de\u00a0<em>El \u00faltimo tlatoani,<\/em>\u00a0Pablo Jato encabez\u00f3 una entrega simb\u00f3lica de la pel\u00edcula a representantes de los pueblos ind\u00edgenas para que la puedan proyectar con fines educativos.\u00a0<q>Ellos han tomado el documental como estandarte y est\u00e1n contentos de que por fin exista una pel\u00edcula que cuente lo relacionado a este tema, que tienen metido en el alma<\/q>.<\/p>\n<p>Esta pel\u00edcula, realizada de manera independiente, espera que le abran las puertas en otros recintos y espacios para su exhibici\u00f3n, concluy\u00f3 el cienasta.<\/p>\n<p><em>El \u00faltimo tlatoani<\/em>\u00a0ha recibido galardones en varios festivales, como el Internacional de Cine Ind\u00edgena Quetzalc\u00f3atl, en el que fue galardonado como mejor largometraje; el Port Blair International, en el que fue reconocido como mejor documental, as\u00ed como en los premios Liberty, en los que gan\u00f3 como mejor documental en espa\u00f1ol.<\/p>\n<\/div>\n<\/div>\n<div class=\"go gui\">\n<div class=\"go-up\"><\/div>\n<\/div>\n<\/div>\n<div id=\"taboola-below-content-thumbnails\" class=\" trc_related_container trc_spotlight_widget tbl-feed-container tbl-feed-frame-DIVIDER  render-late-effect\" data-feed-container-num=\"1\" data-feed-main-container-id=\"taboola-below-content-thumbnails\" data-parent-placement-name=\"Below Content Thumbnails\" data-pub-lang=\"es\">\n<div class=\" tbl-feed-header tbl-logo-right-position\">\n<div class=\"tbl-feed-header-logo\"><\/div>\n<\/div>\n<\/div>\n","protected":false},"excerpt":{"rendered":"<p>El \u00faltimo tlatoani\u00a0aborda el pol\u00e9mico tema de los restos de Cuauht\u00e9moc en Ixcateopan Pablo Jato escribi\u00f3 el guion y dirigi\u00f3 la cinta Seg\u00fan los pobladores, fueron depositados en una iglesia del siglo XVI despu\u00e9s de deambular por varios sitios Documental, que se exhibi\u00f3 en la sala Julio Bracho de la UNAM. Ana M\u00f3nica Rodr\u00edguez La [&hellip;]<\/p>\n","protected":false},"author":249,"featured_media":29019,"comment_status":"open","ping_status":"closed","sticky":false,"template":"","format":"standard","meta":{"footnotes":""},"categories":[26],"tags":[],"class_list":["post-29018","post","type-post","status-publish","format-standard","has-post-thumbnail","hentry","category-mundo"],"_links":{"self":[{"href":"https:\/\/eloficiodehistoriar.com.mx\/index.php?rest_route=\/wp\/v2\/posts\/29018","targetHints":{"allow":["GET"]}}],"collection":[{"href":"https:\/\/eloficiodehistoriar.com.mx\/index.php?rest_route=\/wp\/v2\/posts"}],"about":[{"href":"https:\/\/eloficiodehistoriar.com.mx\/index.php?rest_route=\/wp\/v2\/types\/post"}],"author":[{"embeddable":true,"href":"https:\/\/eloficiodehistoriar.com.mx\/index.php?rest_route=\/wp\/v2\/users\/249"}],"replies":[{"embeddable":true,"href":"https:\/\/eloficiodehistoriar.com.mx\/index.php?rest_route=%2Fwp%2Fv2%2Fcomments&post=29018"}],"version-history":[{"count":1,"href":"https:\/\/eloficiodehistoriar.com.mx\/index.php?rest_route=\/wp\/v2\/posts\/29018\/revisions"}],"predecessor-version":[{"id":29020,"href":"https:\/\/eloficiodehistoriar.com.mx\/index.php?rest_route=\/wp\/v2\/posts\/29018\/revisions\/29020"}],"wp:featuredmedia":[{"embeddable":true,"href":"https:\/\/eloficiodehistoriar.com.mx\/index.php?rest_route=\/wp\/v2\/media\/29019"}],"wp:attachment":[{"href":"https:\/\/eloficiodehistoriar.com.mx\/index.php?rest_route=%2Fwp%2Fv2%2Fmedia&parent=29018"}],"wp:term":[{"taxonomy":"category","embeddable":true,"href":"https:\/\/eloficiodehistoriar.com.mx\/index.php?rest_route=%2Fwp%2Fv2%2Fcategories&post=29018"},{"taxonomy":"post_tag","embeddable":true,"href":"https:\/\/eloficiodehistoriar.com.mx\/index.php?rest_route=%2Fwp%2Fv2%2Ftags&post=29018"}],"curies":[{"name":"wp","href":"https:\/\/api.w.org\/{rel}","templated":true}]}}