{"id":29021,"date":"2022-08-18T09:16:00","date_gmt":"2022-08-18T15:16:00","guid":{"rendered":"https:\/\/eloficiodehistoriar.com.mx\/?p=29021"},"modified":"2022-08-18T09:16:37","modified_gmt":"2022-08-18T15:16:37","slug":"29021","status":"publish","type":"post","link":"https:\/\/eloficiodehistoriar.com.mx\/?p=29021","title":{"rendered":"Xalapa es sede del Amores Fest: Teatro LGBT+; Fechas y actividades de encuentro"},"content":{"rendered":"<div>\n<h1 class=\"title\">Xalapa es sede del Amores Fest:<\/h1>\n<h1 class=\"title\">Teatro LGBT+;<\/h1>\n<h1 class=\"title\">Fechas y actividades de encuentro<\/h1>\n<\/div>\n<h3 class=\"subtitle\">Ser\u00e1 del 3 al 11 de septiembre en tres foros con teatro, conciertos, espect\u00e1culos de stand up y drag queen<\/h3>\n<div class=\"lead-gallery \">\n<div class=\"teaser owl-carousel owl-theme\">\n<div class=\"owl-wrapper-outer\">\n<div class=\"owl-wrapper\">\n<div class=\"owl-item\">\n<div class=\"img-container picture\">\n<div id=\"standard_1\" class=\"st-placement standard_1 inImage\">\n<div class=\"st-adunit st-adunit-tagged st-reset st-show\">Aspecto de la obra El ed\u00e9n de las musas<\/div>\n<\/div>\n<\/div>\n<\/div>\n<\/div>\n<\/div>\n<\/div>\n<\/div>\n<div id=\"affix-share\" class=\"sharing-menu affix\">\n<ul>\n<li>Maribel S\u00e1nchez<\/li>\n<li>Diario de Xalapa<\/li>\n<\/ul>\n<\/div>\n<div class=\"content-body clearfix \">\n<div id=\"content-body-225-8756477\">\n<p><i>Con el objetivo de contribuir desde el arte a promover el respeto y el avance en los derechos humanos de la comunidad de la diversidad sexual,\u00a0<b>Xalapa ser\u00e1 sede del primer Amores Fest: Teatro LGBT+.<\/b><\/i><\/p>\n<p><i>El encuentro nacional reunir\u00e1 a artistas de seis entidades del pa\u00eds y se desarrollar\u00e1 del 3 al 11 de septiembre en tres foros, donde habr\u00e1 obras de teatro, conciertos,\u00a0<b>espect\u00e1culos de \u00abstand up\u00bb y \u201cdrag queen\u201d.<\/b><\/i><\/p>\n<\/div>\n<\/div>\n<div class=\"advertisment \"><\/div>\n<article class=\"content-continued-body clearfix \">\n<div id=\"content-body-5851641-8756477\">\n<ul>\n<li><b><\/b><\/li>\n<\/ul>\n<article class=\"cultura media col-md-4 inline-story \">\n<div class=\"teaser \">\n<p class=\"kicker \">En otras actividades especiales sobresale la participaci\u00f3n del <b>Ballet Folkl\u00f3rico Incluyente Tri\u00e1ngulo Rosa<\/b>. Originario de Puebla, est\u00e1 compuesto por 15 personas\u00a0<b>gays, cis\/trans,<\/b>\u00a0agrupadas para expresar libremente sus emociones.<\/p>\n<\/div>\n<\/article>\n<p>En entrevista, el director art\u00edstico Tony Ortiz expone que la idea del Festival es de la compa\u00f1\u00eda Epitafio Producciones, que en a\u00f1os anteriores ya hab\u00eda presentado teatro con temas de la comunidad de la diversidad sexual.<\/p>\n<p><b><span class=\"quote\">Es muy importante que el p\u00fablico vea este teatro porque en la televisi\u00f3n hay mucha representatividad, cuando en la realidad las situaciones son distintas. A\u00fan hay mucho por hacer<\/span><\/b><\/p>\n<p><i>Al respecto apunta que todo ha sido cuidado y respetuoso. De 50 propuestas presentadas, solo 10 del Estado de M\u00e9xico, Baja California, Yucat\u00e1n, Jalisco, Puebla y Veracruz fueron las seleccionadas.<\/i><\/p>\n<p><b>\u201cLa curadur\u00eda se centr\u00f3 en trabajos de calidad art\u00edstica y con una mirada muy humana. Se podr\u00eda optar por lo irrespetuoso, lo que hace re\u00edr, pero eso es lo que ya no debe existir\u201d.<\/b><\/p>\n<p>Compartir un mensaje de tolerancia y de respeto a las dem\u00e1s personas, orientaciones e identidades es algo impl\u00edcito es las puestas en escena, indica el actor y cantante.<\/p>\n<p><b>\u201cEs una iniciativa independiente y hay muchos gastos, pero las compa\u00f1\u00edas se han sumado de manera generosa con la convicci\u00f3n de que s\u00ed habr\u00e1 resultados grandes. El respeto es un punto clave para vivir en sociedad y avanzar\u201d.<\/b><\/p>\n<h2><b>\u00bfCu\u00e1ndo ser\u00e1n las funciones?<\/b><\/h2>\n<p><i>Las funciones ser\u00e1n a las 19 horas el 3, 4 y 8 de septiembre, en el Teatro J.J. Herrera; 5 y 7, en Casa 13, y 9, 10 y 11, en Teatro La Caja de la UV.<\/i><\/p>\n<ul>\n<li><b>Vuelve a leer:<\/b>\u00a0<b><a href=\"https:\/\/www.diariodexalapa.com.mx\/cultura\/donde-se-puede-visitar-la-galeria-fumata-negra-en-xalapa-8709443.html\" target=\"_blank\" rel=\"Follow noopener\">Crean galer\u00eda xalape\u00f1a itinerante para reivindicar el dibujo; descubre d\u00f3nde puedes visitarla<\/a><\/b><\/li>\n<\/ul>\n<p><b>Especial invitaci\u00f3n hay para el espect\u00e1culo de \u00abstand up\u00bb para adolescentes y adultos con Alex Dore, quien hablar\u00e1 de amores diversos; un concierto con m\u00fasicos independientes de la ciudad, y la presentaci\u00f3n del Ballet Tri\u00e1ngulo Rosa.<\/b><\/p>\n<p>La mayor\u00eda de las presentaciones son de aportaci\u00f3n voluntaria y otras s\u00ed tendr\u00e1n una cuota simb\u00f3lica para ayudar a las compa\u00f1\u00edas for\u00e1neas. Para solicitar el programa se sugiere enviar mensaje al 22 88 45 40 21 o visitar\u00a0<b><a href=\"https:\/\/www.facebook.com\/epitafioproducciones13\" target=\"_blank\" rel=\"Follow noopener\">Facebook Epitafio Producciones 13.<\/a><\/b><\/p>\n<\/div>\n<\/article>\n","protected":false},"excerpt":{"rendered":"<p>Xalapa es sede del Amores Fest: Teatro LGBT+; Fechas y actividades de encuentro Ser\u00e1 del 3 al 11 de septiembre en tres foros con teatro, conciertos, espect\u00e1culos de stand up y drag queen Aspecto de la obra El ed\u00e9n de las musas Maribel S\u00e1nchez Diario de Xalapa Con el objetivo de contribuir desde el arte [&hellip;]<\/p>\n","protected":false},"author":249,"featured_media":29022,"comment_status":"open","ping_status":"closed","sticky":false,"template":"","format":"standard","meta":{"footnotes":""},"categories":[26],"tags":[],"class_list":["post-29021","post","type-post","status-publish","format-standard","has-post-thumbnail","hentry","category-mundo"],"_links":{"self":[{"href":"https:\/\/eloficiodehistoriar.com.mx\/index.php?rest_route=\/wp\/v2\/posts\/29021","targetHints":{"allow":["GET"]}}],"collection":[{"href":"https:\/\/eloficiodehistoriar.com.mx\/index.php?rest_route=\/wp\/v2\/posts"}],"about":[{"href":"https:\/\/eloficiodehistoriar.com.mx\/index.php?rest_route=\/wp\/v2\/types\/post"}],"author":[{"embeddable":true,"href":"https:\/\/eloficiodehistoriar.com.mx\/index.php?rest_route=\/wp\/v2\/users\/249"}],"replies":[{"embeddable":true,"href":"https:\/\/eloficiodehistoriar.com.mx\/index.php?rest_route=%2Fwp%2Fv2%2Fcomments&post=29021"}],"version-history":[{"count":2,"href":"https:\/\/eloficiodehistoriar.com.mx\/index.php?rest_route=\/wp\/v2\/posts\/29021\/revisions"}],"predecessor-version":[{"id":29024,"href":"https:\/\/eloficiodehistoriar.com.mx\/index.php?rest_route=\/wp\/v2\/posts\/29021\/revisions\/29024"}],"wp:featuredmedia":[{"embeddable":true,"href":"https:\/\/eloficiodehistoriar.com.mx\/index.php?rest_route=\/wp\/v2\/media\/29022"}],"wp:attachment":[{"href":"https:\/\/eloficiodehistoriar.com.mx\/index.php?rest_route=%2Fwp%2Fv2%2Fmedia&parent=29021"}],"wp:term":[{"taxonomy":"category","embeddable":true,"href":"https:\/\/eloficiodehistoriar.com.mx\/index.php?rest_route=%2Fwp%2Fv2%2Fcategories&post=29021"},{"taxonomy":"post_tag","embeddable":true,"href":"https:\/\/eloficiodehistoriar.com.mx\/index.php?rest_route=%2Fwp%2Fv2%2Ftags&post=29021"}],"curies":[{"name":"wp","href":"https:\/\/api.w.org\/{rel}","templated":true}]}}