{"id":29026,"date":"2022-08-19T15:05:43","date_gmt":"2022-08-19T21:05:43","guid":{"rendered":"https:\/\/eloficiodehistoriar.com.mx\/?p=29026"},"modified":"2022-08-19T15:07:08","modified_gmt":"2022-08-19T21:07:08","slug":"el-caso-ayotzinapa-fue-un-crimen-de-estado-con-un-encubrimiento-al-mas-alto-nivel","status":"publish","type":"post","link":"https:\/\/eloficiodehistoriar.com.mx\/?p=29026","title":{"rendered":"El caso Ayotzinapa \u201cfue un crimen de Estado\u201d con \u201cun encubrimiento al m\u00e1s alto nivel\u201d"},"content":{"rendered":"<div class=\"underline\"><\/div>\n<div class=\"article-time\"><span class=\"time-pill\"><i class=\"fas fa-clock\"><\/i>\u00a0<\/span>En el caso Ayotzinapa \u00abse encubri\u00f3 al m\u00e1s alto nivel\u00bb<\/div>\n<div><\/div>\n<div class=\"article-info\"><a class=\"author\" href=\"https:\/\/www.jornada.com.mx\/author\/emir-olivares-y-jessica-xantomila.html\">Emir Olivares y Jessica Xantomila<\/a><\/div>\n<div><\/div>\n<div class=\"article-info\"><em>Ciudad de M\u00e9xico.<\/em><\/div>\n<div><\/div>\n<div class=\"article-info\">El caso Ayotzinapa \u201cfue un crimen de Estado\u201d con \u201cun encubrimiento al m\u00e1s alto nivel\u201d y a casi ocho a\u00f1os de los hechos no hay indicios para afirmar que los 43 normalistas desaparecidos est\u00e9n vivos.<\/div>\n<div class=\"article-row\">\n<div class=\"article-main\">\n<div class=\"row\">\n<div id=\"article-content-tts\" class=\"article-content ljn-nota-contenido\">\n<div id=\"content_nitf\">\n<div class=\"teads-adCall\"><\/div>\n<p>Esas son las conclusiones preliminares del informe de la Comisi\u00f3n para la Verdad y el Acceso a la Justicia en el Caso Ayotzinapa, que se present\u00f3 ayer en Palacio Nacional, primero a las familias, en presencia del presidente Andr\u00e9s Manuel L\u00f3pez Obrador, y posteriormente ante la opini\u00f3n p\u00fablica.<\/p>\n<p>Los avances remarcan que entre la noche del 26 y la madrugada del 27 de septiembre de 2014 en Iguala, Guerrero, autoridades federales y locales conocieron en tiempo real la situaci\u00f3n, por lo que pudieron haber actuado para impedir la \u201cdesaparici\u00f3n y asesinato\u201d de los estudiantes perpetrados por\u00a0<em>Guerreros Unidos<\/em>. Incluso, si el Ej\u00e9rcito hubiera intervenido los habr\u00eda salvado, enfatiza el reporte, el cual puede consultarse en la p\u00e1gina del gobierno de M\u00e9xico y de Gobernaci\u00f3n.<\/p>\n<p>\u201cNo hay indicio alguno de que los estudiantes se encuentren con vida; todos los testimonios y evidencias acreditan que fueron arteramente ultimados y desaparecidos\u201d, enfatiz\u00f3 el subsecretario de Derechos Humanos de Gobernaci\u00f3n, Alejandro Encinas, quien preside la comisi\u00f3n investigadora, creada por orden de L\u00f3pez Obrador.<\/p>\n<p>El asunto provoc\u00f3 y sigue causando indignaci\u00f3n nacional e internacional, por los abusos a derechos humanos y la impunidad ante los cr\u00edmenes. Fue el m\u00e1s duro impacto a la pasada administraci\u00f3n federal encabezada por Enrique Pe\u00f1a Nieto.<\/p>\n<p>El informe presentado por Encinas da cuenta de que la Marina vol\u00f3 drones en la zona con los que se pudo determinar lo sucedido; adem\u00e1s, la Sedena ten\u00eda un elemento infiltrado en la normal de Ayotzinapa, quien es uno de los 43 desaparecidos.<\/p>\n<p>\u201cLa Sedena ten\u00eda dentro de la normal al soldado Julio C\u00e9sar L\u00f3pez Patolzin, quien estaba realizando informes para la secretar\u00eda en la escuela, era el responsable de informar lo que acontec\u00eda en las asambleas y de las movilizaciones, e incluso estaba informado de los actos preparatorios de la marcha de 2 de octubre\u201d, para lo cual la escuela de Ayotzinapa hab\u00eda sido comisionada con el fin de hacerse de los autobuses en los que normalistas de diversas instituciones se trasladar\u00edan a la Ciudad de M\u00e9xico.<\/p>\n<p>Encinas agreg\u00f3 que este militar infiltrado estaba bajo el mando del teniente de infanter\u00eda Marcos Mac\u00eda Barbosa, del 27 Batall\u00f3n.<\/p>\n<p>\u201cSu \u00faltimo reporte fue al filo de las 10 de la ma\u00f1ana de ese d\u00eda y desapareci\u00f3, junto con los otros estudiantes, sin que sus mandos hicieran ninguna acci\u00f3n para garantizar su integridad y su b\u00fasqueda, como lo establece el protocolo para militares desaparecidos, que, de haberse aplicado, hubiera permitido no solamente proteger la integridad y buscar al soldado L\u00f3pez Patolzin, sino a todos los estudiantes.\u201d<\/p>\n<p>El funcionario remarc\u00f3 que las autoridades supieron desde la salida de los estudiantes de la normal hasta el momento que se dio la orden de desaparici\u00f3n, a las 22:45 horas del 26 de septiembre de 2014.<\/p>\n<p>\u201cTodas las autoridades federales, estatales y municipales estuvieron informadas de la\u00a0<em>toma<\/em>\u00a0de camiones, del traslado de estudiantes a Iguala, de su llegada al Rancho del Cura y a la caseta de Iguala, su arribo a la central de autobuses, de los hechos de persecuci\u00f3n y de violencia de que fueron objeto, lo cual las omisiones en las que incurri\u00f3 estas autoridades acreditan un nivel de responsabilidad, ya sea por acci\u00f3n, omisi\u00f3n o negligencia, porque de haber intervenido oportunamente, con la informaci\u00f3n que dispon\u00edan, se hubiera impedido la desaparici\u00f3n y asesinato de los estudiantes\u201d.<\/p>\n<p>Con la revisi\u00f3n y an\u00e1lisis de todos los elementos \u2013entre ellos expedientes, registros telef\u00f3nicos y de mensajer\u00eda, testimonios, archivos del Ej\u00e9rcito y otras corporaciones, videograbaciones, entras otras\u2013 \u201cse acredita plenamente la colusi\u00f3n de autoridades de distintos \u00f3rdenes de gobierno, como los polic\u00edas municipales de Iguala, Cocula, Huiztuco Tetecuacuilco, con\u00a0<em>Guerreros Unidos<\/em>\u00a0para llevar a cabo la desaparici\u00f3n de los muchachos\u201d. Asever\u00f3 que la investigaci\u00f3n no ha concluido y que paralelamente la Unidad Especial de Investigaci\u00f3n y Litigaci\u00f3n para el caso de la FGR realiza las indagatorias correspondientes.<\/p>\n<p>\u201cEstos son avances de investigaci\u00f3n, estamos conscientes de que a\u00fan tenemos una tarea larga por delante. No estamos cerrando las pesquisas, sino que contin\u00faan hasta que encontremos toda la verdad, encontremos a los muchachos y se castigue a los responsables.\u201d<\/p>\n<h2>Buscan que Tomas Zer\u00f3n sea testigo colaborador<\/h2>\n<p>Encinas indic\u00f3 que el gobierno federal y la FGR tuvieron acercamientos con los abogados de Tom\u00e1s Zer\u00f3n de Lucio \u2013quien en aquel a\u00f1o era el titular de la Agencia de Investigaci\u00f3n Criminal de la extinta Procuradur\u00eda General de la Rep\u00fablica y el cerebro de la llamada\u00a0<em>verdad hist\u00f3rica<\/em>\u2013, hoy pr\u00f3fugo de la justicia y quien se encuentra en Israel, a fin de tener un acercamiento para proponerle su colaboraci\u00f3n con beneficios de ley.<\/p>\n<p>Se pudo realizar en encuentro virtual con el ex funcionario, autoridades de justicia mexicanas e integrantes de la comisi\u00f3n los pasados 16 y 17 de febrero. \u201cSe le ofreci\u00f3 un criterio de oportunidad que no acept\u00f3. Pero hemos mantenido comunicaci\u00f3n con sus abogados para esperar que pronto pueda avanzar un acuerdo de colaboraci\u00f3n, no esperar al proceso de extradici\u00f3n \u2013reclamado por M\u00e9xico\u2013 y se allane a legislaci\u00f3n mexicana para encarar los delitos de los que se le acusa y en caso de colaboraci\u00f3n eficaz tener alg\u00fan beneficio de ley\u201d, remarc\u00f3 Encinas.<\/p>\n<p>\u201cLamentablemente en este proceso han fallecido o han sido\u00a0<em>ejecutadas<\/em>\u00a026 personas claves. De estas personas, 14 eran integrantes de\u00a0<em>Guerreros Unidos<\/em>, tres familiares de miembros de esa organizaci\u00f3n criminal, dos de (otro grupo delictivo)\u00a0<em>Gente Nueva<\/em>, siete testigos o involucrados, entre ellos activistas, funcionarios, pol\u00edticos y gente que ven\u00eda proporcionando informaci\u00f3n, como Mario Casarrubias Salgado, que encabezada\u00a0<em>Guerreros Unidos<\/em>\u00a0y hab\u00eda iniciado colaboraci\u00f3n con esta Comisi\u00f3n\u201d, agreg\u00f3.<\/p>\n<\/div>\n<\/div>\n<\/div>\n<\/div>\n<\/div>\n","protected":false},"excerpt":{"rendered":"<p>\u00a0En el caso Ayotzinapa \u00abse encubri\u00f3 al m\u00e1s alto nivel\u00bb Emir Olivares y Jessica Xantomila Ciudad de M\u00e9xico. El caso Ayotzinapa \u201cfue un crimen de Estado\u201d con \u201cun encubrimiento al m\u00e1s alto nivel\u201d y a casi ocho a\u00f1os de los hechos no hay indicios para afirmar que los 43 normalistas desaparecidos est\u00e9n vivos. Esas son [&hellip;]<\/p>\n","protected":false},"author":249,"featured_media":29027,"comment_status":"open","ping_status":"closed","sticky":false,"template":"","format":"standard","meta":{"footnotes":""},"categories":[26],"tags":[],"class_list":["post-29026","post","type-post","status-publish","format-standard","has-post-thumbnail","hentry","category-mundo"],"_links":{"self":[{"href":"https:\/\/eloficiodehistoriar.com.mx\/index.php?rest_route=\/wp\/v2\/posts\/29026","targetHints":{"allow":["GET"]}}],"collection":[{"href":"https:\/\/eloficiodehistoriar.com.mx\/index.php?rest_route=\/wp\/v2\/posts"}],"about":[{"href":"https:\/\/eloficiodehistoriar.com.mx\/index.php?rest_route=\/wp\/v2\/types\/post"}],"author":[{"embeddable":true,"href":"https:\/\/eloficiodehistoriar.com.mx\/index.php?rest_route=\/wp\/v2\/users\/249"}],"replies":[{"embeddable":true,"href":"https:\/\/eloficiodehistoriar.com.mx\/index.php?rest_route=%2Fwp%2Fv2%2Fcomments&post=29026"}],"version-history":[{"count":3,"href":"https:\/\/eloficiodehistoriar.com.mx\/index.php?rest_route=\/wp\/v2\/posts\/29026\/revisions"}],"predecessor-version":[{"id":29030,"href":"https:\/\/eloficiodehistoriar.com.mx\/index.php?rest_route=\/wp\/v2\/posts\/29026\/revisions\/29030"}],"wp:featuredmedia":[{"embeddable":true,"href":"https:\/\/eloficiodehistoriar.com.mx\/index.php?rest_route=\/wp\/v2\/media\/29027"}],"wp:attachment":[{"href":"https:\/\/eloficiodehistoriar.com.mx\/index.php?rest_route=%2Fwp%2Fv2%2Fmedia&parent=29026"}],"wp:term":[{"taxonomy":"category","embeddable":true,"href":"https:\/\/eloficiodehistoriar.com.mx\/index.php?rest_route=%2Fwp%2Fv2%2Fcategories&post=29026"},{"taxonomy":"post_tag","embeddable":true,"href":"https:\/\/eloficiodehistoriar.com.mx\/index.php?rest_route=%2Fwp%2Fv2%2Ftags&post=29026"}],"curies":[{"name":"wp","href":"https:\/\/api.w.org\/{rel}","templated":true}]}}