{"id":29031,"date":"2022-08-19T15:15:23","date_gmt":"2022-08-19T21:15:23","guid":{"rendered":"https:\/\/eloficiodehistoriar.com.mx\/?p=29031"},"modified":"2022-08-19T15:15:23","modified_gmt":"2022-08-19T21:15:23","slug":"la-investigacion-cuatro-anos-es-indicativo-del-espesor-de-la-red-de-complicidades","status":"publish","type":"post","link":"https:\/\/eloficiodehistoriar.com.mx\/?p=29031","title":{"rendered":"La investigaci\u00f3n \u2013 cuatro a\u00f1os\u2013 es indicativo del espesor de la red de complicidades"},"content":{"rendered":"<div id=\"article-cont\" class=\"main-cont article-cont analysis\">\n<div class=\"cabeza\">Iguala: la dif\u00edcil verdad y la f\u00e1cil mentira<\/div>\n<div class=\"sumarios\"><\/div>\n<div class=\"credito-articulo\">Pedro Miguel<\/div>\n<div><\/div>\n<div id=\"article-text\" class=\"text\">\n<div class=\"col col1\">\n<div class=\"inicial\">El informe del subsecretario\u00a0Alejandro Encinas devela lo que realmente ocurri\u00f3 en las calles de Iguala la noche del 26 de septiembre de 2014 y en las semanas, meses y a\u00f1os siguientes. Y no fue precisamente un mero acto de connivencia de bajo nivel entre autoridades municipales y un grupito especialmente violento de narcos, como pretendi\u00f3 hacerlo creer el gobierno de Enrique Pe\u00f1a Nieto, sino una omisi\u00f3n criminal en los tres niveles de gobierno seguida por una persistente voluntad de encubrimiento que dur\u00f3 hasta el 30 de noviembre de 2018 y que incluso ha permanecido despu\u00e9s de esa fecha en estratos inferiores de la administraci\u00f3n y en grupos e individuos ya ajenos a ella. Y hace falta saber m\u00e1s.<\/div>\n<p>El tiempo transcurrido para avanzar en esta investigaci\u00f3n \u2013casi cuatro a\u00f1os\u2013 es indicativo del espesor de la red de complicidades que ha sido necesario desenmara\u00f1ar para llegar hasta este resultado que, claramente, no es el final. Y este cuatrienio contrasta con la celeridad \u2013seis semanas\u2013 con que el procurador pe\u00f1ista, Jes\u00fas Murillo Karam, urdi\u00f3 una\u00a0<q>verdad hist\u00f3rica<\/q>\u00a0cuya verosimilitud naufrag\u00f3 desde el momento mismo en que la present\u00f3 en una sonada conferencia de prensa, el 7 de noviembre de 2014, en la que dio pie a una destacada y descarada participaci\u00f3n de Tom\u00e1s Zer\u00f3n de Lucio, el polic\u00eda hoy pr\u00f3fugo y pedido en extradici\u00f3n bajo los cargos de tortura, desv\u00edo de recursos y ocultamiento de pruebas.<\/p>\n<p>Hoy est\u00e1 claro que el Poder Ejecutivo conoci\u00f3 en tiempo real las atrocidades que se perpetraban en Iguala y que decidi\u00f3 no mover un dedo para impedirlas.\u00a0<q>Dejen que los malhechores se hagan cargo de esos estudiantes revoltosos<\/q>, debi\u00f3 ser el razonamiento de los individuos m\u00e1s poderosos del pa\u00eds en aquellos momentos. Y despu\u00e9s, al m\u00e1s poderoso de ellos \u2013al menos, en lo nominal\u2013, Enrique Pe\u00f1a Nieto, le tom\u00f3 10 d\u00edas reconocer que los asesinatos y las desapariciones de los normalistas de Ayotzinapa no eran un\u00a0<q>asunto local<\/q>.<\/p>\n<p>Hay indicios de que a Pe\u00f1a lo que m\u00e1s le gustaba de ser presidente era viajar por el mundo, gastar y embolsarse mucho dinero, y jugar golf. Tal vez sus subordinados formales lo trataran como a un ni\u00f1o idiota, o tal vez no. Lo cierto es que al menos dos de sus colaboradores principal\u00edsimos tuvieron que estar al tanto de lo que ocurr\u00eda en la ciudad guerrerense aquella noche tr\u00e1gica: los secretarios de Gobernaci\u00f3n, Miguel \u00c1ngel Osorio Chong, por la naturaleza de su cargo, y de Defensa, el general Salvador Cienfuegos Zepeda, por la verticalidad intr\u00ednseca al mando militar. Por otra parte, en el Tercer informe del Grupo Interdisciplinario de Expertos Independientes (GIEI), dado a conocer en marzo de este a\u00f1o, se document\u00f3 la ocultaci\u00f3n y manipulaci\u00f3n de pruebas por efectivos de la Secretar\u00eda de Marina, a la saz\u00f3n encabezada por el almirante Vidal Francisco Sober\u00f3n. En cuanto a Murillo Karam, se sabe que estaba perfectamente al tanto de los antecedentes criminales del entonces alcalde de Iguala, Jos\u00e9 Luis Abarca.<\/p>\n<\/div>\n<div class=\"col col2\">\n<p>Es tentadora la suposici\u00f3n de que\u00a0<q>la verdad hist\u00f3rica<\/q>\u00a0fue inventada, con toda su truculencia y su sordidez, para ocultar algo mucho m\u00e1s s\u00f3rdido y truculento. Hasta ahora, a pesar de los avances en el esclarecimiento, seguimos sin saber por qu\u00e9 y para qu\u00e9 las autoridades y los delincuentes locales se confabularon para asesinar a tres estudiantes (m\u00e1s otros tres civiles) y desaparecer a 43, por qu\u00e9 los mandos militares no hicieron nada para salvarle la vida a uno de los suyos que se encontraba entre los desaparecidos y por qu\u00e9 los m\u00e1ximos gobernantes del pa\u00eds decidieron redactar una historia inveros\u00edmil que se limitaba a ofrecer un remedo de explicaci\u00f3n sobre la ausencia f\u00edsica de los desaparecidos.<\/p>\n<p>Hay, en lo inmediato, 33 \u00f3rdenes de aprehensi\u00f3n para otros tantos sospechosos de participar en el horror o de adulterar los hechos y construir una\u00a0<q>investigaci\u00f3n<\/q>\u00a0que no fue tal. Es de esperar que una vez que se cumpla al menos con la mayor\u00eda de esas aprehensiones, sea posible establecer por qu\u00e9 se desencaden\u00f3 la agresi\u00f3n contra los muchachos de Ayotzinapa y d\u00f3nde est\u00e1n los desaparecidos.<\/p>\n<p>La verdad a\u00fan no se sabe, pero la mentira se reconoci\u00f3 desde un principio:<\/p>\n<p>La justicia que el r\u00e9gimen simula<br \/>\ny la reputaci\u00f3n a la que aspira<br \/>\nhan desaparecido en una pira<br \/>\nque ardi\u00f3 en el basurero de Cocula.<\/p>\n<p>Infamia tras infamia, se acumula<br \/>\nun r\u00e9gimen perverso que delira<br \/>\ny fabrica la hist\u00f3rica mentira<br \/>\npuesta en el basurero de Cocula.<\/p>\n<p>Qu\u00e9 le importa el dolor; qu\u00e9 relevancia<br \/>\nla pena que a los padres atribula<br \/>\ny qu\u00e9 m\u00e1s da la f\u00e1bula en flagrancia.<\/p>\n<p>Pero el s\u00f3rdido cuento que articula<br \/>\narde sin beneficio ni ganancia<br \/>\nen la m\u00edtica pira de Cocula. (2016)<\/p>\n<p>Twitter:\u00a0<a href=\"https:\/\/twitter.com\/@Navegaciones\" target=\"_blank\" rel=\"noopener\">@Navegaciones<\/a><\/p>\n<p class=\"email\"><a href=\"mailto:%6e%61%76%65%67%61%63%69%6f%6e%65%73@%79%61%68%6f%6f.%63%6f%6d\">navegaciones@yahoo.com<\/a><\/p>\n<\/div>\n<\/div>\n<div class=\"go gui\">\n<div class=\"go-up\"><\/div>\n<\/div>\n<\/div>\n<div id=\"taboola-below-content-thumbnails\" class=\" trc_related_container trc_spotlight_widget tbl-feed-container tbl-feed-frame-DIVIDER  render-late-effect\" data-feed-container-num=\"1\" data-feed-main-container-id=\"taboola-below-content-thumbnails\" data-parent-placement-name=\"Below Content Thumbnails\" data-pub-lang=\"es\">\n<div class=\" tbl-feed-header tbl-logo-right-position\">\n<div class=\"tbl-feed-header-logo\"><\/div>\n<\/div>\n<\/div>\n","protected":false},"excerpt":{"rendered":"<p>Iguala: la dif\u00edcil verdad y la f\u00e1cil mentira Pedro Miguel El informe del subsecretario\u00a0Alejandro Encinas devela lo que realmente ocurri\u00f3 en las calles de Iguala la noche del 26 de septiembre de 2014 y en las semanas, meses y a\u00f1os siguientes. Y no fue precisamente un mero acto de connivencia de bajo nivel entre autoridades [&hellip;]<\/p>\n","protected":false},"author":249,"featured_media":29032,"comment_status":"open","ping_status":"closed","sticky":false,"template":"","format":"standard","meta":{"footnotes":""},"categories":[26],"tags":[],"class_list":["post-29031","post","type-post","status-publish","format-standard","has-post-thumbnail","hentry","category-mundo"],"_links":{"self":[{"href":"https:\/\/eloficiodehistoriar.com.mx\/index.php?rest_route=\/wp\/v2\/posts\/29031","targetHints":{"allow":["GET"]}}],"collection":[{"href":"https:\/\/eloficiodehistoriar.com.mx\/index.php?rest_route=\/wp\/v2\/posts"}],"about":[{"href":"https:\/\/eloficiodehistoriar.com.mx\/index.php?rest_route=\/wp\/v2\/types\/post"}],"author":[{"embeddable":true,"href":"https:\/\/eloficiodehistoriar.com.mx\/index.php?rest_route=\/wp\/v2\/users\/249"}],"replies":[{"embeddable":true,"href":"https:\/\/eloficiodehistoriar.com.mx\/index.php?rest_route=%2Fwp%2Fv2%2Fcomments&post=29031"}],"version-history":[{"count":1,"href":"https:\/\/eloficiodehistoriar.com.mx\/index.php?rest_route=\/wp\/v2\/posts\/29031\/revisions"}],"predecessor-version":[{"id":29033,"href":"https:\/\/eloficiodehistoriar.com.mx\/index.php?rest_route=\/wp\/v2\/posts\/29031\/revisions\/29033"}],"wp:featuredmedia":[{"embeddable":true,"href":"https:\/\/eloficiodehistoriar.com.mx\/index.php?rest_route=\/wp\/v2\/media\/29032"}],"wp:attachment":[{"href":"https:\/\/eloficiodehistoriar.com.mx\/index.php?rest_route=%2Fwp%2Fv2%2Fmedia&parent=29031"}],"wp:term":[{"taxonomy":"category","embeddable":true,"href":"https:\/\/eloficiodehistoriar.com.mx\/index.php?rest_route=%2Fwp%2Fv2%2Fcategories&post=29031"},{"taxonomy":"post_tag","embeddable":true,"href":"https:\/\/eloficiodehistoriar.com.mx\/index.php?rest_route=%2Fwp%2Fv2%2Ftags&post=29031"}],"curies":[{"name":"wp","href":"https:\/\/api.w.org\/{rel}","templated":true}]}}