{"id":29041,"date":"2022-08-20T09:22:10","date_gmt":"2022-08-20T15:22:10","guid":{"rendered":"https:\/\/eloficiodehistoriar.com.mx\/?p=29041"},"modified":"2022-08-20T09:22:10","modified_gmt":"2022-08-20T15:22:10","slug":"la-trata-de-personas-es-una-violacion-grave-a-los-derechos-humanos-atenta-contra-la-dignidad-y-la-vida","status":"publish","type":"post","link":"https:\/\/eloficiodehistoriar.com.mx\/?p=29041","title":{"rendered":"La trata de personas es una violaci\u00f3n grave a los derechos humanos; atenta contra la dignidad y la vida"},"content":{"rendered":"<div id=\"article-cont\" class=\"main-cont article-cont analysis\">\n<div class=\"cabeza\">La trata de personas<\/div>\n<div class=\"sumarios\"><\/div>\n<div class=\"credito-articulo\">Miguel Concha<\/div>\n<div><\/div>\n<div id=\"article-text\" class=\"text\">\n<div class=\"col col1\">\n<div class=\"inicial\">La trata de personas es considerada una violaci\u00f3n grave de derechos humanos; atenta contra la dignidad, la integridad y la vida misma de las v\u00edctimas, reduci\u00e9ndolas a una condici\u00f3n de objetos mercantiles, vendibles y, por tanto,\u00a0<em>basurizables<\/em>. Cada 30 de julio se conmemora el D\u00eda Mundial contra la Trata de Personas, oportunidad para continuar con las reflexiones en torno a este delito que ha evolucionado y se ha intensificado y ampliado con la pandemia de covid-19 y que contin\u00faa afectando particularmente a personas en situaciones de vulnerabilidad, insertas en condiciones de pobreza y desi-gualdad en contextos de violencia, factores determinantes para ser blanco de personas tratantes y de la delincuencia organizada.<\/div>\n<p>La Convenci\u00f3n de Naciones Unidas contra la Delincuencia Organizada Transnacional define a la trata de personas como la captaci\u00f3n, transporte, traslado, acogida o recepci\u00f3n de personas, recurriendo a la amenaza o al uso de la fuerza u otras formas de coacci\u00f3n, rapto, fraude, enga\u00f1o, abuso de poder o de una situaci\u00f3n de vulnerabilidad o a la concesi\u00f3n o recepci\u00f3n de pagos o beneficios para obtener el consentimiento de una persona que tenga autoridad sobre otra, con fines de explotaci\u00f3n.<\/p>\n<p>Adem\u00e1s, la Ley General para Prevenir, Sancionar y Erradicar los Delitos en Materia de Trata de Personas y para la Protecci\u00f3n y Asistencia a las V\u00edctimas de estos Delitos en M\u00e9xico la define como toda acci\u00f3n u omisi\u00f3n dolosa de una o varias personas para captar, enganchar, transportar, transferir, retener, entregar, recibir o alojar a una o varias personas con fines de explotaci\u00f3n.<\/p>\n<p>Una de las problem\u00e1ticas que se han presentado al momento de prevenir este delito, de atender a las v\u00edctimas y de garantizar su acceso a la justicia, ha sido la falta de armonizaci\u00f3n en las definiciones para identificar las caracter\u00edsticas que las diferencien de otras pr\u00e1cticas, que generan vac\u00edos legales o imprecisiones para actuar en los casos de manera adecuada, establecer sanciones y condenas correspondientes.<\/p>\n<p>De acuerdo con la Ley General en esta materia, son diversas las formas en las que se presenta la trata de personas: esclavitud; servidumbre dom\u00e9stica o por deudas; prostituci\u00f3n ajena u otras formas de explotaci\u00f3n sexual o laboral; trabajo o servicios forzados; mendicidad forzada; uso de ni\u00f1as, ni\u00f1os y adolescentes en actividades delictivas; as\u00ed como, la adopci\u00f3n ilegal de ni\u00f1as, ni\u00f1os y adolescentes; el matrimonio forzoso o servil; el tr\u00e1fico de \u00f3rganos, tejidos y c\u00e9lulas de seres humanos vivos, y la experimentaci\u00f3n biom\u00e9dica.<\/p>\n<\/div>\n<div class=\"col col2\">\n<p>La Oficina de Naciones Unidas contra la Droga y el Delito (UNODC) ha informado que, en 2020, 51 por ciento de las v\u00edctimas presentan dificultades econ\u00f3micas, y que 20 por ciento son ni\u00f1os, ni\u00f1as y adolescentes que sufren violencia familiar; 13 por ciento han tenido una relaci\u00f3n sexo-afectiva con sus tratantes; 10 por ciento son personas migrantes indocumentadas, y 9 por ciento son ni\u00f1as y ni\u00f1os privados de cuidados parentales por alg\u00fan motivo.<\/p>\n<p>Adem\u00e1s, ha declarado que durante el mismo a\u00f1o en M\u00e9xico se reportaron 461 v\u00edctimas de trata: 209 mujeres, 35 ni\u00f1as, 87 ni\u00f1os y 23 hombres. Estas cifras demuestran que, adem\u00e1s de las condiciones de desigualdad predominantes en las v\u00edctimas, son las ni\u00f1as y mujeres las m\u00e1s afectadas. Aunque existe un marco normativo internacional que obliga al Estado mexicano a atender la trata de personas y uno nacional que define las formas en que las instancias gubernamentales deber\u00e1n actuar, la ausencia de una perspectiva de derechos humanos, de g\u00e9nero y de ni\u00f1ez, representa a\u00fan muchas dificultades.<\/p>\n<p>La Comisi\u00f3n de Derechos Humanos de la Ciudad de M\u00e9xico (CDHCM), durante el conversatorio\u00a0<em>Decir y hacer contra la trata<\/em>, llevado a cabo el pasado 29 de julio, resalt\u00f3 la necesidad de desarrollar estrategias de prevenci\u00f3n, investigaci\u00f3n, sanci\u00f3n y atenci\u00f3n a v\u00edctimas, con un an\u00e1lisis interseccional que considere las causas estructurales, tanto econ\u00f3micas como culturales, y con esto evitar la normalizaci\u00f3n del delito y la criminalizaci\u00f3n de las v\u00edctimas. As\u00ed, como resultado de la evoluci\u00f3n de este il\u00edcito, las plataformas digitales han sido un medio al que han recurrido las redes de trata de personas y la delincuencia organizada para acercarse a las v\u00edctimas. Al respecto, y en sinton\u00eda con la CDHCM, ser\u00e1 necesario que las normatividades consideren estos elementos y sean actualizadas para tener una mejor actuaci\u00f3n y seguimiento de los casos.<\/p>\n<p>Que el Estado mexicano cumpla con sus obligaciones para revertir las estad\u00edsticas, procurar una atenci\u00f3n integral, y sensibilizar a funcionarias y funcionarios p\u00fablicos, ser\u00e1n fundamentales para erradicar este delito, desmantelar las redes de trata de personas y debilitar las formas en las que la delincuencia organizada ha roto los tejidos sociales, principalmente en poblaciones vulneradas y que no s\u00f3lo son v\u00edctimas de la trata de personas, sino adem\u00e1s de muchas otras formas de opresi\u00f3n y de injusticias.<\/p>\n<p class=\"email\">\n<\/div>\n<\/div>\n<div class=\"go gui\">\n<div class=\"go-up\"><\/div>\n<\/div>\n<\/div>\n","protected":false},"excerpt":{"rendered":"<p>La trata de personas Miguel Concha La trata de personas es considerada una violaci\u00f3n grave de derechos humanos; atenta contra la dignidad, la integridad y la vida misma de las v\u00edctimas, reduci\u00e9ndolas a una condici\u00f3n de objetos mercantiles, vendibles y, por tanto,\u00a0basurizables. Cada 30 de julio se conmemora el D\u00eda Mundial contra la Trata de [&hellip;]<\/p>\n","protected":false},"author":249,"featured_media":29042,"comment_status":"open","ping_status":"closed","sticky":false,"template":"","format":"standard","meta":{"footnotes":""},"categories":[26],"tags":[],"class_list":["post-29041","post","type-post","status-publish","format-standard","has-post-thumbnail","hentry","category-mundo"],"_links":{"self":[{"href":"https:\/\/eloficiodehistoriar.com.mx\/index.php?rest_route=\/wp\/v2\/posts\/29041","targetHints":{"allow":["GET"]}}],"collection":[{"href":"https:\/\/eloficiodehistoriar.com.mx\/index.php?rest_route=\/wp\/v2\/posts"}],"about":[{"href":"https:\/\/eloficiodehistoriar.com.mx\/index.php?rest_route=\/wp\/v2\/types\/post"}],"author":[{"embeddable":true,"href":"https:\/\/eloficiodehistoriar.com.mx\/index.php?rest_route=\/wp\/v2\/users\/249"}],"replies":[{"embeddable":true,"href":"https:\/\/eloficiodehistoriar.com.mx\/index.php?rest_route=%2Fwp%2Fv2%2Fcomments&post=29041"}],"version-history":[{"count":1,"href":"https:\/\/eloficiodehistoriar.com.mx\/index.php?rest_route=\/wp\/v2\/posts\/29041\/revisions"}],"predecessor-version":[{"id":29043,"href":"https:\/\/eloficiodehistoriar.com.mx\/index.php?rest_route=\/wp\/v2\/posts\/29041\/revisions\/29043"}],"wp:featuredmedia":[{"embeddable":true,"href":"https:\/\/eloficiodehistoriar.com.mx\/index.php?rest_route=\/wp\/v2\/media\/29042"}],"wp:attachment":[{"href":"https:\/\/eloficiodehistoriar.com.mx\/index.php?rest_route=%2Fwp%2Fv2%2Fmedia&parent=29041"}],"wp:term":[{"taxonomy":"category","embeddable":true,"href":"https:\/\/eloficiodehistoriar.com.mx\/index.php?rest_route=%2Fwp%2Fv2%2Fcategories&post=29041"},{"taxonomy":"post_tag","embeddable":true,"href":"https:\/\/eloficiodehistoriar.com.mx\/index.php?rest_route=%2Fwp%2Fv2%2Ftags&post=29041"}],"curies":[{"name":"wp","href":"https:\/\/api.w.org\/{rel}","templated":true}]}}