{"id":29050,"date":"2022-08-20T09:50:39","date_gmt":"2022-08-20T15:50:39","guid":{"rendered":"https:\/\/eloficiodehistoriar.com.mx\/?p=29050"},"modified":"2022-08-20T09:50:39","modified_gmt":"2022-08-20T15:50:39","slug":"espectaculo-muestra-de-la-historia-veracruzana-a-traves-la-danza-el-folklore-y-los-ritmos-afrocaribenos","status":"publish","type":"post","link":"https:\/\/eloficiodehistoriar.com.mx\/?p=29050","title":{"rendered":"Espect\u00e1culo muestra de la historia veracruzana a trav\u00e9s la danza, el folklore y los ritmos afrocaribe\u00f1os"},"content":{"rendered":"<div>\n<h1 class=\"title\">20 a\u00f1os de Jarocho;<\/h1>\n<h1 class=\"title\">Espect\u00e1culo celebrar\u00e1 pasi\u00f3n veracruzana en Auditorio Nacional<\/h1>\n<\/div>\n<h3 class=\"subtitle\">Espect\u00e1culo muestra una interpretaci\u00f3n libre de la historia veracruzana a trav\u00e9s la danza contempor\u00e1nea, el folklore y los ritmos afrocaribe\u00f1os<\/h3>\n<div class=\"lead-gallery \">\n<div class=\"teaser  owl-carousel owl-theme\">\n<div class=\"owl-wrapper-outer\">\n<div class=\"owl-wrapper\">\n<div class=\"owl-item\">\n<div class=\"img-container picture\">\n<div id=\"standard_1\" class=\"st-placement standard_1 inImage\">\n<div class=\"st-adunit st-adunit-tagged st-reset st-show\">Jarocho ha recorrido el mundo con su propuesta de danza y m\u00fasica veracruzana<\/div>\n<\/div>\n<\/div>\n<\/div>\n<\/div>\n<\/div>\n<\/div>\n<\/div>\n<div id=\"affix-share\" class=\"sharing-menu no-affix\">\n<ul>\n<li>Maribel S\u00e1nchez<\/li>\n<li>Diario de Xalapa<\/li>\n<\/ul>\n<\/div>\n<div class=\"content-body clearfix \">\n<div id=\"content-body-225-8766653\">\n<p><b>Jarocho,<\/b>\u00a0espect\u00e1culo dos veces ganador de las\u00a0<b>Lunas del Auditorio,<\/b>\u00a0celebrar\u00e1 su\u00a0<b>20\u00ba aniversario<\/b>\u00a0con una presentaci\u00f3n en el<b>\u00a0Auditorio Nacional de la Ciudad de M\u00e9xico<\/b>, el pr\u00f3ximo 14 de septiembre, a las 20:30 horas.<\/p>\n<p><i>La bailarina Olga Salas expresa que Jarocho, producci\u00f3n de la Universidad Veracruzana, est\u00e1 inspirado en el mundialmente famoso Riverdance y lo que le da vigencia es que la fiesta veracruzana en escena proyecta tradici\u00f3n pero tambi\u00e9n un arte de vanguardia, contempor\u00e1neo.<\/i><\/p>\n<\/div>\n<\/div>\n<div class=\"advertisment \"><\/div>\n<article class=\"content-continued-body clearfix \">\n<div id=\"content-body-5851641-8766653\">\n<ul>\n<li><\/li>\n<\/ul>\n<p>Con\u00a0<b>24 bailarines en escena y nueve m\u00fasicos, menciona que\u00a0<i>Jarocho. Ritmo, pasi\u00f3n y magia<\/i>\u00a0<\/b>es un homenaje a Veracruz, a su gente y a su cultura.<\/p>\n<p><i>\u201cEs un recorrido m\u00e1gico que va desde las influencias afrocubanas, el fandango jarocho y el flamenco, hasta presentarnos al Veracruz contempor\u00e1neo orgulloso de su cultura\u201d, expresa en entrevista.<\/i><\/p>\n<p><b>Iveth Luna, quien fue bailarina durante 15 a\u00f1os, rememora que la iniciativa surgi\u00f3 en 2003; fue Richard O&#8217;Neal, en ese entonces director asistente en Riverdance, quien tom\u00f3 la direcci\u00f3n general del proyecto.<\/b><\/p>\n<article class=\"cultura\nmedia col-md-4 inline-story \"><\/p>\n<div class=\"teaser \">\n<h4 class=\"title \">\u201cO&#8217;Neal reuni\u00f3 a profesionales de la m\u00fasica, danza, dise\u00f1o y artes esc\u00e9nicas en M\u00e9xico con la primordial tarea de lograr el mejor espect\u00e1culo del pa\u00eds que pudiera representar a Veracruz y a M\u00e9xico en el mundo\u201d.<\/h4>\n<\/div>\n<\/article>\n<p><i>En v\u00edspera de la celebraci\u00f3n de los 20 a\u00f1os, expone que el espect\u00e1culo ha sido visto por m\u00e1s de cinco millones de espectadores en M\u00e9xico y en otros pa\u00edses.<\/i><\/p>\n<p>Orgullosa de haber estado en escena y ahora desde el \u00e1rea de difusi\u00f3n, expresa que Jarocho est\u00e1 a la vanguardia y a la altura de los mejores espect\u00e1culos del mundo.<\/p>\n<p><b>\u201cJarocho es una producci\u00f3n que visualiza el son veracruzano en encarnaciones pasadas, presentes e imaginarias. Hace una interpretaci\u00f3n contempor\u00e1nea de Veracruz y rescata la esencia de su tradici\u00f3n\u201d<\/b><\/p>\n<p>Con muchas sorpresas que ir\u00e1n dando a conocer paulatinamente, las bailarinas coinciden en que Jarocho muestra una interpretaci\u00f3n libre de la historia veracruzana.<\/p>\n<div class=\"cultura\nmedia \"><\/p>\n<div class=\"teaser \">\n<div class=\"img-container picture\">\n<div id=\"standard_9\" class=\"st-placement standard_9 inImageRestricted\">\n<div class=\"st-adunit st-adunit-tagged st-reset st-show\">\n<div class=\"st-adunit-ad st-reset\">\n<div class=\"st-display-render st-reset\">\n<div class=\"st-reset\">\n<div class=\"important-styled st-canvas-container open LeaderboardModule display-standard fssquz2\">\n<div class=\"important-styled st-canvas-el fhxwyqa\">\n<div class=\"important-styled st-canvas-container undefined fssquz2\">\n<div class=\"important-styled st-canvas-el f1pkio4d\">\n<div class=\"important-styled st-canvas-container undefined fssquz2\">\n<div class=\"important-styled st-canvas-el fhxwyqa\">\n<div class=\"important-styled f1u5e9na\">\n<div class=\"important-styled display-render-wrapper f1u5e9na\">Danza contempor\u00e1nea, el folklore y los ritmos afrocaribe\u00f1os, lo que ver\u00e1s en Jarocho | Foto: Cortes\u00eda Jarocho |<\/div>\n<\/div>\n<\/div>\n<\/div>\n<\/div>\n<\/div>\n<\/div>\n<\/div>\n<\/div>\n<\/div>\n<\/div>\n<\/div>\n<\/div>\n<\/div>\n<\/div>\n<\/div>\n<p>\u201cLo hace a trav\u00e9s la danza contempor\u00e1nea, el folklore y los ritmos afrocaribe\u00f1os que han construido la identidad de los veracruzanos, un fen\u00f3meno vivo que sigue enriqueci\u00e9ndose con las nuevas fusiones y nuevos estilos propios de nuestro siglo\u201d, apuntan.<\/p>\n<p>&nbsp;<\/p>\n<\/div>\n<\/article>\n","protected":false},"excerpt":{"rendered":"<p>20 a\u00f1os de Jarocho; Espect\u00e1culo celebrar\u00e1 pasi\u00f3n veracruzana en Auditorio Nacional Espect\u00e1culo muestra una interpretaci\u00f3n libre de la historia veracruzana a trav\u00e9s la danza contempor\u00e1nea, el folklore y los ritmos afrocaribe\u00f1os Jarocho ha recorrido el mundo con su propuesta de danza y m\u00fasica veracruzana Maribel S\u00e1nchez Diario de Xalapa Jarocho,\u00a0espect\u00e1culo dos veces ganador de las\u00a0Lunas [&hellip;]<\/p>\n","protected":false},"author":249,"featured_media":29051,"comment_status":"open","ping_status":"closed","sticky":false,"template":"","format":"standard","meta":{"footnotes":""},"categories":[26],"tags":[],"class_list":["post-29050","post","type-post","status-publish","format-standard","has-post-thumbnail","hentry","category-mundo"],"_links":{"self":[{"href":"https:\/\/eloficiodehistoriar.com.mx\/index.php?rest_route=\/wp\/v2\/posts\/29050","targetHints":{"allow":["GET"]}}],"collection":[{"href":"https:\/\/eloficiodehistoriar.com.mx\/index.php?rest_route=\/wp\/v2\/posts"}],"about":[{"href":"https:\/\/eloficiodehistoriar.com.mx\/index.php?rest_route=\/wp\/v2\/types\/post"}],"author":[{"embeddable":true,"href":"https:\/\/eloficiodehistoriar.com.mx\/index.php?rest_route=\/wp\/v2\/users\/249"}],"replies":[{"embeddable":true,"href":"https:\/\/eloficiodehistoriar.com.mx\/index.php?rest_route=%2Fwp%2Fv2%2Fcomments&post=29050"}],"version-history":[{"count":1,"href":"https:\/\/eloficiodehistoriar.com.mx\/index.php?rest_route=\/wp\/v2\/posts\/29050\/revisions"}],"predecessor-version":[{"id":29052,"href":"https:\/\/eloficiodehistoriar.com.mx\/index.php?rest_route=\/wp\/v2\/posts\/29050\/revisions\/29052"}],"wp:featuredmedia":[{"embeddable":true,"href":"https:\/\/eloficiodehistoriar.com.mx\/index.php?rest_route=\/wp\/v2\/media\/29051"}],"wp:attachment":[{"href":"https:\/\/eloficiodehistoriar.com.mx\/index.php?rest_route=%2Fwp%2Fv2%2Fmedia&parent=29050"}],"wp:term":[{"taxonomy":"category","embeddable":true,"href":"https:\/\/eloficiodehistoriar.com.mx\/index.php?rest_route=%2Fwp%2Fv2%2Fcategories&post=29050"},{"taxonomy":"post_tag","embeddable":true,"href":"https:\/\/eloficiodehistoriar.com.mx\/index.php?rest_route=%2Fwp%2Fv2%2Ftags&post=29050"}],"curies":[{"name":"wp","href":"https:\/\/api.w.org\/{rel}","templated":true}]}}