{"id":29054,"date":"2022-08-21T09:45:41","date_gmt":"2022-08-21T15:45:41","guid":{"rendered":"https:\/\/eloficiodehistoriar.com.mx\/?p=29054"},"modified":"2022-08-21T09:45:41","modified_gmt":"2022-08-21T15:45:41","slug":"queretaro-desde-1996-esta-inscrita-como-patrimonio-de-la-humanidad-en-la-unesco","status":"publish","type":"post","link":"https:\/\/eloficiodehistoriar.com.mx\/?p=29054","title":{"rendered":"Quer\u00e9taro, desde 1996 est\u00e1 inscrita como Patrimonio de la Humanidad en la Unesco."},"content":{"rendered":"<div id=\"article-cont\" class=\"main-cont article-cont analysis\">\n<div class=\"cabeza\">Cl\u00e1sicos queretanos<\/div>\n<div class=\"sumarios\"><\/div>\n<div class=\"credito-articulo\">\u00c1ngeles Gonz\u00e1lez Gamio<\/div>\n<div><\/div>\n<div id=\"article-text\" class=\"text\">\n<div class=\"col col1\">\n<div class=\"inicial\">En varias ocasiones hemos\u00a0hablado de las maravillas que guarda esta entidad: sus vi\u00f1edos, pueblos m\u00e1gicos, la incomparable Sierra Gorda con sus primorosas misiones coloridas, pero hoy regresamos a su capital, la se\u00f1orial Santiago de Quer\u00e9taro, que desde 1996 est\u00e1 inscrita como Patrimonio de la Humanidad en la Unesco.<\/div>\n<p>Volver a visitar algunas de sus joyas arquitect\u00f3nicas renueva el esp\u00edritu; hay que destacar que el barroco queretano es \u00fanico, con una exuberancia que dif\u00edcilmente se ve en otros lugares; muchas de sus edificaciones tienen una marcada influencia \u00e1rabe.<\/p>\n<p>Algunas de mis favoritas: la Casa de la Marquesa, soberbia mansi\u00f3n pintada en el interior con figuras geom\u00e9tricas y florales y formas ondulantes en los arcos. La mand\u00f3 construir en 1756 el marqu\u00e9s de la Villa del Villar y actualmente es un exclusivo hotel que tiene el encanto de que cada una de las habitaciones tiene una decoraci\u00f3n distinta.<\/p>\n<p>El exaltado barroco tambi\u00e9n se aprecia en algunos templos, de manera muy marcada en Santa Rosa de Viterbo, ya que desde el exterior nos sorprende toda pintada de colores y con los contrafuertes sostenidos por unas exageradas volutas; bien dicen que su vista nos introduce en una f\u00e1bula.<\/p>\n<p>El interior no se queda atr\u00e1s, los retablos que realiz\u00f3 el maestro Francisco Mart\u00ednez Gudi\u00f1o entre 1766 y 1770 se consideran, junto con los de Santa Clara, una de las culminaciones del arte religioso; sin exagerar, cimbran el esp\u00edritu. El p\u00falpito de madera con incrustaciones de plata, carey y huesos fue pieza especial en la exposici\u00f3n\u00a0<em>M\u00e9xico. Esplendores de 30 siglos,<\/em>\u00a0que deslumbr\u00f3 a los neoyorquinos hace m\u00e1s de tres d\u00e9cadas.<\/p>\n<p>La sacrist\u00eda reserva otras sorpresas: los 12 ap\u00f3stoles en tama\u00f1o natural, tallados en madera y policromados, as\u00ed como el retrato de la bella sor Ana Mar\u00eda, de cuerpo entero, uno de los mejores cuadros virreinales.<\/p>\n<p>Otra alhaja es el antiguo convento de San Agust\u00edn, que aloja el Museo de Arte, cuyo claustro se considera una de las construcciones barrocas m\u00e1s bellas de Am\u00e9rica. Se termin\u00f3 de edificar en 1736 con cantera plateada y sus cuatro arcadas de dos niveles forman un cuadrado. Cada una posee arcos que fueron dise\u00f1ados a la perfecci\u00f3n, y que envuelven a los pilares que exhiben unas originales figuras talladas en la piedra, im\u00e1genes de santos y una incre\u00edble orquesta de \u00e1ngeles.<\/p>\n<\/div>\n<div class=\"col col2\">\n<p>A partir de 1988 se inaugur\u00f3 como museo con el objetivo de ofrecer al p\u00fablico exhibiciones de obras pl\u00e1sticas de artistas queretanos, nacionales y extranjeros. Expone obras de estilo barroco, neocl\u00e1sicas y modernas, adem\u00e1s de obras manieristas, las cuales fueron donadas por artistas mexicanos y por la Academia de San Carlos.<\/p>\n<p>Otra de las obras relevantes es un imponente acueducto, compuesto por 74 arcos, que alcanzan una altura promedio de 23 metros; se construy\u00f3 en el siglo XVIII con piedra rosada y est\u00e1 magn\u00edficamente conservado. Cruza una parte importante de la ciudad y el entorno se respet\u00f3 para cuidarlo y lucirlo a plenitud. En la noche iluminado es un espect\u00e1culo.<\/p>\n<p>Otro sitio que no tiene pierde es el museo Museo Regional de Quer\u00e9taro, que ocupa el antiguo convento grande de San Francisco que durante siglos fue el centro de la vida queretana. Se comenz\u00f3 hacia 1540 y abarc\u00f3 diversas etapas de construcci\u00f3n. La actual fisonom\u00eda corresponde a la arquitectura del siglo XVIII. Esto se aprecia en la arquer\u00eda y b\u00f3vedas del claustro principal.<\/p>\n<p>Enfrente, entre dos plazas, se encuentra el Gran Hotel, que fue parte del convento y conserva amplios pasillos cubiertos con unas soberbias b\u00f3vedas de ladrillo originales y a los lados las antiguas celdas que hoy son las habitaciones de los hu\u00e9spedes. La ubicaci\u00f3n es magn\u00edfica y los precios muy accesibles.<\/p>\n<p>Hablando de cl\u00e1sicos hay que ir a La Mariposa, que desde hace 81 a\u00f1os elabora las mejores frutas cubiertas y sus famosos ates y duraznos prensados. Aproveche para merendar los tamales con la popular malteada de mantecado.<\/p>\n<p>Otra opci\u00f3n de media tarde, si tuvo el buen gusto de volver a alimentar el alma con un vistazo a los prodigiosos retablos de Santa Clara, justo enfrente est\u00e1 Leche y Pan. Aqu\u00ed se disfruta el cl\u00e1sico lechero en un vaso de cristal que le mezclan al gusto con su chorrito de caf\u00e9 concentrado y un torrente de leche caliente que con habilidad sirven desde lo alto y cae con una burbujeante espuma. La compa\u00f1\u00eda: una concha de chocolate rellena de nata fresca. El cierre perfecto de un glorioso paseo queretano.<\/p>\n<p class=\"email\">\n<\/div>\n<\/div>\n<div class=\"go gui\">\n<div class=\"go-up\"><\/div>\n<\/div>\n<\/div>\n","protected":false},"excerpt":{"rendered":"<p>Cl\u00e1sicos queretanos \u00c1ngeles Gonz\u00e1lez Gamio En varias ocasiones hemos\u00a0hablado de las maravillas que guarda esta entidad: sus vi\u00f1edos, pueblos m\u00e1gicos, la incomparable Sierra Gorda con sus primorosas misiones coloridas, pero hoy regresamos a su capital, la se\u00f1orial Santiago de Quer\u00e9taro, que desde 1996 est\u00e1 inscrita como Patrimonio de la Humanidad en la Unesco. Volver a [&hellip;]<\/p>\n","protected":false},"author":249,"featured_media":29055,"comment_status":"open","ping_status":"closed","sticky":false,"template":"","format":"standard","meta":{"footnotes":""},"categories":[26],"tags":[],"class_list":["post-29054","post","type-post","status-publish","format-standard","has-post-thumbnail","hentry","category-mundo"],"_links":{"self":[{"href":"https:\/\/eloficiodehistoriar.com.mx\/index.php?rest_route=\/wp\/v2\/posts\/29054","targetHints":{"allow":["GET"]}}],"collection":[{"href":"https:\/\/eloficiodehistoriar.com.mx\/index.php?rest_route=\/wp\/v2\/posts"}],"about":[{"href":"https:\/\/eloficiodehistoriar.com.mx\/index.php?rest_route=\/wp\/v2\/types\/post"}],"author":[{"embeddable":true,"href":"https:\/\/eloficiodehistoriar.com.mx\/index.php?rest_route=\/wp\/v2\/users\/249"}],"replies":[{"embeddable":true,"href":"https:\/\/eloficiodehistoriar.com.mx\/index.php?rest_route=%2Fwp%2Fv2%2Fcomments&post=29054"}],"version-history":[{"count":1,"href":"https:\/\/eloficiodehistoriar.com.mx\/index.php?rest_route=\/wp\/v2\/posts\/29054\/revisions"}],"predecessor-version":[{"id":29056,"href":"https:\/\/eloficiodehistoriar.com.mx\/index.php?rest_route=\/wp\/v2\/posts\/29054\/revisions\/29056"}],"wp:featuredmedia":[{"embeddable":true,"href":"https:\/\/eloficiodehistoriar.com.mx\/index.php?rest_route=\/wp\/v2\/media\/29055"}],"wp:attachment":[{"href":"https:\/\/eloficiodehistoriar.com.mx\/index.php?rest_route=%2Fwp%2Fv2%2Fmedia&parent=29054"}],"wp:term":[{"taxonomy":"category","embeddable":true,"href":"https:\/\/eloficiodehistoriar.com.mx\/index.php?rest_route=%2Fwp%2Fv2%2Fcategories&post=29054"},{"taxonomy":"post_tag","embeddable":true,"href":"https:\/\/eloficiodehistoriar.com.mx\/index.php?rest_route=%2Fwp%2Fv2%2Ftags&post=29054"}],"curies":[{"name":"wp","href":"https:\/\/api.w.org\/{rel}","templated":true}]}}