{"id":29057,"date":"2022-08-21T09:50:57","date_gmt":"2022-08-21T15:50:57","guid":{"rendered":"https:\/\/eloficiodehistoriar.com.mx\/?p=29057"},"modified":"2022-08-21T09:50:57","modified_gmt":"2022-08-21T15:50:57","slug":"incendio-en-bejis-espana-crea-dantesco-paisaje","status":"publish","type":"post","link":"https:\/\/eloficiodehistoriar.com.mx\/?p=29057","title":{"rendered":"Incendio en Bej\u00eds, Espa\u00f1a, crea\u00a0dantesco\u00a0paisaje"},"content":{"rendered":"<div id=\"article-cont\" class=\"main-cont article-cont actuality\">\n<div class=\"sumarios\">\n<p>Incendio en Bej\u00eds, Espa\u00f1a, crea\u00a0<q>dantesco<\/q>\u00a0paisaje<\/p>\n<\/div>\n<div class=\"cabeza\">En lechos de r\u00edos, la sequ\u00eda muestra desde las\u00a0<q>piedras del hambre<\/q>\u00a0a bombas a\u00f1ejas<\/div>\n<div class=\"sumarios\">\n<p>Los caudales de varias partes del mundo est\u00e1n a los niveles m\u00e1s bajos en la historia moderna<\/p>\n<\/div>\n<div id=\"article-text\" class=\"text\">\n<div class=\"foto\">\n<div class=\"pie-foto\">Amalie Garc\u00eda junto al Dolmen de Guadalperal, un monumento megal\u00edtico en forma de c\u00edrculo que data de la prehistoria y que se ha hecho visible derivado de la sequ\u00eda en el embalse de Valdeca\u00f1as en El Gordo, Espa\u00f1a.<\/div>\n<div><\/div>\n<\/div>\n<div class=\"col col1\">\n<div class=\"credito-autor\">Reuters, Ap, Xinhua y Europa Press<\/div>\n<div class=\"credito-titulo\"><\/div>\n<div class=\"hemero\">La Jornada<\/p>\n<\/div>\n<p class=\"s-s\">Madrid.<\/p>\n<p class=\"s-s\">Las semanas de sequ\u00eda en toda Europa han hecho que el nivel de agua de los r\u00edos y lagos descienda a pisos que pocos recuerdan, dejando al descubierto tesoros sumergidos durante mucho tiempo.<\/p>\n<p>En Espa\u00f1a, que sufre su peor sequ\u00eda en d\u00e9cadas, vio la luz un c\u00edrculo de piedra prehist\u00f3rico apodado el\u00a0<q>Stonehenge espa\u00f1ol<\/q>, pero llamado oficialmente el Dolmen de Guadalperal, ubicado en el embalse de Valdecanas, en la provincia central de C\u00e1ceres.<\/p>\n<p>La roca tallada fue descubierta por el arque\u00f3logo alem\u00e1n Hugo Obermaier en 1926, pero la zona fue inundada en 1963 por un proyecto de desarrollo rural de la dictadura de Francisco Franco.<\/p>\n<p>En Alemania reaparecieron las llamadas\u00a0<q>piedras del hambre<\/q>\u00a0a lo largo del r\u00edo Rhin, el m\u00e1s grande del pa\u00eds. Estas piedras tienen talladas fechas e iniciales de personas, y son un recordatorio de antiguas sequ\u00edas.<\/p>\n<p>Las fechas visibles en las piedras de Worms, al sur de Fr\u00e1ncfort, y de Rheindorf, cerca de Leverkusen, incluyen los a\u00f1os 1947, 1959, 2003 y 2018.<\/p>\n<p>El nivel de agua del r\u00edo Danubio \u2013que atraviesa o toca en total 10 pa\u00edses: Alemania, Austria, Eslovaquia, Hung\u00eda, Bulgaria, Croacia, Serbia, Rumania, Moldavia y Ucrania\u2013 cay\u00f3 por debajo de los restos de m\u00e1s de 20 buques de guerra alemanes hundidos durante la Segunda Guerra Mundial cerca de la ciudad portuaria serbia de Prahovo.<\/p>\n<p>Los nav\u00edos fueron algunos de los cientos hundidos a lo largo del Danubio por la flota de la Alemania nazi en el mar Negro en 1944, mientras hu\u00eda del avance de las fuerzas sovi\u00e9ticas, y todav\u00eda dificultan el tr\u00e1fico fluvial cuando el nivel de agua es bajo.<\/p>\n<p>En Italia, unas 3 mil personas tuvieron que ser evacuadas de la localidad de Borgo Virgilio para que expertos desactivaran una bomba de la Segunda Guerra Mundial de 450 kilos, de fabricaci\u00f3n estadunidense, en el lecho del r\u00edo Po al descender dr\u00e1sticamente su caudal.<\/p>\n<p>En China, el descenso de las aguas del r\u00edo Yangts\u00e9 mostr\u00f3 una isla sumergida en la ciudad sudoccidental china de Chongqing y tres estatuas budistas de las dinast\u00edas Ming y Quing que se cree que tienen unos 600 a\u00f1os de antig\u00fcedad.<\/p>\n<\/div>\n<div class=\"col col2\">\n<p>El nivel de agua del Yangts\u00e9, el m\u00e1s ancho de China, ha descendido r\u00e1pidamente debido a la sequ\u00eda y a la ola de calor. Las precipitaciones en la cuenca del Yangts\u00e9 han sido 45 por ciento inferiores a lo normal desde julio, y la previsi\u00f3n de expertos es que las altas temperaturas persistan al menos una semana.<\/p>\n<p>Hasta 66 r\u00edos en 34 condados de Chongqing se han secado a causa de la can\u00edcula que tambi\u00e9n ha marchitado cosechas y dejado al borde de la ruina a agricultores en numerosas zonas de China.<\/p>\n<p>Se vaticinan altas temperaturas sin lluvia por lo menos los pr\u00f3ximos tres d\u00edas para las provincias Jiangsu y Anhui al noroeste de Shangh\u00e1i, hasta las de Chongqing y Sichuan al este de Tibet.<\/p>\n<p>Las autoridades locales han recibido instrucciones de\u00a0<q>usar todas las fuentes de agua disponibles<\/q>\u00a0a fin de surtir a las viviendas y a los animales de cr\u00eda, expres\u00f3 la agencia clim\u00e1tica. El peor impacto lo sufre Sichuan, donde varias f\u00e1bricas cerraron y oficinas y centros comerciales han tenido que apagar el aire acondicionado luego que los embalses de agua que alimentan a las plantas el\u00e9ctricas cayeron a la mitad de los usuales.<\/p>\n<p>La provincia de 94 millones de habitantes obtiene 80 por ciento de su electricidad de las represas hidroel\u00e9ctricas.<\/p>\n<p>Los vecinos de Bej\u00eds, en la regi\u00f3n valenciana de Castell\u00f3n, Espa\u00f1a, regresaron ayer a sus hogares, tras un incendio forestal que dej\u00f3 al municipio en una situaci\u00f3n que pobladores describieron como\u00a0<q>desoladora<\/q>\u00a0y\u00a0<q>horrorosa<\/q>.<\/p>\n<p>La alcaldesa de Bej\u00eds, Mar\u00eda Jos\u00e9 Madrid, manifest\u00f3 alegrarse de que el peligro pas\u00f3 y los vecinos pueden volver a sus hogares, pero\u00a0<q>tambi\u00e9n hay l\u00e1grimas porque el paisaje es dantesco<\/q>, manifest\u00f3.<\/p>\n<p>Entre otras dificultades, el municipio todav\u00eda no tiene agua potable, dado que la Consejer\u00eda de Sanidad tiene que valorar si el l\u00edquido disponible es apto para el consumo tras el incendio.<\/p>\n<p>&nbsp;<\/p>\n<\/div>\n<\/div>\n<div class=\"go gui\">\n<div class=\"go-up\"><\/div>\n<\/div>\n<\/div>\n<div id=\"taboola-below-content-thumbnails\" class=\" trc_related_container trc_spotlight_widget tbl-feed-container tbl-feed-frame-DIVIDER  render-late-effect\" data-feed-container-num=\"1\" data-feed-main-container-id=\"taboola-below-content-thumbnails\" data-parent-placement-name=\"Below Content Thumbnails\" data-pub-lang=\"es\">\n<div class=\" tbl-feed-header tbl-logo-right-position\">\n<div class=\"tbl-feed-header-logo\"><\/div>\n<\/div>\n<\/div>\n","protected":false},"excerpt":{"rendered":"<p>Incendio en Bej\u00eds, Espa\u00f1a, crea\u00a0dantesco\u00a0paisaje En lechos de r\u00edos, la sequ\u00eda muestra desde las\u00a0piedras del hambre\u00a0a bombas a\u00f1ejas Los caudales de varias partes del mundo est\u00e1n a los niveles m\u00e1s bajos en la historia moderna Amalie Garc\u00eda junto al Dolmen de Guadalperal, un monumento megal\u00edtico en forma de c\u00edrculo que data de la prehistoria y [&hellip;]<\/p>\n","protected":false},"author":249,"featured_media":29058,"comment_status":"open","ping_status":"closed","sticky":false,"template":"","format":"standard","meta":{"footnotes":""},"categories":[26],"tags":[],"class_list":["post-29057","post","type-post","status-publish","format-standard","has-post-thumbnail","hentry","category-mundo"],"_links":{"self":[{"href":"https:\/\/eloficiodehistoriar.com.mx\/index.php?rest_route=\/wp\/v2\/posts\/29057","targetHints":{"allow":["GET"]}}],"collection":[{"href":"https:\/\/eloficiodehistoriar.com.mx\/index.php?rest_route=\/wp\/v2\/posts"}],"about":[{"href":"https:\/\/eloficiodehistoriar.com.mx\/index.php?rest_route=\/wp\/v2\/types\/post"}],"author":[{"embeddable":true,"href":"https:\/\/eloficiodehistoriar.com.mx\/index.php?rest_route=\/wp\/v2\/users\/249"}],"replies":[{"embeddable":true,"href":"https:\/\/eloficiodehistoriar.com.mx\/index.php?rest_route=%2Fwp%2Fv2%2Fcomments&post=29057"}],"version-history":[{"count":1,"href":"https:\/\/eloficiodehistoriar.com.mx\/index.php?rest_route=\/wp\/v2\/posts\/29057\/revisions"}],"predecessor-version":[{"id":29059,"href":"https:\/\/eloficiodehistoriar.com.mx\/index.php?rest_route=\/wp\/v2\/posts\/29057\/revisions\/29059"}],"wp:featuredmedia":[{"embeddable":true,"href":"https:\/\/eloficiodehistoriar.com.mx\/index.php?rest_route=\/wp\/v2\/media\/29058"}],"wp:attachment":[{"href":"https:\/\/eloficiodehistoriar.com.mx\/index.php?rest_route=%2Fwp%2Fv2%2Fmedia&parent=29057"}],"wp:term":[{"taxonomy":"category","embeddable":true,"href":"https:\/\/eloficiodehistoriar.com.mx\/index.php?rest_route=%2Fwp%2Fv2%2Fcategories&post=29057"},{"taxonomy":"post_tag","embeddable":true,"href":"https:\/\/eloficiodehistoriar.com.mx\/index.php?rest_route=%2Fwp%2Fv2%2Ftags&post=29057"}],"curies":[{"name":"wp","href":"https:\/\/api.w.org\/{rel}","templated":true}]}}