{"id":29063,"date":"2022-08-21T10:02:18","date_gmt":"2022-08-21T16:02:18","guid":{"rendered":"https:\/\/eloficiodehistoriar.com.mx\/?p=29063"},"modified":"2022-08-21T10:02:18","modified_gmt":"2022-08-21T16:02:18","slug":"la-justicia-social-las-luchas-ideologicas-y-el-activismo-politico-juvenil-propuesta-escenica-relato","status":"publish","type":"post","link":"https:\/\/eloficiodehistoriar.com.mx\/?p=29063","title":{"rendered":"La justicia social, las luchas ideol\u00f3gicas y el activismo pol\u00edtico juvenil, propuesta esc\u00e9nica \u00abRelato\u00bb"},"content":{"rendered":"<div id=\"article-cont\" class=\"main-cont article-cont actuality\">\n<div class=\"cabeza\"><em>Relato\u00a0<\/em>lleva a escena el esp\u00edritu de la \u00e9poca en la que el CEU defendi\u00f3 la gratuidad de la UNAM<\/div>\n<div class=\"sumarios\"><\/div>\n<div id=\"article-text\" class=\"text\">\n<div class=\"col col1\">\n<div class=\"credito-autor\">De La Redacci\u00f3n<\/div>\n<div class=\"credito-titulo\"><\/div>\n<div class=\"hemero\">La Jornada<\/p>\n<\/div>\n<p class=\"s-s\">La justicia social, las luchas ideol\u00f3gicas y el activismo pol\u00edtico juvenil, son temas de la propuesta esc\u00e9nica de teatro-danza\u00a0<em>Relato,\u00a0<\/em>que\u00a0<q>evoca el esp\u00edritu de la \u00e9poca y los anhelos de los j\u00f3venes estudiantes de la d\u00e9cada de 1980 que participaron en lo que fue el movimiento del Consejo Estudiantil Universitario (CEU)<\/q>, en la Universidad Nacional Aut\u00f3noma de M\u00e9xico (UNAM), cuyas convicciones los llevaron a defender la gratuidad de la instituci\u00f3n.<\/p>\n<p>Con direcci\u00f3n y coreograf\u00eda de B\u00e1rbara Alvarado y Juan Carlos Franco,\u00a0<em>Relato\u00a0<\/em><q>se propone ser un reflejo de las heridas sociales que hoy d\u00eda siguen latentes<\/q>.<\/p>\n<p>De acuerdo con B\u00e1rbara Alvarado, la idea es\u00a0<q>evocar el esp\u00edritu de la \u00e9poca, la efervescencia de la ideolog\u00eda juvenil del CEU, al tiempo que se recuerda la vida de Luis Alberto Alvarado, miembro activo de esa primera generaci\u00f3n del consejo, quien decidi\u00f3 quitarse la vida en 1996<\/q>.<\/p>\n<p>Sobre\u00a0<em>Relato,<\/em>\u00a0B\u00e1rbara Alvarado coment\u00f3:\u00a0<q>Se trata de una obra que tambi\u00e9n reflexiona sobre la masculinidad, ya que, si es verdad que las mujeres hemos sido presas del machismo y la misoginia, igual quer\u00eda dar testimonio de que yo he conocido hombres de gran valor humano, \u00e9tico, social, pol\u00edtico, econ\u00f3mico, filos\u00f3fico e ideol\u00f3gico; entre ellos est\u00e1n mi padre, t\u00edos, amigos y maestros, que tambi\u00e9n me apoyaron para construirme en libertad<\/q>.<\/p>\n<\/div>\n<div class=\"col col2\">\n<p><em>Relato\u00a0<\/em>articula la memoria personal y emocional, y la hist\u00f3rica documental del CEU, explic\u00f3 la creadora esc\u00e9nica.\u00a0<q>Desde qu\u00e9 hizo a escalas pol\u00edtica e ideol\u00f3gica el joven Luis Alberto, y de qu\u00e9 manera vivi\u00f3 despu\u00e9s de luchar por la gratuidad de la UNAM, hasta la inclusi\u00f3n de fotograf\u00edas y documentos de aquel tiempo del CEU, en el que destacaron figuras importantes de la actual clase pol\u00edtica mexicana, como Claudia Sheinbaum, Imanol Ordorika, Carlos \u00cdmaz y Antonio Santos<\/q>.<\/p>\n<p class=\"sumario\">Temas como puentes temporales<\/p>\n<p class=\"s-s\"><em>Relato,\u00a0<\/em>apunt\u00f3 B\u00e1rbara Alvarado,\u00a0<q>revela que hay narrativas y situaciones que se convierten en puentes temporales; la vigencia de temas como la depresi\u00f3n, luchas ideol\u00f3gicas, la masculinidad (y su deconstrucci\u00f3n), la justicia social y el activismo pol\u00edtico se hacen tangibles desde una historia cercana, con la que los espectadores pueden conectar su presente<\/q>.<\/p>\n<p>Con iluminaci\u00f3n de Alita Escobedo, vestuario de Selene Bautista, dise\u00f1o sonoro de Adriano Morales, m\u00fasica original de Gerardo Tovar, asesoramiento vocal de Isabel Asiain, interpretaci\u00f3n de piano de Ale Sosa, producci\u00f3n de Aletheia Cuerpo Esc\u00e9nico y Mierda Bonita Producciones,\u00a0<em>Relato\u00a0<\/em>se presenta en una \u00fanica funci\u00f3n el jueves 25 de agosto a las 20:30 horas en el Teatro de la Ciudad Esperanza Iris (Donceles 36, Centro Hist\u00f3rico).<\/p>\n<\/div>\n<\/div>\n<div class=\"go gui\">\n<div class=\"go-up\"><\/div>\n<\/div>\n<\/div>\n","protected":false},"excerpt":{"rendered":"<p>Relato\u00a0lleva a escena el esp\u00edritu de la \u00e9poca en la que el CEU defendi\u00f3 la gratuidad de la UNAM De La Redacci\u00f3n La Jornada La justicia social, las luchas ideol\u00f3gicas y el activismo pol\u00edtico juvenil, son temas de la propuesta esc\u00e9nica de teatro-danza\u00a0Relato,\u00a0que\u00a0evoca el esp\u00edritu de la \u00e9poca y los anhelos de los j\u00f3venes estudiantes [&hellip;]<\/p>\n","protected":false},"author":249,"featured_media":29064,"comment_status":"open","ping_status":"closed","sticky":false,"template":"","format":"standard","meta":{"footnotes":""},"categories":[26],"tags":[],"class_list":["post-29063","post","type-post","status-publish","format-standard","has-post-thumbnail","hentry","category-mundo"],"_links":{"self":[{"href":"https:\/\/eloficiodehistoriar.com.mx\/index.php?rest_route=\/wp\/v2\/posts\/29063","targetHints":{"allow":["GET"]}}],"collection":[{"href":"https:\/\/eloficiodehistoriar.com.mx\/index.php?rest_route=\/wp\/v2\/posts"}],"about":[{"href":"https:\/\/eloficiodehistoriar.com.mx\/index.php?rest_route=\/wp\/v2\/types\/post"}],"author":[{"embeddable":true,"href":"https:\/\/eloficiodehistoriar.com.mx\/index.php?rest_route=\/wp\/v2\/users\/249"}],"replies":[{"embeddable":true,"href":"https:\/\/eloficiodehistoriar.com.mx\/index.php?rest_route=%2Fwp%2Fv2%2Fcomments&post=29063"}],"version-history":[{"count":1,"href":"https:\/\/eloficiodehistoriar.com.mx\/index.php?rest_route=\/wp\/v2\/posts\/29063\/revisions"}],"predecessor-version":[{"id":29065,"href":"https:\/\/eloficiodehistoriar.com.mx\/index.php?rest_route=\/wp\/v2\/posts\/29063\/revisions\/29065"}],"wp:featuredmedia":[{"embeddable":true,"href":"https:\/\/eloficiodehistoriar.com.mx\/index.php?rest_route=\/wp\/v2\/media\/29064"}],"wp:attachment":[{"href":"https:\/\/eloficiodehistoriar.com.mx\/index.php?rest_route=%2Fwp%2Fv2%2Fmedia&parent=29063"}],"wp:term":[{"taxonomy":"category","embeddable":true,"href":"https:\/\/eloficiodehistoriar.com.mx\/index.php?rest_route=%2Fwp%2Fv2%2Fcategories&post=29063"},{"taxonomy":"post_tag","embeddable":true,"href":"https:\/\/eloficiodehistoriar.com.mx\/index.php?rest_route=%2Fwp%2Fv2%2Ftags&post=29063"}],"curies":[{"name":"wp","href":"https:\/\/api.w.org\/{rel}","templated":true}]}}