{"id":29066,"date":"2022-08-21T10:11:39","date_gmt":"2022-08-21T16:11:39","guid":{"rendered":"https:\/\/eloficiodehistoriar.com.mx\/?p=29066"},"modified":"2022-08-21T10:11:39","modified_gmt":"2022-08-21T16:11:39","slug":"don-miguelito-convierte-el-oficio-de-peluquero-en-un-arte","status":"publish","type":"post","link":"https:\/\/eloficiodehistoriar.com.mx\/?p=29066","title":{"rendered":"Don Miguelito Convierte el oficio de peluquero en un arte"},"content":{"rendered":"<div>\n<h1 class=\"title\">Don Miguelito<\/h1>\n<h1 class=\"title\">Convierte el oficio de peluquero en un arte;<\/h1>\n<h1 class=\"title\">Su historia<\/h1>\n<\/div>\n<h3 class=\"subtitle\">Don Miguelito relata que ten\u00eda 12 a\u00f1os y r\u00e1pido lo animaron para integrarse como \u201cCh\u00edcharo\u201d, como se le dec\u00eda entonces a los ayudantes de peluqueros<\/h3>\n<div class=\"lead-gallery \">\n<div class=\"teaser  owl-carousel owl-theme\">\n<div class=\"owl-wrapper-outer\">\n<div class=\"owl-wrapper\">\n<div class=\"owl-item\">\n<div class=\"img-container picture\">\n<div id=\"standard_1\" class=\"st-placement standard_1 inImage\">\n<div class=\"st-adunit st-adunit-tagged st-reset st-show\">Miguel Gil Escamilla, con 60 a\u00f1os en el oficio, es una muestra de que ser peluquero de anta\u00f1o es un arte<\/div>\n<\/div>\n<\/div>\n<\/div>\n<\/div>\n<\/div>\n<\/div>\n<\/div>\n<div id=\"affix-share\" class=\"sharing-menu no-affix\">\n<ul>\n<li>Danytza Flores<\/li>\n<li>Diario de Xalapa<\/li>\n<\/ul>\n<\/div>\n<div class=\"content-body clearfix \">\n<div id=\"content-body-225-8769867\">\n<p>Veracruz, Ver.-<\/p>\n<p>Las modas van y vienen, pero las antiguas barber\u00edas del puerto de Veracruz resisten a los embates de las crisis.\u00a0<b>Miguel Gil Escamilla, con 60 a\u00f1os en el oficio<\/b>, es una muestra de que ser peluquero de anta\u00f1o es un arte que se adapta en cualquier circunstancia.<\/p>\n<p><b>Don Miguelito<\/b>, como lo conocen sus clientes, inici\u00f3 en este oficio a inicios de la d\u00e9cada de\u00a0<b>1962\u00a0<\/b>en la antigua peluquer\u00eda\u00a0<b>La Moda<\/b>, un local ya extinto que se ubicaba en la calle Emparan, en pleno centro de la ciudad de Veracruz.<\/p>\n<\/div>\n<\/div>\n<div class=\"advertisment \">\n<div id=\"dfp-nota-1x3s\" data-google-query-id=\"COGRxt-n2PkCFe6QAAAdNrIH_Q\">\n<div id=\"google_ads_iframe_\/2000002\/diariodexalapa\/mexico_nota_1x3_0__container__\">\u00bfDesde qu\u00e9 edad comenz\u00f3 en el mundo de la peluquer\u00eda?<\/div>\n<\/div>\n<\/div>\n<article class=\"content-continued-body clearfix \">\n<div id=\"content-body-5851641-8769867\">\n<p>En aquel entonces, relata que ten\u00eda 12 a\u00f1os, llegaba a bolear zapatos a los clientes, pero r\u00e1pido lo animaron para integrarse como\u00a0<b><i>\u201cCh\u00edcharo\u201d<\/i><\/b>, como se le dec\u00eda entonces a los ayudantes de peluqueros; los ocho barberos que atend\u00edan en el negocio se convirtieron en sus maestros.<\/p>\n<ul>\n<li><\/li>\n<\/ul>\n<p>Por varios a\u00f1os aprendi\u00f3 a usar las tijeras y las m\u00e1quinas de afeitar, hasta que fue acogido como todo un peluquero por los dem\u00e1s barberos.<\/p>\n<p><i>\u201cYo aprend\u00ed en la peluquer\u00eda La Moda, llegu\u00e9 ah\u00ed en el a\u00f1o de 1962, eran ocho peluqueros, yo era el ch\u00edcharo, que es como le llaman al aprendiz en las peluquer\u00edas, no es algo f\u00e1cil, pero no es nada del otro mundo. Ahora se aprende al vapor, antes era m\u00e1s lento, primero se aprend\u00eda en la tijera y despu\u00e9s a las m\u00e1quinas, ahora ya no\u201d<\/i>, relata.<\/p>\n<p>De manera ininterrumpida Don Miguelito se ha dedicado a cortar el cabello a los jarochos, su trabajo de manera disciplinada en la peluquer\u00eda en la que trabajaba le permiti\u00f3 reunir los ahorros para comprar un edificio en la\u00a0<b>avenida Benito Ju\u00e1rez<\/b>, entre\u00a0<b>Independencia y Zaragoza<\/b>, que ahora es el lugar donde tiene su propia barber\u00eda.<\/p>\n<p>Del edificio antiguo dividido en cuatro locales, renta uno y ocupa otro, al frente de la fachada se pueden observar los colores caracter\u00edsticos en espiral en azul y rojo que distingue a todas las peluquer\u00edas, viejas y modernas.<\/p>\n<ul>\n<li><\/li>\n<\/ul>\n<div class=\"local\nmedia \"><\/p>\n<div class=\"teaser \">\n<div class=\"img-container picture\">\n<div class=\"picture-caption\n\"><\/p>\n<h4>El letrero al frente dice \u201cFigaros\u201d, que es como se llama el negocio al que llega a las 7:00 de la ma\u00f1ana todos los d\u00edas y del que se va dando las 9:00 de la noche<\/h4>\n<\/div>\n<\/div>\n<\/div>\n<\/div>\n<h2>\u00bfCu\u00e1l es el horario de su peluquer\u00eda?<\/h2>\n<p>El letrero al frente dice\u00a0<b>\u201cFigaros\u201d,\u00a0<\/b>que es como se llama el negocio al que llega a las 7:00 de la ma\u00f1ana todos los d\u00edas y del que se va dando las 9:00 de la noche. Apenas se entra al negocio parece un viaje al pasado.<\/p>\n<p>Tres sillones para cortar el cabello se encuentran distribuidos frente a espejos, que en la parte superior tienen diversas fotograf\u00edas a color y en blanco y negro de\u00a0<b>Don Miguel<\/b>, sus clientes, sus compa\u00f1eros de trabajo y estampas del Veracruz antiguo.<\/p>\n<p>Tijeras y m\u00e1quinas de afeitar cuelgan de las paredes o se asoman en las cajoneras ubicadas frente a las sillas donde corta el cabello, mientras que una hilera m\u00e1s de asientos en el otro extremo es el sitio en donde pueden esperar los clientes.<\/p>\n<p>Don Miguel relata que ha pasado diversas crisis sociales, econ\u00f3micas y hasta de salud, como la que ahora se vive con el Covid-19, esta \u00faltima es la m\u00e1s dif\u00edcil para \u00e9l, ya que los clientes bajaron y a veces hasta siente incertidumbre de saber si alguno de ellos ha sido v\u00edctima de la enfermedad.<\/p>\n<div class=\"local\nmedia \"><\/p>\n<div class=\"teaser \">\n<div class=\"img-container picture\">\n<div id=\"standard_10\" class=\"st-placement standard_10 inImage\">\n<div class=\"st-adunit st-adunit-tagged st-reset st-show\">\n<div class=\"st-adunit-ad st-reset\">Don Miguel relata que ha pasado diversas crisis sociales, econ\u00f3micas y hasta de salud, como la que ahora se vive con el Covid-19<\/div>\n<\/div>\n<\/div>\n<\/div>\n<\/div>\n<\/div>\n<p>Don Miguelito relata que sus clientes siempre lo han salvado de no estar en la quiebra, pues acuden con \u00e9l desde hace varios a\u00f1os jarochos de coraz\u00f3n o que han llegado a vivir a la ciudad y conocen sus servicios.<\/p>\n<p><i>\u201cTengo muchos clientes, pol\u00edticos, alcaldes, empresarios, reporteros, personas de familias de aqu\u00ed de Veracruz\u201d,<\/i>\u00a0cuenta.<\/p>\n<p>Para \u00e9l, el oficio que pr\u00e1ctica es uno de los m\u00e1s necesarios para la sociedad, ya que siempre las personas buscar\u00e1n verse bien, tanto que dice que en Veracruz hace un par de a\u00f1os hubo espacio para que se diera un \u201cboom\u201d en el ramo de las barber\u00edas, sin que esto le bajara a los clientes.<\/p>\n<p>Sobre estas nuevas barber\u00edas estilo americano o modernas no habla mal, al contrario, afirma que le da gusto que j\u00f3venes se dediquen al oficio y se involucren en una labor que parec\u00eda se iba perdiendo.<\/p>\n<div class=\"local\nmedia \"><\/p>\n<div class=\"teaser \">\n<div class=\"img-container picture\">\n<div id=\"standard_11\" class=\"st-placement standard_11 inImage\">\n<div class=\"st-adunit st-adunit-tagged st-reset st-show\">\n<div class=\"st-adunit-ad st-reset\">\n<div class=\"st-display-render st-reset\">\n<div class=\"st-reset\">\n<div class=\"important-styled st-canvas-container open LeaderboardModule display-standard fssquz2\">\n<div class=\"important-styled st-canvas-el fhxwyqa\">\n<div class=\"important-styled st-canvas-container undefined fssquz2\">\n<div class=\"important-styled st-canvas-el fov9pu9\">\n<div class=\"important-styled st-canvas-container undefined fssquz2\">\n<div class=\"important-styled st-canvas-el fhxwyqa\">\n<div class=\"important-styled f1u5e9na\">\n<div class=\"important-styled display-render-wrapper f1u5e9na\">Sin embargo, tambi\u00e9n asegura que \u00e9l no ve nada nuevo en lo que hacen, pues incluso los cortes con difuminados y dibujos elaborados con las navajas, son pr\u00e1cticas que estuvieron de moda por ah\u00ed de los a\u00f1os <b>1960<\/b>, justo cuando \u00e9l se adentraba en el oficio.<\/div>\n<\/div>\n<\/div>\n<\/div>\n<\/div>\n<\/div>\n<\/div>\n<\/div>\n<\/div>\n<\/div>\n<\/div>\n<\/div>\n<\/div>\n<\/div>\n<\/div>\n<\/div>\n<p><i>\u201cEso de las barber\u00edas de hoy es una cosa c\u00edclica, antes eran muy comunes los cortes con difuminado por all\u00e1 de los a\u00f1os de 1960, pasaron de moda y ahora veo que de nuevo los est\u00e1n regresando a usar, esas son cosas de la moda, que siempre regresan.\u201d<\/i><\/p>\n<p>Tambi\u00e9n se dice un agradecido del oficio de barbero, pues con esto ha logrado dar comida a su familia, as\u00ed como estudio a sus hijas, quienes a pesar de no dedicarse a esto terminaron una carrera universitaria y tendr\u00e1n el legado del edificio que compr\u00f3 siendo peluquero.<\/p>\n<p><i>\u201cEste oficio me ha permitido ser due\u00f1o de este edificio viejo, gracias al esfuerzo y el trabajo de barbero de siempre me pude hacer de este inmueble, son cuatro locales de los cuales ocupo uno y rento otro, ser\u00e1 un patrimonio que deje a mi familia\u201d.<\/i><\/p>\n<h2>Delfino impuso una nueva escuela<\/h2>\n<p><b>Delfino Jes\u00fas Rojas Romero<\/b>\u00a0no tiene los mismos a\u00f1os que don\u00a0<b>Miguel Gil<\/b>\u00a0en el oficio de la peluquer\u00eda, pero al igual que \u00e9l tiene una pasi\u00f3n desmedida por lo que hace y practica el oficio desde que era un ni\u00f1o.<\/p>\n<p>Delfino inici\u00f3 en septiembre de\u00a0<b>1983<\/b>, cuando junto con sus hermanos tuvo que entrarle a atender el negocio que su pap\u00e1 les hered\u00f3 tras fallecer. Sin embargo, la fecha de inicio en este negocio no fue la misma en la que aprendi\u00f3, lo hizo antes, a la edad de 10 a\u00f1os, inspirado por el hombre que le dio la vida.<\/p>\n<p><i>\u201cDesde septiembre de 1983, pero aprendi\u00f3 desde los 10 a\u00f1os, cuando su pap\u00e1 le ense\u00f1\u00f3 el oficio, a partir de ah\u00ed empez\u00f3 a cortar el cabello, empezando desde cero cuando su pap\u00e1 falleci\u00f3 y despu\u00e9s decidi\u00f3 que ten\u00eda que empezar a trabajar en la peluquer\u00eda Hidalgo.\u201d<\/i><\/p>\n<div class=\"local\nmedia \"><\/p>\n<div class=\"teaser \">\n<div class=\"img-container picture\">\n<div class=\"picture-caption\n\"><\/p>\n<h4>La peluquer\u00eda Hidalgo fue atendida por \u00e9l y sus dos hermanos por<b>\u00a021 a\u00f1os<\/b>, hasta que cada uno se independiz\u00f3 y abri\u00f3 su propio local, cada uno de ellos se hizo de sus propios clientes que, en su caso, hoy en d\u00eda lo siguen buscando.<\/h4>\n<\/div>\n<\/div>\n<\/div>\n<\/div>\n<p>\u201c<i>Antes de que muriera mi pap\u00e1 yo ya sab\u00eda del negocio, \u00e9l me ense\u00f1\u00f3 cuando yo ten\u00eda como 10 a\u00f1os, despu\u00e9s de su fallecimiento empezamos de cero mis hermanos y yo, fue una \u00e9poca dif\u00edcil y tuvimos que fajarnos, nosotros est\u00e1bamos en Hidalgo 829, entre Canal y Morales, que era la peluquer\u00eda Hidalgo, muy conocida por muchos, yo trabaj\u00e9 ah\u00ed hasta mayo del 2003, 21 a\u00f1os trabajando.\u201d<\/i><\/p>\n<p>Pero la historia de Delfino no se qued\u00f3 en la peluquer\u00eda Hidalgo, en el\u00a0<b>2003 emigr\u00f3 a Estados Unidos<\/b>\u00a0en donde comenz\u00f3 a estudiar en una escuela de barberos, aprendi\u00f3 nuevas t\u00e9cnicas, el uso de nuevas herramientas.<\/p>\n<p>M\u00e1s tarde, esos conocimientos los trajo al puerto de Veracruz, en donde motiv\u00f3 la apertura de varias barber\u00edas de estilo americano o moderno, atendidas por j\u00f3venes que comenzaron a ver el oficio como algo atractivo y apasionante.<\/p>\n<p><i><span class=\"quote\">\u201cMe grad\u00fae en la escuela de barberos, trabaj\u00e9 cerca de siete a\u00f1os con los americanos, hice muchos cursos, me puse a la par de los barberos de all\u00e1, llegu\u00e9 con una t\u00e9cnica muy atrasada, pero en la escuela me ense\u00f1aron muchas cosas, desde t\u00e9cnicas hasta m\u00e1quinas, era algo muy diferente a lo que mi padre me hab\u00eda ense\u00f1ado\u00bb<\/span><\/i><\/p>\n<p>En el 2015 abri\u00f3 la primera escuela de barberos en el puerto de Veracruz y actualmente ense\u00f1a el oficio dando clases en el\u00a0<b>Icatver\u00a0<\/b>avalado por diversas certificaciones, pero sobre todo por el talento que sus alumnos muestran al egresar.<\/p>\n<p><i>\u201cLogr\u00e9 abrir la primera barber\u00eda con esa denominaci\u00f3n, porque aqu\u00ed la mayor\u00eda eran est\u00e9ticas, las peluquer\u00edas estaban muriendo y los j\u00f3venes no se les prend\u00eda el foco de que pod\u00edan ser barberos, de que pensaban que se quedar\u00edan con ese estigmas de que los peluqueros son viejitos, pero no es as\u00ed, muchas cosas han cambiado, se tienen t\u00e9cnicas distintas\u201d<\/i>, concluye.<\/p>\n<\/div>\n<\/article>\n","protected":false},"excerpt":{"rendered":"<p>Don Miguelito Convierte el oficio de peluquero en un arte; Su historia Don Miguelito relata que ten\u00eda 12 a\u00f1os y r\u00e1pido lo animaron para integrarse como \u201cCh\u00edcharo\u201d, como se le dec\u00eda entonces a los ayudantes de peluqueros Miguel Gil Escamilla, con 60 a\u00f1os en el oficio, es una muestra de que ser peluquero de anta\u00f1o [&hellip;]<\/p>\n","protected":false},"author":249,"featured_media":29067,"comment_status":"open","ping_status":"closed","sticky":false,"template":"","format":"standard","meta":{"footnotes":""},"categories":[26],"tags":[],"class_list":["post-29066","post","type-post","status-publish","format-standard","has-post-thumbnail","hentry","category-mundo"],"_links":{"self":[{"href":"https:\/\/eloficiodehistoriar.com.mx\/index.php?rest_route=\/wp\/v2\/posts\/29066","targetHints":{"allow":["GET"]}}],"collection":[{"href":"https:\/\/eloficiodehistoriar.com.mx\/index.php?rest_route=\/wp\/v2\/posts"}],"about":[{"href":"https:\/\/eloficiodehistoriar.com.mx\/index.php?rest_route=\/wp\/v2\/types\/post"}],"author":[{"embeddable":true,"href":"https:\/\/eloficiodehistoriar.com.mx\/index.php?rest_route=\/wp\/v2\/users\/249"}],"replies":[{"embeddable":true,"href":"https:\/\/eloficiodehistoriar.com.mx\/index.php?rest_route=%2Fwp%2Fv2%2Fcomments&post=29066"}],"version-history":[{"count":1,"href":"https:\/\/eloficiodehistoriar.com.mx\/index.php?rest_route=\/wp\/v2\/posts\/29066\/revisions"}],"predecessor-version":[{"id":29068,"href":"https:\/\/eloficiodehistoriar.com.mx\/index.php?rest_route=\/wp\/v2\/posts\/29066\/revisions\/29068"}],"wp:featuredmedia":[{"embeddable":true,"href":"https:\/\/eloficiodehistoriar.com.mx\/index.php?rest_route=\/wp\/v2\/media\/29067"}],"wp:attachment":[{"href":"https:\/\/eloficiodehistoriar.com.mx\/index.php?rest_route=%2Fwp%2Fv2%2Fmedia&parent=29066"}],"wp:term":[{"taxonomy":"category","embeddable":true,"href":"https:\/\/eloficiodehistoriar.com.mx\/index.php?rest_route=%2Fwp%2Fv2%2Fcategories&post=29066"},{"taxonomy":"post_tag","embeddable":true,"href":"https:\/\/eloficiodehistoriar.com.mx\/index.php?rest_route=%2Fwp%2Fv2%2Ftags&post=29066"}],"curies":[{"name":"wp","href":"https:\/\/api.w.org\/{rel}","templated":true}]}}