{"id":29073,"date":"2022-08-22T09:01:10","date_gmt":"2022-08-22T15:01:10","guid":{"rendered":"https:\/\/eloficiodehistoriar.com.mx\/?p=29073"},"modified":"2022-08-22T09:01:10","modified_gmt":"2022-08-22T15:01:10","slug":"george-steiner1929-2020-y-uno-de-los-pensadores-mas-destacados-de-los-siglos-xx-y-xxi","status":"publish","type":"post","link":"https:\/\/eloficiodehistoriar.com.mx\/?p=29073","title":{"rendered":"George Steiner,1929-2020 y uno de los pensadores m\u00e1s destacados de los siglos XX y XXI"},"content":{"rendered":"<h1 class=\"ljs-merri\">George Steiner y la profundidad del mar<\/h1>\n<p><span class=\"sem-autor\">Alejandro Garc\u00eda Abreu<\/span><\/p>\n<div id=\"carouselSemControls\" class=\"carousel slide\" data-ride=\"carousel\">\n<div class=\"carousel-inner\">\n<div class=\"carousel-item active\">\n<div class=\"ljs-nota-img\">\n<p class=\"ljs-nota-pie\">\n<\/div>\n<\/div>\n<\/div>\n<\/div>\n<div class=\"ljs-nota-descripcion\">George Steiner (Par\u00eds, 1929-Cambridge, 2020) \u2013uno de los pensadores m\u00e1s destacados de los siglos XX y XXI, autor de libros esenciales como &#8216;La idea de Europa&#8217;, &#8216;Un lector&#8217;, &#8216;Presencias reales&#8217; y &#8216;El silencio de los libros&#8217;\u2013 fue un maestro del ensayo y, a la vez, result\u00f3 un narrador excepcional. Su primer cuento publicado fue \u201cEn lo profundo del mar\u201d (1956), sobre el que versa el presente art\u00edculo.<\/div>\n<div class=\"ljs-nota-cuerpo\">\n<p>&nbsp;<\/p>\n<p><b>Prosa po\u00e9tica y referencias mar\u00edtimas<\/b><\/p>\n<p>\u201cLo profundo del mar estaba llevando al se\u00f1or Aaron Tefft al borde de la locura. En las cartas de navegaci\u00f3n que empapelaban las paredes de su estudio de Salem, las fosas estaban marcadas con tintas de tonos cada vez m\u00e1s estridentes\u201d, escribi\u00f3 George Steiner (Par\u00eds, 1929-Cambridge, 2020). Explorador de la intimidad, de la psique, retratista de la ca\u00edda de un hombre, Steiner \u2013uno de los intelectuales m\u00e1s importantes de los siglos XX y XXI, autor de libros primordiales como\u00a0<i>Tolst\u00f3i o Dostoievski<\/i>,\u00a0<i>Pasi\u00f3n intacta<\/i>,\u00a0<i>Los Log\u00f3cratas<\/i>,\u00a0<i>Extraterritorial\u00a0<\/i>y\u00a0<i>Nostalgia del absoluto<\/i>\u2013, escribi\u00f3 un cuento sustentado en m\u00faltiples reflexiones sobre la confianza y el origen de m\u00faltiples pensamientos y sentimientos trascendentes e insondables.<\/p>\n<p>Las olas azotan ese relato primigenio de Steiner. En su cuento \u201cEn lo profundo del mar\u201d (1956) \u2013que da t\u00edtulo al libro hom\u00f3nimo (traducci\u00f3n de Daniel Gasc\u00f3n, Siruela, Madrid, 2016), publicado originalmente en 1996\u2013 narra la historia de Aaron Tefft, un viejo comerciante mar\u00edtimo casado con la hermosa y joven Katherine Langley Tefft \u2013recuerda Dustin Kidd, investigador de la University of Virginia, en el ensayo \u201cThe Aesthetics of Truth\u201d [La est\u00e9tica de la verdad]. Consciente de la muerte inminente de Aaron Tefft, Katherine se hace amiga y se enamora de John Talford, un joven arquitecto. Habiendo elegido a su futuro segundo marido, Katherine espera pacientemente la muerte de Tefft. Cada d\u00eda que pasa, dice Kidd, parece levantarle el \u00e1nimo mientras hace planes para el futuro cuando ella y su nueva pareja puedan vivir de la rica herencia que Tefft dejar\u00eda. \u201cEn la narraci\u00f3n de Steiner, Aaron Tefft elige el suicidio, pero s\u00f3lo despu\u00e9s de hacer arreglos para asegurarse de que Katherine y Talford no reciban nada de su patrimonio\u201d, concluye Kidd.<\/p>\n<p>A trav\u00e9s de una prosa po\u00e9tica centrada en referencias mar\u00edtimas, Steiner demostr\u00f3 en su primer relato publicado la intranquilidad, los abismos, la penuria de su mar interior.<\/p>\n<p>&nbsp;<\/p>\n<p><b>Rumbo a la fatalidad<\/b><\/p>\n<p>Tefft pens\u00f3 en los lugares \u201cpor donde empiezan la noche absoluta y el fr\u00edo inhumano, pero donde rayos luminiscentes arrojan sus dardos de fuego\u201d.<\/p>\n<p>Steiner describe un ataque de p\u00e1nico: \u201cFue entonces cuando tuvo la primera pesadilla, la terrible impresi\u00f3n de ahogo, de ser arrastrado a un insaciable centro por una resaca enorme. Recordaba la lucha por respirar, la loca sensaci\u00f3n de enredo y, al final de lo que parec\u00eda una era de angustia en reclusi\u00f3n, la salida hacia el fr\u00edo de la noche. Aaron hab\u00eda corrido a la ventana y hab\u00eda mirado el mar que avanzaba hacia la tierra.\u201d A pesar del sufrimiento, el mar fue la vocaci\u00f3n<br \/>\nde Tefft.<\/p>\n<p>Describe su pesadilla recurrente: \u201cel ata\u00fad se rompe y de \u00e9l cae el se\u00f1or Tefft. En vez de hundirse hasta el fondo y el olvido de la arena, es capturado por una corriente que pasa y empujado hacia las profundidades\u201d. Steiner se refiere al \u201ccerebro perturbado\u201d de Tefft. Comenz\u00f3 a sentir celos y odio. Katherine Tefft y Aaron Tefft pelearon de nuevo a causa de Talford.<\/p>\n<p>Aaron Tefft emprende una traves\u00eda. \u201cEn su viaje la imagen de Katherine lo obsesion\u00f3. Como otro hombre la encontraba deseable, Aaron lament\u00f3 los a\u00f1os perdidos en el mar, las noches en las que hab\u00eda meditado sobre sus mapas en lugar de estar con ella.\u201d Steiner sigue: \u201cEn Honolul\u00fa, el se\u00f1or Tefft se emborrach\u00f3 ferozmente y fue de un lado a otro por la playa a la luz de la luna [\u2026]. Y, entre la luz iridiscente del Pac\u00edfico medio, el\u00a0<i>Hibernia<\/i>\u00a0sali\u00f3 hacia Jap\u00f3n.\u201d Steiner oblitera a su personaje:<\/p>\n<p>&nbsp;<\/p>\n<p>\u2026 el se\u00f1or Tefft vio la imagen de las estrellas y bajo ellas otras estrellas. Y al mirar hacia arriba, no pod\u00eda distinguir entre las estrellas reales y sus im\u00e1genes. El mundo de la noche era como un espejo que daba vueltas, la realidad a veces estaba por debajo y a veces por encima del ruido amortiguado del barco. Mir\u00f3 el reloj y contempl\u00f3 el puente para asegurarse de que el segundo oficial estaba en su puesto. Ahora las estrellas estaban tan bajas y brillantes que el agua parec\u00eda arder en el horizonte.\u00a0<i>Altus<\/i>\u00a0[en lat\u00edn la palabra\u00a0<i>altus<\/i>\u00a0significa tanto \u201calto\u201d como \u201cprofundo\u201d; explica tanto el Everest como la gran sima junto a Jap\u00f3n] pod\u00eda describir las profundidades del mar y las constelaciones m\u00e1s distantes.\/ El se\u00f1or Aaron Tefft camin\u00f3 r\u00e1pidamente hacia la borda.<\/p>\n<p>&nbsp;<\/p>\n<p>En el relato \u201cEn lo profundo del mar\u201d Steiner recurre al triste movimiento oce\u00e1nico. En la historia de p\u00e9rdida, el mar deviene veh\u00edculo narrativo de las emociones intensas de un genio del cuento de s\u00f3lo veintisiete a\u00f1os de edad.<\/p>\n<p>&nbsp;<\/p>\n<\/div>\n","protected":false},"excerpt":{"rendered":"<p>George Steiner y la profundidad del mar Alejandro Garc\u00eda Abreu George Steiner (Par\u00eds, 1929-Cambridge, 2020) \u2013uno de los pensadores m\u00e1s destacados de los siglos XX y XXI, autor de libros esenciales como &#8216;La idea de Europa&#8217;, &#8216;Un lector&#8217;, &#8216;Presencias reales&#8217; y &#8216;El silencio de los libros&#8217;\u2013 fue un maestro del ensayo y, a la vez, [&hellip;]<\/p>\n","protected":false},"author":249,"featured_media":29074,"comment_status":"open","ping_status":"closed","sticky":false,"template":"","format":"standard","meta":{"footnotes":""},"categories":[26],"tags":[],"class_list":["post-29073","post","type-post","status-publish","format-standard","has-post-thumbnail","hentry","category-mundo"],"_links":{"self":[{"href":"https:\/\/eloficiodehistoriar.com.mx\/index.php?rest_route=\/wp\/v2\/posts\/29073","targetHints":{"allow":["GET"]}}],"collection":[{"href":"https:\/\/eloficiodehistoriar.com.mx\/index.php?rest_route=\/wp\/v2\/posts"}],"about":[{"href":"https:\/\/eloficiodehistoriar.com.mx\/index.php?rest_route=\/wp\/v2\/types\/post"}],"author":[{"embeddable":true,"href":"https:\/\/eloficiodehistoriar.com.mx\/index.php?rest_route=\/wp\/v2\/users\/249"}],"replies":[{"embeddable":true,"href":"https:\/\/eloficiodehistoriar.com.mx\/index.php?rest_route=%2Fwp%2Fv2%2Fcomments&post=29073"}],"version-history":[{"count":1,"href":"https:\/\/eloficiodehistoriar.com.mx\/index.php?rest_route=\/wp\/v2\/posts\/29073\/revisions"}],"predecessor-version":[{"id":29075,"href":"https:\/\/eloficiodehistoriar.com.mx\/index.php?rest_route=\/wp\/v2\/posts\/29073\/revisions\/29075"}],"wp:featuredmedia":[{"embeddable":true,"href":"https:\/\/eloficiodehistoriar.com.mx\/index.php?rest_route=\/wp\/v2\/media\/29074"}],"wp:attachment":[{"href":"https:\/\/eloficiodehistoriar.com.mx\/index.php?rest_route=%2Fwp%2Fv2%2Fmedia&parent=29073"}],"wp:term":[{"taxonomy":"category","embeddable":true,"href":"https:\/\/eloficiodehistoriar.com.mx\/index.php?rest_route=%2Fwp%2Fv2%2Fcategories&post=29073"},{"taxonomy":"post_tag","embeddable":true,"href":"https:\/\/eloficiodehistoriar.com.mx\/index.php?rest_route=%2Fwp%2Fv2%2Ftags&post=29073"}],"curies":[{"name":"wp","href":"https:\/\/api.w.org\/{rel}","templated":true}]}}