{"id":29082,"date":"2022-08-22T09:15:05","date_gmt":"2022-08-22T15:15:05","guid":{"rendered":"https:\/\/eloficiodehistoriar.com.mx\/?p=29082"},"modified":"2022-08-22T09:15:05","modified_gmt":"2022-08-22T15:15:05","slug":"el-poeta-oscar-oliva-gano-hace-unos-dias-el-premio-nacional-de-artes-y-literatura-2021-en-linguistica","status":"publish","type":"post","link":"https:\/\/eloficiodehistoriar.com.mx\/?p=29082","title":{"rendered":"El poeta \u00d3scar Oliva, gan\u00f3 hace unos d\u00edas el Premio Nacional de Artes y Literatura 2021 en Ling\u00fc\u00edstica"},"content":{"rendered":"<div id=\"article-cont\" class=\"main-cont article-cont actuality\">\n<div class=\"cabeza\">En su homenaje, \u00d3scar Oliva sostuvo que\u00a0<q>la poes\u00eda debe integrar a todas las artes<\/q><\/div>\n<div class=\"sumarios\">\n<p>El Inbal le rindi\u00f3 tributo por sus 85 a\u00f1os y su trayectoria \/\/ La poeta Mariana Bern\u00e1rdez refiri\u00f3 que\u00a0<q>en su obra hay un brillo disonante que empuja a la experiencia abisal<\/q>\u00a0\/\/ La titular del instituto, Lucina Jim\u00e9nez, la calific\u00f3 de\u00a0<q>roc\u00edo de la ma\u00f1ana y oto\u00f1o en\u00e9rgico<\/q><\/p>\n<\/div>\n<div id=\"article-text\" class=\"text\">\n<div class=\"foto\">\n<div class=\"pie-foto\">Lucina Jim\u00e9nez, directora del Inbal, entrega un reconocimiento al poeta \u00d3scar Oliva, quien tambi\u00e9n estuvo acompa\u00f1ado en la ceremonia realizada ayer por su colega Jorge Ruiz Due\u00f1as.<\/div>\n<div><\/div>\n<\/div>\n<div class=\"col col1\">\n<div class=\"credito-autor\">Reyes Mart\u00ednez Torrijos<\/div>\n<div class=\"credito-titulo\"><\/div>\n<div class=\"hemero\">La Jornada<\/p>\n<\/div>\n<p class=\"s-s\">El reconocido poeta \u00d3scar Oliva, quien gan\u00f3 hace unos d\u00edas el Premio Nacional de Artes y Literatura 2021 en el campo de Ling\u00fc\u00edstica y Literatura, sostuvo que el quehacer po\u00e9tico debe estar integrado con las dem\u00e1s artes. As\u00ed lo expres\u00f3 durante el homenaje por sus 85 a\u00f1os y la totalidad de su obra, realizado el mediod\u00eda de este domingo en el Palacio de Bellas Artes.<\/p>\n<p>Durante su intervenci\u00f3n, record\u00f3 que a finales de 1959 tuvo su primer trabajo en el Departamento de Artes Pl\u00e1sticas del Instituto Nacional de Bellas Artes y Literatura (Inbal), bajo la direcci\u00f3n de Horacio Flores S\u00e1nchez, quien le \u201cense\u00f1\u00f3 a escuchar m\u00fasica, me dio a conocer la danza contempor\u00e1nea y qui\u00e9nes la hac\u00edan en esos a\u00f1os. Y tambi\u00e9n, por supuesto, me ense\u00f1\u00f3 a ver pintura y fotograf\u00eda.<\/p>\n<p><q>Comprend\u00ed que como en la antig\u00fcedad, y en el primero y segundo Renacimiento, deben estar las artes integradas<\/q>, manifest\u00f3 el autor chiapaneco, quien destac\u00f3 el enorme gusto que le dio que el reconocimiento se lo haya dado Lucina Jim\u00e9nez,\u00a0<q>mi quer\u00eddisima amiga de tantas batallas culturales que hemos hecho juntos<\/q>.<\/p>\n<p>Oliva (Tuxtla Guti\u00e9rrez, 1937) recibi\u00f3 reiterados aplausos nutridos y v\u00edtores, ante su compa\u00f1era de vida, Sonia Qui\u00f1ones, y su familia, as\u00ed como de escritores, amigos y admiradores.<\/p>\n<p>Lucina Jim\u00e9nez, titular del Inbal, mencion\u00f3 que Oliva es\u00a0<q>uno de los poetas vivos m\u00e1s significativos en el acontecer literario del pa\u00eds. Su poes\u00eda es lluvia fina, es roc\u00edo de la ma\u00f1ana y oto\u00f1o en\u00e9rgico que no puede disociarse de la realidad cotidiana, pero se aleja con gran elegancia del panfleto. Su obra no concede, recrea permanentemente formas que nos permiten rencontrarnos, rentendernos y tener esperanza en el mundo<\/q>.<\/p>\n<p>Refiri\u00f3 que Oliva recibi\u00f3 en 1975 el Premio de Poes\u00eda Aguascalientes por\u00a0<em>Estado de sitio,\u00a0<\/em>poemario medular de su obra, y que en 2022 cumple 50 a\u00f1os de su publicaci\u00f3n. La funcionaria reconoci\u00f3 en el poeta a un profesional que ha transitado por campos art\u00edsticos variados,\u00a0<q>siempre dejando una profunda huella como gestor cultural<\/q>, en arquitectura, danza, artes pl\u00e1sticas, poes\u00eda y teatro.<\/p>\n<\/div>\n<div class=\"col col2\">\n<p class=\"sumario\">Comprometido con la naturaleza<\/p>\n<p class=\"s-s\">Las poetas Mariana Bern\u00e1rdez y Carmen Nozal, as\u00ed como su colega Jorge Ruiz Due\u00f1as, recordaron la entra\u00f1able relaci\u00f3n que han tenido con Oliva y su apreciaci\u00f3n de los elementos de su poes\u00eda, dotado de un profundo pensamiento que vincula gran variedad de materias; tambi\u00e9n elaboraron una cuidada reflexi\u00f3n marcada por la amistad y la precisi\u00f3n en torno a la s\u00f3lida po\u00e9tica del integrante del grupo La Espiga Amotinada.<\/p>\n<p>Bern\u00e1rdez refiri\u00f3 que su obra es\u00a0<q>poes\u00eda de la perseverancia, dice \u00e9l, y yo agrego, del desasosiego y de la perplejidad, de mucho padecer. Hay en ella un br\u00edo disonante que empuja hacia la experiencia abisal. Tu poes\u00eda aborda las preguntas primordiales del estar y del ser. La violencia surca tu poes\u00eda, tocando las fibras m\u00e1s sensibles de lo humano y denunciado el laberinto de lo inexplicable<\/q>.<\/p>\n<p>En su alocuci\u00f3n, Carmen Nozal lo describi\u00f3 como\u00a0<q>poeta comprometido con la naturaleza. Conoce muy bien lo que sucede en Chiapas. Sabe del saqueo y de la explotaci\u00f3n que desde la Conquista se ha llevado a cabo en los pueblos ind\u00edgenas de su tierra. Conoce la degradaci\u00f3n reflejada en las selvas y monta\u00f1as, espejo de la miseria humana<\/q>. Concluy\u00f3 pidiendo un aplauso para la esposa del escritor, Sonia Qui\u00f1ones.<\/p>\n<p>En tanto, Jorge Ruiz Due\u00f1as hizo hincapi\u00e9 en que \u201ceste cantor de las cicatrices no calla ante la insolencia de la fuerza ni cede ante paneg\u00edricos laicos, pero hace de su palabra individual y gregaria a la vez una forma de conocimiento y de interpretaci\u00f3n del mundo.<\/p>\n<p>\u201cA lo largo de sus libros sobreviven personajes profundos y seres marginales investidos por la sabidur\u00eda primitiva aludida por Giambattista Vico.<\/p>\n<p><q>Sus entes po\u00e9ticos, de un pesimismo justificado, cumplen la funci\u00f3n de met\u00e1foras de lo humano, son videntes de la atemporalidad. El poeta multicultural que hoy celebramos, sin premura alguna ha decidido seguir la ruta civilizatoria en pos de una palabra a\u00fan m\u00e1s reflexiva que responda a las paradojas de la cultura.<\/q><\/p>\n<\/div>\n<\/div>\n<div class=\"go gui\">\n<div class=\"go-up\"><\/div>\n<\/div>\n<\/div>\n<div id=\"taboola-below-content-thumbnails\" class=\" trc_related_container trc_spotlight_widget tbl-feed-container tbl-feed-frame-DIVIDER  render-late-effect\" data-feed-container-num=\"1\" data-feed-main-container-id=\"taboola-below-content-thumbnails\" data-parent-placement-name=\"Below Content Thumbnails\" data-pub-lang=\"es\">\n<div class=\" tbl-feed-header tbl-logo-right-position\">\n<div class=\"tbl-feed-header-logo\"><\/div>\n<\/div>\n<\/div>\n","protected":false},"excerpt":{"rendered":"<p>En su homenaje, \u00d3scar Oliva sostuvo que\u00a0la poes\u00eda debe integrar a todas las artes El Inbal le rindi\u00f3 tributo por sus 85 a\u00f1os y su trayectoria \/\/ La poeta Mariana Bern\u00e1rdez refiri\u00f3 que\u00a0en su obra hay un brillo disonante que empuja a la experiencia abisal\u00a0\/\/ La titular del instituto, Lucina Jim\u00e9nez, la calific\u00f3 de\u00a0roc\u00edo de [&hellip;]<\/p>\n","protected":false},"author":249,"featured_media":29083,"comment_status":"open","ping_status":"closed","sticky":false,"template":"","format":"standard","meta":{"footnotes":""},"categories":[26],"tags":[],"class_list":["post-29082","post","type-post","status-publish","format-standard","has-post-thumbnail","hentry","category-mundo"],"_links":{"self":[{"href":"https:\/\/eloficiodehistoriar.com.mx\/index.php?rest_route=\/wp\/v2\/posts\/29082","targetHints":{"allow":["GET"]}}],"collection":[{"href":"https:\/\/eloficiodehistoriar.com.mx\/index.php?rest_route=\/wp\/v2\/posts"}],"about":[{"href":"https:\/\/eloficiodehistoriar.com.mx\/index.php?rest_route=\/wp\/v2\/types\/post"}],"author":[{"embeddable":true,"href":"https:\/\/eloficiodehistoriar.com.mx\/index.php?rest_route=\/wp\/v2\/users\/249"}],"replies":[{"embeddable":true,"href":"https:\/\/eloficiodehistoriar.com.mx\/index.php?rest_route=%2Fwp%2Fv2%2Fcomments&post=29082"}],"version-history":[{"count":1,"href":"https:\/\/eloficiodehistoriar.com.mx\/index.php?rest_route=\/wp\/v2\/posts\/29082\/revisions"}],"predecessor-version":[{"id":29084,"href":"https:\/\/eloficiodehistoriar.com.mx\/index.php?rest_route=\/wp\/v2\/posts\/29082\/revisions\/29084"}],"wp:featuredmedia":[{"embeddable":true,"href":"https:\/\/eloficiodehistoriar.com.mx\/index.php?rest_route=\/wp\/v2\/media\/29083"}],"wp:attachment":[{"href":"https:\/\/eloficiodehistoriar.com.mx\/index.php?rest_route=%2Fwp%2Fv2%2Fmedia&parent=29082"}],"wp:term":[{"taxonomy":"category","embeddable":true,"href":"https:\/\/eloficiodehistoriar.com.mx\/index.php?rest_route=%2Fwp%2Fv2%2Fcategories&post=29082"},{"taxonomy":"post_tag","embeddable":true,"href":"https:\/\/eloficiodehistoriar.com.mx\/index.php?rest_route=%2Fwp%2Fv2%2Ftags&post=29082"}],"curies":[{"name":"wp","href":"https:\/\/api.w.org\/{rel}","templated":true}]}}