{"id":29087,"date":"2022-08-24T15:34:26","date_gmt":"2022-08-24T21:34:26","guid":{"rendered":"https:\/\/eloficiodehistoriar.com.mx\/?p=29087"},"modified":"2022-08-24T15:34:26","modified_gmt":"2022-08-24T21:34:26","slug":"gran-parte-de-europa-en-alerta-ante-la-peor-escasez-de-agua-que-enfrenta-en-500-anos","status":"publish","type":"post","link":"https:\/\/eloficiodehistoriar.com.mx\/?p=29087","title":{"rendered":"Gran parte de Europa, en alerta ante la peor escasez de agua que enfrenta en 500 a\u00f1os"},"content":{"rendered":"<div id=\"article-cont\" class=\"main-cont article-cont actuality\">\n<div class=\"cabeza\">Gran parte de Europa, en alerta ante la peor escasez de agua que enfrenta en 500 a\u00f1os<\/div>\n<div class=\"sumarios\">\n<p>Olas de calor y falta de lluvias afectan la producci\u00f3n de electricidad y algunos cultivos, seg\u00fan informe de la UE<\/p>\n<\/div>\n<div id=\"article-text\" class=\"text\">\n<div class=\"col col1\">\n<div class=\"credito-autor\">Reuters<\/div>\n<div class=\"credito-titulo\"><\/div>\n<div class=\"hemero\">Peri\u00f3dico La Jornada<br \/>\nMi\u00e9rcoles 24 de agosto de 2022, p. 2<\/div>\n<p class=\"s-s\">Bruselas.<\/p>\n<p class=\"s-s\">Europa enfrenta la peor sequ\u00eda en por lo menos 500 a\u00f1os y casi dos tercios de su territorio se encuentra en estado de alerta o aviso debido a las olas de calor y la escasez de lluvias, lo que reduce la navegaci\u00f3n interior, la producci\u00f3n de electricidad y el rendimiento de algunos cultivos, inform\u00f3 ayer una agencia de la Uni\u00f3n Europea (UE).<\/p>\n<p>El informe de agosto del Observatorio Europeo de la Sequ\u00eda (EDO, por sus siglas en ingl\u00e9s), supervisado por la Comisi\u00f3n Europea, se\u00f1ala que 47 por ciento del viejo continente se encuentra en situaci\u00f3n de alerta, con un claro d\u00e9ficit de humedad en el suelo, y 17 por ciento en el que la vegetaci\u00f3n se ve da\u00f1ada.<\/p>\n<p><q>La grave sequ\u00eda que afecta a muchas regiones de Europa desde principios de a\u00f1o se ha ido extendiendo y agravando desde principios de agosto<\/q>, se\u00f1al\u00f3 el informe. Agreg\u00f3 que es probable que la regi\u00f3n occidental de Europa y el Mediterr\u00e1neo experimenten condiciones m\u00e1s c\u00e1lidas y secas de lo normal hasta noviembre.<\/p>\n<p>Gran parte de Europa ha enfrentado semanas de temperaturas abrasadoras este verano boreal, lo que ha agravado la sequ\u00eda, provocado incendios forestales, ha hecho saltar las alertas sanitarias y generado llamados con el fin de que se tomen m\u00e1s medidas para hacer frente al cambio clim\u00e1tico.<\/p>\n<\/div>\n<div class=\"col col2\">\n<p>La sequ\u00eda parece ser la peor en al menos 500 a\u00f1os, suponiendo que los datos definitivos al final de la temporada confirmen la evaluaci\u00f3n preliminar, destac\u00f3 la Comisi\u00f3n en un comunicado.<\/p>\n<p>Las cosechas de verano se han visto afectadas, ya que el rendimiento del ma\u00edz en grano en 2022 ser\u00e1 16 por ciento inferior a la media de los cinco a\u00f1os anteriores y los de la soya y el girasol caer\u00e1n 15 y 12 por ciento, respectivamente.<\/p>\n<p>La generaci\u00f3n de energ\u00eda hidroel\u00e9ctrica se ha visto afectada, con un mayor impacto en otros productores de energ\u00eda debido a la escasez de agua para alimentar los sistemas de refrigeraci\u00f3n.<\/p>\n<p>El bajo nivel de las aguas ha dificultado la navegaci\u00f3n interior, por ejemplo, a lo largo del Rin, y la reducci\u00f3n de la carga mar\u00edtima ha afectado al transporte de carb\u00f3n y petr\u00f3leo.<\/p>\n<p>El EDO a\u00f1adi\u00f3 que las lluvias de mediados de agosto pueden haber aliviado las condiciones, pero en algunos casos han llegado en forma de tormentas el\u00e9ctricas que han causado m\u00e1s da\u00f1os.<\/p>\n<p>El indicador de sequ\u00eda del observatorio se basa en las mediciones de las precipitaciones, la humedad del suelo y la fracci\u00f3n de radiaci\u00f3n solar que absorben las plantas para la fotos\u00edntesis.<\/p>\n<\/div>\n<\/div>\n<div class=\"go gui\">\n<div class=\"go-up\"><\/div>\n<\/div>\n<\/div>\n<div id=\"taboola-below-content-thumbnails\" class=\" trc_related_container trc_spotlight_widget tbl-feed-container tbl-feed-frame-DIVIDER  render-late-effect\" data-feed-container-num=\"1\" data-feed-main-container-id=\"taboola-below-content-thumbnails\" data-parent-placement-name=\"Below Content Thumbnails\" data-pub-lang=\"es\">\n<div class=\" tbl-feed-header tbl-logo-right-position\">\n<div class=\"tbl-feed-header-logo\"><\/div>\n<\/div>\n<\/div>\n","protected":false},"excerpt":{"rendered":"<p>Gran parte de Europa, en alerta ante la peor escasez de agua que enfrenta en 500 a\u00f1os Olas de calor y falta de lluvias afectan la producci\u00f3n de electricidad y algunos cultivos, seg\u00fan informe de la UE Reuters Peri\u00f3dico La Jornada Mi\u00e9rcoles 24 de agosto de 2022, p. 2 Bruselas. Europa enfrenta la peor sequ\u00eda [&hellip;]<\/p>\n","protected":false},"author":249,"featured_media":29088,"comment_status":"open","ping_status":"closed","sticky":false,"template":"","format":"standard","meta":{"footnotes":""},"categories":[26],"tags":[],"class_list":["post-29087","post","type-post","status-publish","format-standard","has-post-thumbnail","hentry","category-mundo"],"_links":{"self":[{"href":"https:\/\/eloficiodehistoriar.com.mx\/index.php?rest_route=\/wp\/v2\/posts\/29087","targetHints":{"allow":["GET"]}}],"collection":[{"href":"https:\/\/eloficiodehistoriar.com.mx\/index.php?rest_route=\/wp\/v2\/posts"}],"about":[{"href":"https:\/\/eloficiodehistoriar.com.mx\/index.php?rest_route=\/wp\/v2\/types\/post"}],"author":[{"embeddable":true,"href":"https:\/\/eloficiodehistoriar.com.mx\/index.php?rest_route=\/wp\/v2\/users\/249"}],"replies":[{"embeddable":true,"href":"https:\/\/eloficiodehistoriar.com.mx\/index.php?rest_route=%2Fwp%2Fv2%2Fcomments&post=29087"}],"version-history":[{"count":1,"href":"https:\/\/eloficiodehistoriar.com.mx\/index.php?rest_route=\/wp\/v2\/posts\/29087\/revisions"}],"predecessor-version":[{"id":29089,"href":"https:\/\/eloficiodehistoriar.com.mx\/index.php?rest_route=\/wp\/v2\/posts\/29087\/revisions\/29089"}],"wp:featuredmedia":[{"embeddable":true,"href":"https:\/\/eloficiodehistoriar.com.mx\/index.php?rest_route=\/wp\/v2\/media\/29088"}],"wp:attachment":[{"href":"https:\/\/eloficiodehistoriar.com.mx\/index.php?rest_route=%2Fwp%2Fv2%2Fmedia&parent=29087"}],"wp:term":[{"taxonomy":"category","embeddable":true,"href":"https:\/\/eloficiodehistoriar.com.mx\/index.php?rest_route=%2Fwp%2Fv2%2Fcategories&post=29087"},{"taxonomy":"post_tag","embeddable":true,"href":"https:\/\/eloficiodehistoriar.com.mx\/index.php?rest_route=%2Fwp%2Fv2%2Ftags&post=29087"}],"curies":[{"name":"wp","href":"https:\/\/api.w.org\/{rel}","templated":true}]}}