{"id":29096,"date":"2022-08-24T15:50:21","date_gmt":"2022-08-24T21:50:21","guid":{"rendered":"https:\/\/eloficiodehistoriar.com.mx\/?p=29096"},"modified":"2022-08-24T15:50:21","modified_gmt":"2022-08-24T21:50:21","slug":"la-tradicion-de-los-salmeron-originario-de-tierra-caliente-del-rio-balsas-en-tlapehuala-de-mas-200-anos","status":"publish","type":"post","link":"https:\/\/eloficiodehistoriar.com.mx\/?p=29096","title":{"rendered":"La tradici\u00f3n de Los Salmer\u00f3n, originario de Tierra Caliente del r\u00edo Balsas, en Tlapehuala,  de m&#8217;as 200 a\u00f1os"},"content":{"rendered":"<div id=\"article-cont\" class=\"main-cont article-cont actuality\">\n<div class=\"cabeza\">Las mujeres de Los Salmer\u00f3n\u00a0<q>toman la batuta para transmitir la m\u00fasica de Tierra Caliente<\/q><\/div>\n<div class=\"sumarios\">\n<p>Con una tradici\u00f3n de m\u00e1s de dos siglos, la agrupaci\u00f3n presentar\u00e1 disco en la Fonoteca Nacional<\/p>\n<\/div>\n<div id=\"article-text\" class=\"text\">\n<div class=\"foto\">\n<div class=\"pie-foto\">Durante su actuaci\u00f3n en el Z\u00f3calo capitalino en la celebraci\u00f3n del primer a\u00f1o de gobierno de AMLO.<\/div>\n<div><\/div>\n<\/div>\n<div class=\"col col1\">\n<div class=\"credito-autor\">Ana M\u00f3nica Rodr\u00edguez<\/div>\n<div class=\"credito-titulo\"><\/div>\n<div class=\"hemero\">La Jornada<\/p>\n<\/div>\n<p class=\"s-s\">La tradici\u00f3n musical del grupo Los Salmer\u00f3n, originario de Tierra Caliente de la depresi\u00f3n del r\u00edo Balsas, en Tlapehuala, Guerrero, data de hace m\u00e1s de 200 a\u00f1os y ahora, en su sexta generaci\u00f3n, las mujeres\u00a0<q>toman la batuta<\/q>\u00a0para transmitir su memoria sonora a trav\u00e9s de la\u00a0<q>m\u00fasica de rastra o arrastre (campesina), la cual abarca los gustos y sones<\/q>.<\/p>\n<p>Ely Salmer\u00f3n, integrante del grupo, afirm\u00f3:\u00a0<q>La trayectoria de la familia ha sido ininterrumpida; cada generaci\u00f3n ha dado m\u00fasicos que han tomado la estafeta y relevado a la anterior; han sido dos siglos de preservar, transmitir, conservar y seguir componiendo nuestro repertorio<\/q>. La agrupaci\u00f3n presentar\u00e1 el disco\u00a0<em>Puro Tierra Caliente,<\/em>\u00a0el viernes en la Fonoteca Nacional.<\/p>\n<p>Es su primer \u00e1lbum distribuido por Ediciones Pentagrama, el cual re\u00fane piezas emblem\u00e1ticas de la regi\u00f3n calentana, as\u00ed como un repertorio menos difundido, interpretado con dotaciones instrumentales que se usaron en esa zona.\u00a0<q>Lo que se est\u00e1 a punto de escuchar es el susurro, la melod\u00eda y el ritmo de la vida misma que trasciende el mero presente en forma de tradici\u00f3n<\/q>.<\/p>\n<p>Ely explic\u00f3:\u00a0<q>Van a escuchar 13 piezas, como son gustos, sones, un bolero, un vals y foxtrot; la mayor\u00eda de los temas del repertorio es de la familia, referente obligado de la m\u00fasica en la regi\u00f3n<\/q>.\u00a0<em>El gusto federal, Coyuca de Catal\u00e1n, La tortolita, Jacobita, El gavil\u00e1n, Claudia,<\/em>\u00a0<em>El Huizache, Cu\u00e1nto he sufrido<\/em>\u00a0y\u00a0<em>La nopalera<\/em>\u00a0son algunos que se incluyen en la producci\u00f3n, la cual comenz\u00f3 a hacerse en 2017, pero tuvo que esperar debido a aspectos t\u00e9cnicos y luego se atraves\u00f3 la emergencia sanitaria.<\/p>\n<p>Camilo Rax\u00e1 Camacho Jurado, otro de los integrantes, precis\u00f3:\u00a0<q>Este disco es muy importante porque cierra un ciclo y abre otro, pues la familia Salmer\u00f3n lleva m\u00e1s de seis generaciones en la tradici\u00f3n musical. En esta producci\u00f3n, la quinta generaci\u00f3n pas\u00f3 la estafeta a la siguiente, que ser\u00e1 encabezada por las mujeres, sobre todo, en este tipo de m\u00fasica que se le conoce como de arrastre, t\u00e9rmino usado para referirse a la campesina, la cual abarca gustos y sones<\/q>.<\/p>\n<p class=\"sumario\">Recuperaci\u00f3n de la sonoridad de las orquestitas<\/p>\n<p class=\"s-s\">En estas piezas, a\u00f1adi\u00f3,\u00a0<q>el grupo se esforz\u00f3 por recuperar la sonoridad de las orquestitas que existieron en Tierra Caliente a finales del siglo XIX y principios del XX, las cuales se hallaban en las fiestas y en el \u00e1mbito religioso. Incluso, a finales del siglo pasado, a nosotros nos toc\u00f3 escucharlas en la velaci\u00f3n de la Virgen de la Asunci\u00f3n de Mar\u00eda, en Tlapehuala<\/q>.<\/p>\n<\/div>\n<div class=\"col col2\">\n<p>Destac\u00f3:\u00a0<q>En los arreglos para las piezas, justo se incluye la dotaci\u00f3n de esta orquestita, que est\u00e1 integrada por un clarinete (Nadia), flauta transversa (Olivia), la guitarra s\u00e9ptima o mexicana (Ely), la tamborita (Rigo), otra guitarra (Juan) y yo con el viol\u00edn. Adem\u00e1s, tuvimos de invitados a otros m\u00fasicos para mostrar la riqueza musical, no s\u00f3lo en cuanto a g\u00e9neros, sino a la ejecuci\u00f3n de instrumentos<\/q>.<\/p>\n<p>En realidad, sostuvo,\u00a0<q>esto es lo novedoso respecto de grabaciones que se han hecho de otros grupos de la Tierra Caliente, pues generalmente lo \u00fanico que se graba es m\u00fasica del \u00e1mbito, sobre todo, secular sones y gustos, pero no existe material de estos conjuntos de orquestitas que exist\u00edan en la regi\u00f3n<\/q>.<\/p>\n<p>La zona calentana es reconocida por sus conjuntos de tamborita que interpretan sones y gustos, g\u00e9neros tradicionales de esta regi\u00f3n. El grupo de los Salmer\u00f3n se ha consolidado como una marca de identidad de lo calentano en la porci\u00f3n del estado de Guerrero.<\/p>\n<p><q>La propuesta musical del grupo invita a degustar la m\u00fasica de la Tierra Caliente del estado de Guerrero. Sones, gustos, pasodobles, corridas, boleros entre otros g\u00e9neros, forman parte de este men\u00fa musical que nos aproxima al sentir de otra latitud de nuestro pa\u00eds<\/q>, afirmaron los m\u00fasicos.<\/p>\n<p>Los Salmer\u00f3n, herederos de la tradici\u00f3n musical que se remonta a principios del siglo XIX, est\u00e1 integrado por Rigoberto Salmer\u00f3n Garc\u00eda, director, viol\u00edn y voz; Camilo Rax\u00e1 Camacho Jurado, viol\u00edn; Ely Salmer\u00f3n Garc\u00eda, guitarra y voz; Nadia Mercedes Salmer\u00f3n Garc\u00eda, tamborita y voz, y Juan Salmer\u00f3n Garc\u00eda, contrabajo y voz. Los bailarines son Livia Iliana Salmer\u00f3n Garc\u00eda, Marisela Guadalupe Garc\u00eda R\u00edos y Francisco Javier Linerio.<\/p>\n<p>La tradici\u00f3n musical calentana ha sido llevada a diversos escenarios de Guerrero, de otros estados de la Rep\u00fablica, como la Ciudad de M\u00e9xico, y otros pa\u00edses.<\/p>\n<p>El concierto y presentaci\u00f3n del disco\u00a0<em>Puro Tierra Caliente<\/em>, que ya se encuentra en plataformas digitales y en formato f\u00edsico, ser\u00e1 el viernes a las 19 horas en la Fonoteca Nacional, Francisco Sosa 383, Barrio de Santa Catarina, Coyoac\u00e1n. Entrada libre y cupo limitado.<\/p>\n<\/div>\n<\/div>\n<div class=\"go gui\">\n<div class=\"go-up\"><\/div>\n<\/div>\n<\/div>\n","protected":false},"excerpt":{"rendered":"<p>Las mujeres de Los Salmer\u00f3n\u00a0toman la batuta para transmitir la m\u00fasica de Tierra Caliente Con una tradici\u00f3n de m\u00e1s de dos siglos, la agrupaci\u00f3n presentar\u00e1 disco en la Fonoteca Nacional Durante su actuaci\u00f3n en el Z\u00f3calo capitalino en la celebraci\u00f3n del primer a\u00f1o de gobierno de AMLO. Ana M\u00f3nica Rodr\u00edguez La Jornada La tradici\u00f3n musical [&hellip;]<\/p>\n","protected":false},"author":249,"featured_media":29097,"comment_status":"open","ping_status":"closed","sticky":false,"template":"","format":"standard","meta":{"footnotes":""},"categories":[26],"tags":[],"class_list":["post-29096","post","type-post","status-publish","format-standard","has-post-thumbnail","hentry","category-mundo"],"_links":{"self":[{"href":"https:\/\/eloficiodehistoriar.com.mx\/index.php?rest_route=\/wp\/v2\/posts\/29096","targetHints":{"allow":["GET"]}}],"collection":[{"href":"https:\/\/eloficiodehistoriar.com.mx\/index.php?rest_route=\/wp\/v2\/posts"}],"about":[{"href":"https:\/\/eloficiodehistoriar.com.mx\/index.php?rest_route=\/wp\/v2\/types\/post"}],"author":[{"embeddable":true,"href":"https:\/\/eloficiodehistoriar.com.mx\/index.php?rest_route=\/wp\/v2\/users\/249"}],"replies":[{"embeddable":true,"href":"https:\/\/eloficiodehistoriar.com.mx\/index.php?rest_route=%2Fwp%2Fv2%2Fcomments&post=29096"}],"version-history":[{"count":1,"href":"https:\/\/eloficiodehistoriar.com.mx\/index.php?rest_route=\/wp\/v2\/posts\/29096\/revisions"}],"predecessor-version":[{"id":29098,"href":"https:\/\/eloficiodehistoriar.com.mx\/index.php?rest_route=\/wp\/v2\/posts\/29096\/revisions\/29098"}],"wp:featuredmedia":[{"embeddable":true,"href":"https:\/\/eloficiodehistoriar.com.mx\/index.php?rest_route=\/wp\/v2\/media\/29097"}],"wp:attachment":[{"href":"https:\/\/eloficiodehistoriar.com.mx\/index.php?rest_route=%2Fwp%2Fv2%2Fmedia&parent=29096"}],"wp:term":[{"taxonomy":"category","embeddable":true,"href":"https:\/\/eloficiodehistoriar.com.mx\/index.php?rest_route=%2Fwp%2Fv2%2Fcategories&post=29096"},{"taxonomy":"post_tag","embeddable":true,"href":"https:\/\/eloficiodehistoriar.com.mx\/index.php?rest_route=%2Fwp%2Fv2%2Ftags&post=29096"}],"curies":[{"name":"wp","href":"https:\/\/api.w.org\/{rel}","templated":true}]}}