{"id":29106,"date":"2022-08-26T16:17:33","date_gmt":"2022-08-26T22:17:33","guid":{"rendered":"https:\/\/eloficiodehistoriar.com.mx\/?p=29106"},"modified":"2022-08-26T16:17:33","modified_gmt":"2022-08-26T22:17:33","slug":"en-la-mina-el-pinabete-aseguraron-que-se-les-informo-que-sera-posible-rescatar-a-los-mineros-en-seis-meses","status":"publish","type":"post","link":"https:\/\/eloficiodehistoriar.com.mx\/?p=29106","title":{"rendered":"En la mina El Pinabete aseguraron que se les inform\u00f3 que ser\u00e1 posible rescatar a los mineros en seis meses"},"content":{"rendered":"<div id=\"article-cont\" class=\"main-cont article-cont actuality\">\n<div class=\"sumarios\">\n<p>Critican que autoridades retiren apoyo a familiares<\/p>\n<\/div>\n<div class=\"cabeza\">Arremeten contra Laura Vel\u00e1zquez por plan de 11 meses para rescatar a mineros de El Pinabete<\/div>\n<div class=\"sumarios\"><\/div>\n<div id=\"article-text\" class=\"text\">\n<div class=\"col col1\">\n<div class=\"credito-autor\">Leopoldo Ramos<\/div>\n<div class=\"credito-titulo\"><\/div>\n<div class=\"hemero\">La Jornada<\/div>\n<div class=\"hemero\">\nSabinas, Coah.,<\/div>\n<div class=\"hemero\">Familiares de los trabajadores atrapados en la mina El Pinabete aseguraron que la coordinadora nacional de Protecci\u00f3n Civil, Laura Vel\u00e1zquez, les inform\u00f3 este jueves que ser\u00e1 posible rescatar a los mineros en un periodo de seis a 11 meses y no descart\u00f3 que se les entregue una indemnizaci\u00f3n.<\/div>\n<p>Agregaron que la funcionaria les precis\u00f3 que para el rescate se construir\u00e1 un tajo adicional a fin de ingresar a la excavaci\u00f3n y buscar a los mineros que se encuentran en el pozo de carb\u00f3n desde el pasado 3 de agosto.<\/p>\n<p>Parientes de los obreros pidieron apoyo a vecinos del municipio de Sabinas para protestar por el anuncio de Vel\u00e1zquez, pues consideran que se pretende dejar a los trabajadores en el fondo de la mina.<\/p>\n<p><q>La \u00fanica opci\u00f3n que nos dan es hacer unos tajos que se van a tardar de seis a 11 meses y que es lo \u00fanico que nos pueden hacer<\/q>, expres\u00f3 Mar\u00eda Elena Ch\u00e1vez, esposa del minero Jaime Montelongo.<\/p>\n<p class=\"sumario\"><q>Puras mentiras<\/q><\/p>\n<p class=\"s-s\">Record\u00f3 que el mi\u00e9rcoles por la noche \u201cno nos llevaron informaci\u00f3n hasta ahorita, siendo que nos trajo con mentiras de que \u2018ya vamos a tapar, a taponear\u2019, y \u2018ya tenemos el cemento para esto\u2019, y puras mentiras\u201d.<\/p>\n<p>Las familias de los operarios indicaron que el gobierno federal empez\u00f3 a desmontar el campamento donde los parientes esperaban noticias sobre el rescate. Ya no est\u00e1n el hospital m\u00f3vil, ambulancias, ba\u00f1os y el comedor como si, intuyeron, se tuviera la intenci\u00f3n de concluir las labores.<\/p>\n<p><q>Lo que queremos es justicia y no los vamos a dejar ah\u00ed (a los mineros)<\/q>, subray\u00f3 Juani Tijerina, hermana del minero Hugo Tijerina.\u00a0<q>Si en tres semanas no pudieron hacer nada, \u00bfen un a\u00f1o qu\u00e9 nos van a entregar? Nos van a traer vuelta y vuelta, y con puras mentiras<\/q>.<\/p>\n<p>La organizaci\u00f3n Familia Pasta de Conchos respondi\u00f3 al anuncio de la Coordinaci\u00f3n Nacional de Protecci\u00f3n Civil sobre el nuevo plan para rescatar a los mineros atrapados en El Pinabete.<\/p>\n<\/div>\n<div class=\"col col2\">\n<p class=\"sumario\">Nunca se ha hecho un tajo como el que proponen<\/p>\n<p class=\"s-s\">\u201cNunca, absolutamente nunca, se ha hecho una obra minera como la que est\u00e1 proponiendo\u00a0<a href=\"https:\/\/twitter.com\/@CNPC_MX\" target=\"_blank\" rel=\"noopener\">@CNPC_MX<\/a>\u00a0<a href=\"https:\/\/twitter.com\/@CFE\" target=\"_blank\" rel=\"noopener\">@CFE<\/a>\u00a0para recuperar los cuerpos de los mineros atrapados en pozos, minitas y cuevas\u201d, public\u00f3 el organismo en Facebook.<\/p>\n<p>El grupo consider\u00f3\u00a0<q>inadmisible<\/q>\u00a0no dejar trabajar a las cuadrillas de rescate local, que han recuperado los cuerpos de 143 mineros de 1997 a 2021, de acuerdo con sus datos.<\/p>\n<p>Asimismo, Familia Pasta de Conchos acus\u00f3 a Laura Vel\u00e1zquez de escuchar a la Comisi\u00f3n Federal de Electricidad,\u00a0<q>que no sabe de minas ni cuenta con experiencia en rescate; es incre\u00edble el nivel de violencia contra las familias y la regi\u00f3n. Los rescatistas de la regi\u00f3n han recuperado los cuerpos de al menos 143 compa\u00f1eros en pozos y minitas o cuevas, sin hacer minas a cielo abierto<\/q>.<\/p>\n<p class=\"sumario\">Informe de operaciones<\/p>\n<p class=\"s-s\">Ayer por primera ocasi\u00f3n no se present\u00f3 el parte de las operaciones de rescate en la conferencia del presidente Andr\u00e9s Manuel L\u00f3pez Obrador. Ante la extra\u00f1eza por esta circunstancia \u2013pues desde el d\u00eda del incidente, el 3 de agosto, a diario se hab\u00eda dado informaci\u00f3n\u2013, el jefe del Ejecutivo federal explic\u00f3:\u00a0<q>No se inform\u00f3 hoy sobre lo de la mina porque se est\u00e1 haciendo una consulta con los familiares de los mineros atrapados. Hay un plan de rescate y no se quiere iniciar nada sin su consentimiento. Hoy (ayer) se les va a presentar el plan y se les va a pedir su consentimiento. No quisimos dar a conocer la estrategia propuesta hasta que no se les consulte<\/q>.<\/p>\n<p>El mandatario coment\u00f3 que si las familias autorizan el proyecto, hoy o en d\u00edas pr\u00f3ximos se dar\u00eda a conocer.\u00a0<q>Estamos cuidando eso, no tomar decisiones sin consultar a los familiares<\/q>.<\/p>\n<\/div>\n<\/div>\n<div class=\"go gui\">\n<div class=\"go-up\"><\/div>\n<\/div>\n<\/div>\n","protected":false},"excerpt":{"rendered":"<p>Critican que autoridades retiren apoyo a familiares Arremeten contra Laura Vel\u00e1zquez por plan de 11 meses para rescatar a mineros de El Pinabete Leopoldo Ramos La Jornada Sabinas, Coah., Familiares de los trabajadores atrapados en la mina El Pinabete aseguraron que la coordinadora nacional de Protecci\u00f3n Civil, Laura Vel\u00e1zquez, les inform\u00f3 este jueves que ser\u00e1 [&hellip;]<\/p>\n","protected":false},"author":249,"featured_media":29107,"comment_status":"open","ping_status":"closed","sticky":false,"template":"","format":"standard","meta":{"footnotes":""},"categories":[26],"tags":[],"class_list":["post-29106","post","type-post","status-publish","format-standard","has-post-thumbnail","hentry","category-mundo"],"_links":{"self":[{"href":"https:\/\/eloficiodehistoriar.com.mx\/index.php?rest_route=\/wp\/v2\/posts\/29106","targetHints":{"allow":["GET"]}}],"collection":[{"href":"https:\/\/eloficiodehistoriar.com.mx\/index.php?rest_route=\/wp\/v2\/posts"}],"about":[{"href":"https:\/\/eloficiodehistoriar.com.mx\/index.php?rest_route=\/wp\/v2\/types\/post"}],"author":[{"embeddable":true,"href":"https:\/\/eloficiodehistoriar.com.mx\/index.php?rest_route=\/wp\/v2\/users\/249"}],"replies":[{"embeddable":true,"href":"https:\/\/eloficiodehistoriar.com.mx\/index.php?rest_route=%2Fwp%2Fv2%2Fcomments&post=29106"}],"version-history":[{"count":1,"href":"https:\/\/eloficiodehistoriar.com.mx\/index.php?rest_route=\/wp\/v2\/posts\/29106\/revisions"}],"predecessor-version":[{"id":29108,"href":"https:\/\/eloficiodehistoriar.com.mx\/index.php?rest_route=\/wp\/v2\/posts\/29106\/revisions\/29108"}],"wp:featuredmedia":[{"embeddable":true,"href":"https:\/\/eloficiodehistoriar.com.mx\/index.php?rest_route=\/wp\/v2\/media\/29107"}],"wp:attachment":[{"href":"https:\/\/eloficiodehistoriar.com.mx\/index.php?rest_route=%2Fwp%2Fv2%2Fmedia&parent=29106"}],"wp:term":[{"taxonomy":"category","embeddable":true,"href":"https:\/\/eloficiodehistoriar.com.mx\/index.php?rest_route=%2Fwp%2Fv2%2Fcategories&post=29106"},{"taxonomy":"post_tag","embeddable":true,"href":"https:\/\/eloficiodehistoriar.com.mx\/index.php?rest_route=%2Fwp%2Fv2%2Ftags&post=29106"}],"curies":[{"name":"wp","href":"https:\/\/api.w.org\/{rel}","templated":true}]}}