{"id":29152,"date":"2022-08-30T15:33:12","date_gmt":"2022-08-30T21:33:12","guid":{"rendered":"https:\/\/eloficiodehistoriar.com.mx\/?p=29152"},"modified":"2022-08-30T15:33:12","modified_gmt":"2022-08-30T21:33:12","slug":"silvia-pinal-fue-ovacionada-en-la-sala-principal-del-palacio-de-bellas-artes-donde-brillo-como-la-gran-diva","status":"publish","type":"post","link":"https:\/\/eloficiodehistoriar.com.mx\/?p=29152","title":{"rendered":"Silvia Pinal fue ovacionada en la sala principal del Palacio de Bellas Artes, donde brill\u00f3 como la gran diva"},"content":{"rendered":"<div id=\"article-cont\" class=\"main-cont article-cont actuality\">\n<div class=\"cabeza\">Silvia Pinal brill\u00f3 en Bellas Artes como la gran diva del cine, teatro y tv de M\u00e9xico<\/div>\n<div class=\"sumarios\">\n<p>La actriz y productora recibi\u00f3 un homenaje en el recinto, donde estuvo acompa\u00f1ada de sus hijos y compa\u00f1eros del ambiente art\u00edstico<\/p>\n<\/div>\n<div id=\"article-text\" class=\"text\">\n<div class=\"foto\">\n<div class=\"pie-foto\">En el tributo a la protagonista de <em>Viridiana\u00a0<\/em>se hizo un recuento de su trayectoria, an\u00e9cdotas y se expusieron fragmentos de sus musicales.<\/div>\n<div><\/div>\n<\/div>\n<div class=\"col col1\">\n<div class=\"credito-autor\">Ana M\u00f3nica Rodr\u00edguez<\/div>\n<div class=\"credito-titulo\"><\/div>\n<div class=\"hemero\">La Jornada<\/p>\n<\/div>\n<p class=\"s-s\">Silvia Pinal fue ovacionada en la sala principal del Palacio de Bellas Artes, donde brill\u00f3 como la estrella, la gran diva del cine, teatro y televisi\u00f3n de M\u00e9xico, leyenda viva del s\u00e9ptimo arte, afirm\u00f3 Sylvia Pasquel, de su madre.<\/p>\n<p><q>Me siento emocionada en este momento, llena de ilusiones; no s\u00e9, la gente me quiere&#8230; el teatro, que amo<\/q>, expres\u00f3 Pinal, quien recibi\u00f3 halagos de su familia y aplausos de pie de los asistentes.<\/p>\n<p>La actriz recibi\u00f3 un reconocimiento por su trayectoria art\u00edstica como egresada distinguida de la Escuela de Arte Teatral, de manos de Lucina Jim\u00e9nez y Alejandro Pelayo, titulares del Instituto Nacional de Bellas Artes y Literatura (Inbal) y de la Cineteca Nacional, de manera respectiva.<\/p>\n<p>En representaci\u00f3n de Alejandra Frausto, titular de la Secretar\u00eda de Cultura del Gobierno de M\u00e9xico, Jim\u00e9nez record\u00f3 algunas palabras de la actriz:\u00a0<q>Alguna vez me dijo el maestro (Luis) Bu\u00f1uel a usted la adora el pueblo; usted tiene esa bendici\u00f3n. El pueblo tiene en Silvia Pinal a uno de sus mayores \u00eddolos del escenario y la pantalla. Usted, do\u00f1a Silvia es parte del imaginario mexicano para las distintas generaciones, musa inspiradora y una de las protagonistas del siglo XX<\/q>.<\/p>\n<p>Visionaria, prol\u00edfica y generosa, la actriz y productora de 90 a\u00f1os de edad, retribuy\u00f3 los aplausos. Envi\u00f3 besos y abrazos desde su palco, donde estuvo acompa\u00f1ada por sus hijos Sylvia Pasquel, Alejandra y Luis Enrique Guzm\u00e1n, entre otras personas.<\/p>\n<p>En el recinto se escucharon los gritos de\u00a0<q>\u00a1s\u00ed se pudo, s\u00ed se pudo!<\/q>, bravo!\u201d y\u00a0<q>Silvia, Silvia!<\/q>, dirigidos a la actriz, oriunda de Guaymas, Sonora, pionera del teatro musical y figura excepcional de este g\u00e9nero a escala internacional, entre otras de sus facetas.<\/p>\n<p>La ceremonia conducida por Diana Bracho, incluy\u00f3 un recuento de su trayectoria y an\u00e9cdotas, a los cuales se entrelazaron las palabras grabadas y diversas im\u00e1genes de la actriz.<\/p>\n<p>Tambi\u00e9n se proyectaron fragmentos de la emblem\u00e1tica cinta\u00a0<em>Viridiana,<\/em>\u00a0de Luis Bu\u00f1uel, de quien se dice Pinal fue su musa.<\/p>\n<p>Sylvia Pasquel, organizadora del homenaje junto con la Secretar\u00eda de Cultura federal y el Instituto Nacional de Bellas Artes y Literatura expres\u00f3:\u00a0<q>Buenas noches a todos; me siento emocionada de lo que esta noche representa para todos los mexicanos. Una noche de remembranza y de reconocimiento a la gran diva de nuestro cine, teatro y televisi\u00f3n, mi madre, Silvia Pinal<\/q>.<\/p>\n<\/div>\n<div class=\"col col2\">\n<p class=\"sumario\">Destacado trabajo internacional<\/p>\n<p class=\"s-s\">En otros de los momentos del acto, la guionista y productora Busi Cort\u00e9s, acompa\u00f1ada de los cr\u00edticos de cine Leonardo Garc\u00eda Tsao y Jos\u00e9 Antonio Vald\u00e9s Pe\u00f1a, conversaron en torno al destacado trabajo actoral que la homenajeada protagoniz\u00f3 a nivel internacional, en algunas de sus m\u00e1s de 80 cintas.<\/p>\n<p>La noche de ayer el recinto se visti\u00f3 de gala, pues brillaron personalidades del mundo del espect\u00e1culo, adem\u00e1s de diversos artistas, m\u00fasicos y seguidores de la emblem\u00e1tica actriz y productora que cumplir\u00e1 el 12 de septiembre 91 a\u00f1os de edad.<\/p>\n<p>Llegaron amigos y colegas, como Norma Lazareno, Ignacio L\u00f3pez Tarso, Luz Mar\u00eda Aguilar, Eric del Castillo, Sergio Corona, que agradecieron a Silvia Pinal\u00a0<q>su profesionalismo, disciplina, gran capacidad de trabajo y legado cultural<\/q>\u00a0que remarcaron su importancia en el \u00e1mbito art\u00edstico y en el imaginario colectivo del pa\u00eds.<\/p>\n<p>Como se hab\u00eda anunciado se presentaron fragmentos de los musicales\u00a0<em>\u00a1Qu\u00e9 tal Dolly!, Gypsy, Anny es un tiro<\/em>\u00a0y\u00a0<em>Mame,<\/em>\u00a0los cuatro musicales m\u00e1s emblem\u00e1ticos en la vida art\u00edstica y emprendedora de Pinal. Participaron las actrices y cantantes Bianca Marroqu\u00edn, Fela Dom\u00ednguez y Stephanie Salas (nieta de la actriz), as\u00ed como el actor y director teatral Alan Estrada.<\/p>\n<p>A la explanada del Palacio de Bellas Artes, desde antes de las cinco de la tarde comenzaron a llegar m\u00faltiples representantes de los medios de comunicaci\u00f3n, as\u00ed como p\u00fablico que, formado, esperaba tener acceso al tributo a Pinal.<\/p>\n<p>El homenaje se transmiti\u00f3 por la se\u00f1al de Canal 22 y las redes sociales del Inbal.<\/p>\n<p>En la explanada fue colocada una carpa y una pantalla para quienes no tuvieron acceso al recinto.<\/p>\n<\/div>\n<\/div>\n<div class=\"go gui\">\n<div class=\"go-up\"><\/div>\n<\/div>\n<\/div>\n<div id=\"taboola-below-content-thumbnails\" class=\" trc_related_container trc_spotlight_widget tbl-feed-container tbl-feed-frame-DIVIDER  render-late-effect\" data-feed-container-num=\"1\" data-feed-main-container-id=\"taboola-below-content-thumbnails\" data-parent-placement-name=\"Below Content Thumbnails\" data-pub-lang=\"es\">\n<div class=\" tbl-feed-header tbl-logo-right-position\">\n<div class=\"tbl-feed-header-logo\"><\/div>\n<\/div>\n<\/div>\n","protected":false},"excerpt":{"rendered":"<p>Silvia Pinal brill\u00f3 en Bellas Artes como la gran diva del cine, teatro y tv de M\u00e9xico La actriz y productora recibi\u00f3 un homenaje en el recinto, donde estuvo acompa\u00f1ada de sus hijos y compa\u00f1eros del ambiente art\u00edstico En el tributo a la protagonista de Viridiana\u00a0se hizo un recuento de su trayectoria, an\u00e9cdotas y se [&hellip;]<\/p>\n","protected":false},"author":249,"featured_media":29110,"comment_status":"open","ping_status":"closed","sticky":false,"template":"","format":"standard","meta":{"footnotes":""},"categories":[26],"tags":[],"class_list":["post-29152","post","type-post","status-publish","format-standard","has-post-thumbnail","hentry","category-mundo"],"_links":{"self":[{"href":"https:\/\/eloficiodehistoriar.com.mx\/index.php?rest_route=\/wp\/v2\/posts\/29152","targetHints":{"allow":["GET"]}}],"collection":[{"href":"https:\/\/eloficiodehistoriar.com.mx\/index.php?rest_route=\/wp\/v2\/posts"}],"about":[{"href":"https:\/\/eloficiodehistoriar.com.mx\/index.php?rest_route=\/wp\/v2\/types\/post"}],"author":[{"embeddable":true,"href":"https:\/\/eloficiodehistoriar.com.mx\/index.php?rest_route=\/wp\/v2\/users\/249"}],"replies":[{"embeddable":true,"href":"https:\/\/eloficiodehistoriar.com.mx\/index.php?rest_route=%2Fwp%2Fv2%2Fcomments&post=29152"}],"version-history":[{"count":1,"href":"https:\/\/eloficiodehistoriar.com.mx\/index.php?rest_route=\/wp\/v2\/posts\/29152\/revisions"}],"predecessor-version":[{"id":29155,"href":"https:\/\/eloficiodehistoriar.com.mx\/index.php?rest_route=\/wp\/v2\/posts\/29152\/revisions\/29155"}],"wp:featuredmedia":[{"embeddable":true,"href":"https:\/\/eloficiodehistoriar.com.mx\/index.php?rest_route=\/wp\/v2\/media\/29110"}],"wp:attachment":[{"href":"https:\/\/eloficiodehistoriar.com.mx\/index.php?rest_route=%2Fwp%2Fv2%2Fmedia&parent=29152"}],"wp:term":[{"taxonomy":"category","embeddable":true,"href":"https:\/\/eloficiodehistoriar.com.mx\/index.php?rest_route=%2Fwp%2Fv2%2Fcategories&post=29152"},{"taxonomy":"post_tag","embeddable":true,"href":"https:\/\/eloficiodehistoriar.com.mx\/index.php?rest_route=%2Fwp%2Fv2%2Ftags&post=29152"}],"curies":[{"name":"wp","href":"https:\/\/api.w.org\/{rel}","templated":true}]}}