{"id":29156,"date":"2022-08-30T15:40:17","date_gmt":"2022-08-30T21:40:17","guid":{"rendered":"https:\/\/eloficiodehistoriar.com.mx\/?p=29156"},"modified":"2022-08-30T15:40:17","modified_gmt":"2022-08-30T21:40:17","slug":"muestra-de-cine-cientifico-estara-dedicada-a-la-labor-de-las-investigadoras","status":"publish","type":"post","link":"https:\/\/eloficiodehistoriar.com.mx\/?p=29156","title":{"rendered":"Muestra de cine cient\u00edfico estar\u00e1 dedicada a la labor de las investigadoras"},"content":{"rendered":"<div class=\"cabeza\">Muestra de cine cient\u00edfico estar\u00e1 dedicada a la labor de las investigadoras<\/div>\n<div class=\"sumarios\"><\/div>\n<div id=\"article-text\" class=\"text tbl-forkorts-article\">\n<div class=\"foto\">\n<div class=\"pie-foto\"><em>El colisionador de ideas.<\/em><\/div>\n<div><\/div>\n<\/div>\n<div class=\"col\">\n<div class=\"credito-autor\">Juan Ibarra<\/div>\n<div class=\"credito-titulo\"><\/div>\n<div class=\"hemero\">La Jornada<\/p>\n<\/div>\n<p class=\"s-s\">La Muestra Nacional de Im\u00e1genes Cient\u00edficas (Munic) llega este a\u00f1o a siete ediciones haciendo esfuerzos por fomentar, a trav\u00e9s de medios audiovisuales, la difusi\u00f3n, creaci\u00f3n y reconocimiento del quehacer generado por investigadores.<\/p>\n<p>Por segundo a\u00f1o, tendr\u00e1 una categor\u00eda dedicada espec\u00edficamente a la labor de las mujeres en el campo cient\u00edfico.\u00a0<q>Para la muestra es de suma importancia este apartado, ya que se dar\u00e1 visibilidad a las cient\u00edficas, con el fin de rescatar su papel y su valor<\/q>, se\u00f1al\u00f3 la directora general de la muestra, Roxana Eisenmann.<\/p>\n<p>La divisi\u00f3n se ha denominado #PorLasMujeresEnLaCiencia y ha recibido trabajos de ciencia, tecnolog\u00eda, innovaci\u00f3n y cultural ambiental.<\/p>\n<p>El encuentro tambi\u00e9n dedicar\u00e1 un homenaje a Sara Cecilia D\u00edaz Castro, divulgadora cient\u00edfica, especialista en el cambio clim\u00e1tico y dendrocronolog\u00eda, que actualmente dirige el Consejo Sudcaliforniano de Ciencia y Tecnolog\u00eda (Coscyt).<\/p>\n<p>La especialista adelant\u00f3 que el reconocimiento representa un honor para su persona y su labor.\u00a0<q>La primera vez que o\u00ed de Munic estaba en casa, alist\u00e1ndome para trabajar, cuando veo una entrevista de Roxana y sobre la muestra<\/q>, cont\u00f3. Esto despert\u00f3 el inter\u00e9s de la investigadora, quien entr\u00f3 en contacto con el proyecto encabezado por Eisenmann para llevarlo a su estado.<\/p>\n<p><q>Ella nos ha hecho favor de enviarnos parte de esta producci\u00f3n, y la pudimos compartir, llevarla a comunidades rurales de Baja California Sur porque se presenta de una manera muy \u00e1gil, din\u00e1mica e interesante y llega a comunidades que muchas veces no tienen acceso a esta informaci\u00f3n<\/q>, resalt\u00f3 D\u00edaz Castro.<\/p>\n<p><q>Consideramos que es un tema de vital importancia. Uno, porque las cient\u00edficas representan 30 por ciento del gremio en nuestro pa\u00eds; queremos que haya m\u00e1s mujeres en la ciencia, y creo que el cine y el audiovisual cient\u00edficos pueden colaborar en este sentido, dando a conocer las actividades que hacen, los trabajos que han realizado, todas sus investigaciones, y es una buena plataforma para este tipo de material<\/q>, detall\u00f3 la directora de la Munic.<\/p>\n<p class=\"sumario\">Actividades variadas<\/p>\n<p class=\"s-s\">Asimismo, la s\u00e9ptima edici\u00f3n de la muestra premiar\u00e1 a Roc\u00edo Oliva Ledesma Saucedo por su cortometraje\u00a0<em>#PorM\u00e1sNi\u00f1asEnLaCiencia, Danna Ximena S\u00e1nchez,<\/em>\u00a0dentro de la categor\u00eda Mujeres en la ciencia. El reconocimiento estar\u00e1 dedicado a la memoria de Marco Julio Linares Quintero, quien llev\u00f3 a cabo la primera serie de televisi\u00f3n llamada\u00a0<em>Mujeres en la ciencia.<\/em><\/p>\n<p>La s\u00e9ptima edici\u00f3n de esta actividad f\u00edlmica especializada est\u00e1 apoyada por el Fomento al Cine Mexicano (Focine), el Fideicomiso para la Promoci\u00f3n y Desarrollo del Cine Mexicano en la Ciudad de M\u00e9xico (Procine), el Coscyt, as\u00ed como la Filmoteca de la UNAM y Tv UNAM, entre varios m\u00e1s.<\/p>\n<p>Para el director de Procine, Cristian Cal\u00f3nico, tanto el fideicomiso que \u00e9l encabeza como la Munic comparten objetivos como la instrucci\u00f3n audiovisual. \u201cEl cine cient\u00edfico \u2013el g\u00e9nero que trabaja Munic\u2013 entra de manera natural en la alfabetizaci\u00f3n audiovisual como medio tanto para conocer el lenguaje cinematogr\u00e1fico, la narrativa, como apoyo a diferentes materias que se dan desde la educaci\u00f3n b\u00e1sica hasta la media superior\u201d, se\u00f1al\u00f3.<\/p>\n<p>Adem\u00e1s de la exhibici\u00f3n f\u00edlmica, se contar\u00e1 con talleres, clases magisteriales, mesas y una obra de teatro.<\/p>\n<p>La sede principal de la Munic ser\u00e1n las salas del Centro Cultural Universitario, de la UNAM.<\/p>\n<p>Las actividades se podr\u00e1n ver a trav\u00e9s de la p\u00e1gina\u00a0<a href=\"https:\/\/www.munic.org\/\" target=\"_blank\" rel=\"noopener\">www.munic.org<\/a>\u00a0y por el Facebook Live de Munic.<\/p>\n<p>La selecci\u00f3n oficial de este a\u00f1o cuenta con un total de 56 producciones que estar\u00e1n disponibles a partir del 1\u00ba de septiembre, comenzando de manera presencial en la ciudad de Orizaba, Veracruz, y m\u00e1s tarde en diversas sedes de la Ciudad de M\u00e9xico.<\/p>\n<\/div>\n<\/div>\n","protected":false},"excerpt":{"rendered":"<p>Muestra de cine cient\u00edfico estar\u00e1 dedicada a la labor de las investigadoras El colisionador de ideas. Juan Ibarra La Jornada La Muestra Nacional de Im\u00e1genes Cient\u00edficas (Munic) llega este a\u00f1o a siete ediciones haciendo esfuerzos por fomentar, a trav\u00e9s de medios audiovisuales, la difusi\u00f3n, creaci\u00f3n y reconocimiento del quehacer generado por investigadores. Por segundo a\u00f1o, [&hellip;]<\/p>\n","protected":false},"author":249,"featured_media":28951,"comment_status":"open","ping_status":"closed","sticky":false,"template":"","format":"standard","meta":{"footnotes":""},"categories":[26],"tags":[],"class_list":["post-29156","post","type-post","status-publish","format-standard","has-post-thumbnail","hentry","category-mundo"],"_links":{"self":[{"href":"https:\/\/eloficiodehistoriar.com.mx\/index.php?rest_route=\/wp\/v2\/posts\/29156","targetHints":{"allow":["GET"]}}],"collection":[{"href":"https:\/\/eloficiodehistoriar.com.mx\/index.php?rest_route=\/wp\/v2\/posts"}],"about":[{"href":"https:\/\/eloficiodehistoriar.com.mx\/index.php?rest_route=\/wp\/v2\/types\/post"}],"author":[{"embeddable":true,"href":"https:\/\/eloficiodehistoriar.com.mx\/index.php?rest_route=\/wp\/v2\/users\/249"}],"replies":[{"embeddable":true,"href":"https:\/\/eloficiodehistoriar.com.mx\/index.php?rest_route=%2Fwp%2Fv2%2Fcomments&post=29156"}],"version-history":[{"count":1,"href":"https:\/\/eloficiodehistoriar.com.mx\/index.php?rest_route=\/wp\/v2\/posts\/29156\/revisions"}],"predecessor-version":[{"id":29158,"href":"https:\/\/eloficiodehistoriar.com.mx\/index.php?rest_route=\/wp\/v2\/posts\/29156\/revisions\/29158"}],"wp:featuredmedia":[{"embeddable":true,"href":"https:\/\/eloficiodehistoriar.com.mx\/index.php?rest_route=\/wp\/v2\/media\/28951"}],"wp:attachment":[{"href":"https:\/\/eloficiodehistoriar.com.mx\/index.php?rest_route=%2Fwp%2Fv2%2Fmedia&parent=29156"}],"wp:term":[{"taxonomy":"category","embeddable":true,"href":"https:\/\/eloficiodehistoriar.com.mx\/index.php?rest_route=%2Fwp%2Fv2%2Fcategories&post=29156"},{"taxonomy":"post_tag","embeddable":true,"href":"https:\/\/eloficiodehistoriar.com.mx\/index.php?rest_route=%2Fwp%2Fv2%2Ftags&post=29156"}],"curies":[{"name":"wp","href":"https:\/\/api.w.org\/{rel}","templated":true}]}}