{"id":29162,"date":"2022-08-30T15:54:51","date_gmt":"2022-08-30T21:54:51","guid":{"rendered":"https:\/\/eloficiodehistoriar.com.mx\/?p=29162"},"modified":"2022-08-30T15:54:51","modified_gmt":"2022-08-30T21:54:51","slug":"gabriela-ortiz-gustavo-dudamel-entienden-como-manejo-el-ritmo-los-colores-orquestales","status":"publish","type":"post","link":"https:\/\/eloficiodehistoriar.com.mx\/?p=29162","title":{"rendered":"Gabriela Ortiz: Gustavo Dudamel entienden c\u00f3mo manejo el ritmo, los colores orquestales"},"content":{"rendered":"<div id=\"article-cont\" class=\"main-cont article-cont actuality\">\n<div class=\"cabeza\">Gabriela Ortiz se suma al linaje de m\u00fasicos que forman parte de El Colegio Nacional<\/div>\n<div class=\"sumarios\">\n<p>Hoy ser\u00e1 la ceremonia de ingreso de la pianista \/\/ Recibe la distinci\u00f3n con agradecimiento a los int\u00e9rpretes,\u00a0<q>son nuestros aliados<\/q>, y a los directores,\u00a0<q>que programan nuestras obras<\/q>\u2019, comparte en entrevista con\u00a0<em>La Jornada<\/em><\/p>\n<\/div>\n<div id=\"article-text\" class=\"text\">\n<div class=\"col col1\">\n<div class=\"credito-autor\">Alondra Flores Soto<\/div>\n<div class=\"credito-titulo\"><\/div>\n<div class=\"hemero\">Peri\u00f3dico La Jornada<br \/>\nMartes 30 de agosto de 2022, p. 3<\/div>\n<p class=\"s-s\">La compositora y pianista Gabriela Ortiz ingresa este martes a El Colegio Nacional en una continuaci\u00f3n del linaje antecedido por su maestro Mario Lavista, a quien considera una figura paterna, y en agradecimiento a los int\u00e9rpretes, quienes\u00a0<q>son nuestros aliados, porque dan a conocer nuestro trabajo<\/q>, al igual que a los directores que tienen la posibilidad de programar las obras, como ha ocurrido en su fruct\u00edfera relaci\u00f3n con Gustavo Dudamel.<\/p>\n<p><q>Para m\u00ed ha sido dif\u00edcil, pero podr\u00eda decir que ha sido m\u00e1s por ser latinoamericana que por mujer<\/q>, reflexiona Ortiz, quien se incorpora al prestigioso grupo de 40 intelectuales que, con el lema de\u00a0<q>Libertad por el saber<\/q>, impulsan la ciencia, el arte y el humanismo. En entrevista, manifiesta su alegr\u00eda de formar parte de una instituci\u00f3n generosa, donde compartir\u00e1 la responsabilidad de divulgar el conocimiento, en este caso en el campo de m\u00fasica.<\/p>\n<p><q>Est\u00e1 cambiando el tema de la diversidad y la inclusi\u00f3n; en cualquier instituci\u00f3n cultural son fundamentales. Si no lo tienes en mente, est\u00e1s fuera de lo que est\u00e1 sucediendo. Es ahora m\u00e1s que en otro momento que veo voluntad; observo en las orquestas en Estados Unidos el af\u00e1n por equilibrar y programar mucho m\u00e1s a compositoras y directoras, tambi\u00e9n de latinoamericanos y afroamericanos. Esta diversidad es muy saludable; es reflejo de lo que estamos viviendo.<\/q><\/p>\n<p class=\"sumario\"><q>Lavista es mi padre musical<\/q><\/p>\n<p class=\"s-s\">Su extensa trayectoria de compositora y acad\u00e9mica es reconocida con la distinci\u00f3n. Considera que\u00a0<q>insertar mi m\u00fasica en Europa ha sido m\u00e1s dif\u00edcil de lo que hubiera esperado. Ah\u00ed siempre se han dictado los c\u00e1nones de lo que debe ser la m\u00fasica contempor\u00e1nea, y definir eso hoy, en el siglo XXI, es muy complejo, porque hay tantas voces, est\u00e9ticas y cosas que est\u00e1n sucediendo, que es dif\u00edcil encasillar. Se debe voltear a otras latitudes. En esto, entran la mujer y Latinoam\u00e9rica<\/q>.<\/p>\n<p>En la ceremonia de ingreso, este martes, se recordar\u00e1 al compositor Mario Lavista, fallecido en noviembre de 2021, quien fue fundamental en su formaci\u00f3n:\u00a0<q>Es mi padre musical<\/q>. Su agradecimiento se dirige sobre todo a su labor pedag\u00f3gica.\u00a0<q>Por supuesto est\u00e1 la obra, que es indiscutible, una aportaci\u00f3n important\u00edsima de nuestro pa\u00eds<\/q>.<\/p>\n<p>Gabriela Ortiz es la cuarta en representar la disciplina musical despu\u00e9s de Carlos Ch\u00e1vez, Eduardo Mata y Mario Lavista, y la primera compositora en pertenecer al organismo colegiado fundado en 1943.<\/p>\n<p>Se\u00f1ala que se incorpora en la l\u00ednea, pues Ch\u00e1vez es uno de los fundadores de El Colegio Nacional y fue maestro de Lavista y Mata, que son los otros dos m\u00fasicos que pertenecieron.\u00a0<q>Es como continuar un linaje. Espero que sigan las nuevas generaciones; tengo alumnos con mucho talento que est\u00e1n haciendo carrera internacional. Estoy segura de que son parte de esta continuidad que toda tradici\u00f3n s\u00f3lida necesita<\/q>.<\/p>\n<p class=\"sumario\">Colaboraciones esenciales<\/p>\n<p class=\"s-s\">En la pr\u00f3xima temporada de la Orquesta Filarm\u00f3nica de Los \u00c1ngeles (LA Phil), que se iniciar\u00e1 en septiembre, se incluy\u00f3 el concierto para viol\u00edn\u00a0<em>Altar de cuerda,<\/em>\u00a0dirigido por el venezolano Gustavo Dudamel, quien\u00a0<q>revisita su pasi\u00f3n con la Primera sinfon\u00eda de Mahler, y repite el electrizante nuevo concierto de Gabriela Ortiz<\/q>, se\u00f1ala el anuncio del concierto programado para el 6 octubre, donde se har\u00e1 el estreno mundial de la obra comisionada que se suma a la colaboraci\u00f3n que la orquesta californiana mantiene con la creadora mexicana.<\/p>\n<\/div>\n<div class=\"col col2\">\n<div class=\"foto\">\n<div class=\"pie-foto\">Gabriela Ortiz sostuvo en entrevista que ninguna agrupaci\u00f3n en M\u00e9xico le ha encargado tantas obras como la Filarm\u00f3nica de Los \u00c1ngeles, que dirige el venezolano Gustavo Dudamel. <q>\u00c9l entiende c\u00f3mo manejo el ritmo, los colores orquestales; tiene una intuici\u00f3n fuera de serie<\/q>, refiri\u00f3.<\/div>\n<\/div>\n<p>Al respecto, expone: \u201cHe trabajado mucho con dos directores en a\u00f1os recientes que han sido fundamentales: Carlos Miguel Prieto, aqu\u00ed, en M\u00e9xico, y Dudamel, en Estados Unidos. Ellos dos conocen mi m\u00fasica, me han apoyado mucho. Cuando trabajas varias veces con un m\u00fasico, ya conocen tu lenguaje; entonces, las interpretaciones ya son desde otra perspectiva.<\/p>\n<p><q>Gustavo entiende perfectamente c\u00f3mo manejo el ritmo, los colores orquestales; tiene una intuici\u00f3n fuera de serie y gran inter\u00e9s por la difusi\u00f3n de la m\u00fasica latinoamericana. Ah\u00ed coincidimos mucho. Por eso pudimos hacer la Iniciativa Panamericana, cuya idea es dar difusi\u00f3n a las nuevas generaciones de compositores con LA Phil.<\/q><\/p>\n<p>Ninguna orquesta en M\u00e9xico le ha encargado tantas obras como la LA Phil, pues ya son siete, celebra. Por otro lado, destaca la admiraci\u00f3n que siente por la agrupaci\u00f3n angelina desde que era encabezada por Essa-Peka Salonen,\u00a0<q>porque ha apostado a la m\u00fasica de nuestro tiempo y, por otro lado, entiende que tiene una labor hacia su comunidad, que es totalmente multicultural. Ve hacia el futuro y su entorno. No es una orquesta de museo que toca \u00fanicamente repertorio europeo<\/q>.<\/p>\n<p>Ortiz (Ciudad de M\u00e9xico, 1964) fue elegida integrante de El Colegio Nacional el pasado 4 de abril, cuando se destac\u00f3\u00a0<q>la originalidad y calidad de sus obra, su trabajo acad\u00e9mico y excepcional trayectoria art\u00edstica, reconocida nacional e internacionalmente, y por ser pionera en la incorporaci\u00f3n de nuevas tecnolog\u00edas en obras musicales de distintos formatos<\/q>.<\/p>\n<p>Entre sus propuestas como colegiada, por supuesto, organizar\u00e1 conciertos, que para quienes escriben y producen m\u00fasica es la manera de mostrar su trabajo. Pero tambi\u00e9n propondr\u00e1 otras actividades de retroalimentaci\u00f3n gracias a la interdisciplina que caracteriza a El Colegio Nacional, en conjunci\u00f3n con la ciencia, la historia, la literatura y las artes pl\u00e1sticas, as\u00ed como el teatro y la danza.<\/p>\n<p>En la ceremonia de ingreso hoy a las 18 horas en el aula mayor (Donceles 104, Centro Hist\u00f3rico), su lecci\u00f3n inaugural ser\u00e1 respondida por el escritor Juan Villoro, presidente en turno del \u00f3rgano colegiado.<\/p>\n<p>Despu\u00e9s de la entrega del diploma y un fistol, se ofrecer\u00e1 el concierto\u00a0<em>Altares\u00a0<\/em>con cuatro de sus composiciones:<em>\u00a0Tres haikus, Patios serenos, Preludio y Estudio 3\u00a0<\/em>y\u00a0<em>Exilios.<\/em><\/p>\n<p><q>Siempre he dicho que la m\u00fasica es dif\u00edcil de expresar en t\u00e9rminos racionales. La m\u00fasica suena; explicarla con palabras nunca ser\u00e1 lo mismo que escucharla y experimentarla. Ah\u00ed todo cobra sentido.<\/q><\/p>\n<\/div>\n<\/div>\n<div class=\"go gui\">\n<div class=\"go-up\"><\/div>\n<\/div>\n<\/div>\n","protected":false},"excerpt":{"rendered":"<p>Gabriela Ortiz se suma al linaje de m\u00fasicos que forman parte de El Colegio Nacional Hoy ser\u00e1 la ceremonia de ingreso de la pianista \/\/ Recibe la distinci\u00f3n con agradecimiento a los int\u00e9rpretes,\u00a0son nuestros aliados, y a los directores,\u00a0que programan nuestras obras\u2019, comparte en entrevista con\u00a0La Jornada Alondra Flores Soto Peri\u00f3dico La Jornada Martes 30 [&hellip;]<\/p>\n","protected":false},"author":249,"featured_media":29163,"comment_status":"open","ping_status":"closed","sticky":false,"template":"","format":"standard","meta":{"footnotes":""},"categories":[26],"tags":[],"class_list":["post-29162","post","type-post","status-publish","format-standard","has-post-thumbnail","hentry","category-mundo"],"_links":{"self":[{"href":"https:\/\/eloficiodehistoriar.com.mx\/index.php?rest_route=\/wp\/v2\/posts\/29162","targetHints":{"allow":["GET"]}}],"collection":[{"href":"https:\/\/eloficiodehistoriar.com.mx\/index.php?rest_route=\/wp\/v2\/posts"}],"about":[{"href":"https:\/\/eloficiodehistoriar.com.mx\/index.php?rest_route=\/wp\/v2\/types\/post"}],"author":[{"embeddable":true,"href":"https:\/\/eloficiodehistoriar.com.mx\/index.php?rest_route=\/wp\/v2\/users\/249"}],"replies":[{"embeddable":true,"href":"https:\/\/eloficiodehistoriar.com.mx\/index.php?rest_route=%2Fwp%2Fv2%2Fcomments&post=29162"}],"version-history":[{"count":1,"href":"https:\/\/eloficiodehistoriar.com.mx\/index.php?rest_route=\/wp\/v2\/posts\/29162\/revisions"}],"predecessor-version":[{"id":29164,"href":"https:\/\/eloficiodehistoriar.com.mx\/index.php?rest_route=\/wp\/v2\/posts\/29162\/revisions\/29164"}],"wp:featuredmedia":[{"embeddable":true,"href":"https:\/\/eloficiodehistoriar.com.mx\/index.php?rest_route=\/wp\/v2\/media\/29163"}],"wp:attachment":[{"href":"https:\/\/eloficiodehistoriar.com.mx\/index.php?rest_route=%2Fwp%2Fv2%2Fmedia&parent=29162"}],"wp:term":[{"taxonomy":"category","embeddable":true,"href":"https:\/\/eloficiodehistoriar.com.mx\/index.php?rest_route=%2Fwp%2Fv2%2Fcategories&post=29162"},{"taxonomy":"post_tag","embeddable":true,"href":"https:\/\/eloficiodehistoriar.com.mx\/index.php?rest_route=%2Fwp%2Fv2%2Ftags&post=29162"}],"curies":[{"name":"wp","href":"https:\/\/api.w.org\/{rel}","templated":true}]}}